{"id":1713,"date":"2019-03-03T13:31:00","date_gmt":"2019-03-03T12:31:00","guid":{"rendered":"https:\/\/www.wimex-group.com\/?p=1713"},"modified":"2021-01-22T12:39:12","modified_gmt":"2021-01-22T11:39:12","slug":"pressemitteilung-mehr-platz-fuer-moehren","status":"publish","type":"post","link":"https:\/\/wimex-group.com\/en\/pressemitteilung-mehr-platz-fuer-moehren\/","title":{"rendered":"Mehr Platz f\u00fcr M\u00f6hren"},"content":{"rendered":"<p>[et_pb_section fb_built=&#8221;1&#8243; _builder_version=&#8221;4.8.1&#8243; background_image=&#8221;https:\/\/wimex-group.com\/wp-content\/uploads\/2020\/12\/WMX_News_Intro.jpg&#8221; min_height=&#8221;350px&#8221; min_height_tablet=&#8221;&#8221; min_height_phone=&#8221;250px&#8221; min_height_last_edited=&#8221;on|phone&#8221; max_height=&#8221;350px&#8221;][\/et_pb_section][et_pb_section fb_built=&#8221;1&#8243; _builder_version=&#8221;3.22&#8243;][et_pb_row _builder_version=&#8221;4.7.4&#8243; background_size=&#8221;initial&#8221; background_position=&#8221;top_left&#8221; background_repeat=&#8221;repeat&#8221;][et_pb_column type=&#8221;4_4&#8243; _builder_version=&#8221;3.25&#8243; custom_padding=&#8221;|||&#8221; custom_padding__hover=&#8221;|||&#8221;][et_pb_text _builder_version=&#8221;4.8.1&#8243; _dynamic_attributes=&#8221;content&#8221; text_font_size=&#8221;4em&#8221; text_line_height=&#8221;1.4em&#8221; text_orientation=&#8221;center&#8221; custom_margin=&#8221;|15%||15%|false|true&#8221; custom_margin_tablet=&#8221;|5%||5%|false|true&#8221; custom_margin_phone=&#8221;|0%||0%|false|true&#8221; custom_margin_last_edited=&#8221;on|phone&#8221; text_font_size_tablet=&#8221;3.6em&#8221; text_font_size_phone=&#8221;2.9em&#8221; text_font_size_last_edited=&#8221;on|tablet&#8221;]@ET-DC@eyJkeW5hbWljIjp0cnVlLCJjb250ZW50IjoicG9zdF90aXRsZSIsInNldHRpbmdzIjp7ImJlZm9yZSI6IiIsImFmdGVyIjoiIn19@[\/et_pb_text][et_pb_text content_last_edited=&#8221;off|desktop&#8221; _builder_version=&#8221;4.8.1&#8243; _dynamic_attributes=&#8221;content&#8221; text_font=&#8221;Arial||||||||&#8221; text_text_color=&#8221;#0781CE&#8221; text_font_size=&#8221;1.5em&#8221; text_line_height=&#8221;1.4em&#8221; text_orientation=&#8221;center&#8221; hover_enabled=&#8221;0&#8243; text_font_size_tablet=&#8221;1em&#8221; text_font_size_phone=&#8221;1.25em&#8221; text_font_size_last_edited=&#8221;on|tablet&#8221; content__hover_enabled=&#8221;off|desktop&#8221; sticky_enabled=&#8221;0&#8243;]@ET-DC@eyJkeW5hbWljIjp0cnVlLCJjb250ZW50IjoicG9zdF9kYXRlIiwic2V0dGluZ3MiOnsiYmVmb3JlIjoiIiwiYWZ0ZXIiOiIiLCJkYXRlX2Zvcm1hdCI6ImN1c3RvbSIsImN1c3RvbV9kYXRlX2Zvcm1hdCI6IiJ9fQ==@[\/et_pb_text][\/et_pb_column][\/et_pb_row][et_pb_row _builder_version=&#8221;3.25&#8243; background_size=&#8221;initial&#8221; background_position=&#8221;top_left&#8221; background_repeat=&#8221;repeat&#8221;][et_pb_column type=&#8221;4_4&#8243; _builder_version=&#8221;3.25&#8243; custom_padding=&#8221;|||&#8221; custom_padding__hover=&#8221;|||&#8221;][et_pb_text _builder_version=&#8221;4.8.1&#8243; text_font_size=&#8221;1.5em&#8221; custom_margin=&#8221;|15%||15%|false|true&#8221; custom_margin_tablet=&#8221;|5%||5%|false|true&#8221; custom_margin_phone=&#8221;|2%||2%|false|true&#8221; custom_margin_last_edited=&#8221;on|phone&#8221; text_font_size_tablet=&#8221;&#8221; text_font_size_phone=&#8221;1.3em&#8221; text_font_size_last_edited=&#8221;on|desktop&#8221;]<\/p>\n<p style=\"text-align: left;\">Regionales Gem\u00fcse ist gefragter als Obst aus heimischem Anbau: Das hat der Agrar-Dienst Nauendorf GmbH (ADN) mit Sitz in Wettin-L\u00f6bej\u00fcn festgestellt. Deshalb widmet das Tochterunternehmen der Wimex Gruppe Agrar-Fl\u00e4chen bei Nauendorf um. Wo bisher Apfelplantagen das Bild pr\u00e4gten, wird das Unternehmen k\u00fcnftig auf 38,5 Hektar Gem\u00fcse und andere landwirtschaftliche Produkte anbauen, unter anderem M\u00f6hren. Die Anwohner haben jedoch weiterhin die M\u00f6glichkeit, \u00c4pfel und Erdbeeren selbst zu ernten: Daf\u00fcr bleiben die B\u00e4ume auf 4,5 Hektar Fl\u00e4che stehen, Erdbeeren f\u00fcr Selbstpfl\u00fccker wachsen auf 0,8 Hektar. Die ADN macht diesen Schritt jetzt, weil die Apfelb\u00e4ume der Plantagen dort mehrheitlich in den n\u00e4chsten Jahren sowieso durch eine junge Kultur ersetzt werden m\u00fcssten. Das Lebensalter eines Plantagen-Apfelbaums liegt bei 15 bis 20 Jahren. Nach dieser Zeit nimmt der Ertrag so stark ab, dass der Anbau nicht mehr wirtschaftlich ist.<\/p>\n<p><strong>Der Verbraucher entscheidet <\/strong><\/p>\n<p>Das Unternehmen reagiert mit der Umnutzung der Fl\u00e4chen auf das Interesse der Verbraucher im Umland: Die Nachfrage nach regionalem Gem\u00fcse steigt nach ADN-Angaben stetig, w\u00e4hrend die nach \u00c4pfeln schon seit Jahren abnimmt. Sehr wenig Resonanz haben auch die Hofl\u00e4den der Wimex-Tochter Fruchthof Wulfen, in denen unter anderem die \u00c4pfel aus den Plantagen der Region angeboten wurden. Die drei Hofl\u00e4den, einer davon in Wallwitz, sind nach Unternehmensinformationen schon seit geraumer Zeit nicht mehr rentabel. Die Wimex Gruppe musste sie k\u00fcnstlich am Leben erhalten. Daraus zog sie jetzt die Konsequenzen und hat die L\u00e4den geschlossen; dadurch entfallen Stellen, insgesamt f\u00fcnf, vor allem Teilzeit, im Verkauf. Stattdessen wird das regional angebaute Gem\u00fcse k\u00fcnftig in umliegenden Superm\u00e4rkten angeboten.<\/p>\n<p><strong>Schonender Umgang mit Rohstoffen<\/strong><\/p>\n<p>Bis Ende April sp\u00e4testens werden alle B\u00e4ume entfernt sein, dann bereitet ADN die Fl\u00e4che f\u00fcr den Ackerbau vor und s\u00e4t die ersten Kulturen an. Ein Personalabbau ist daf\u00fcr nicht vorgesehen. Das Holz der m\u00fcde gewordenen Apfelb\u00e4ume wird vor Ort geh\u00e4ckselt; das H\u00e4ckselgut wird in einem regionalen Holzhackschnitzel-Heizwerk zur W\u00e4rmeerzeugung genutzt. Wimex und ihre Unternehmenstochter ADN achten auf einen m\u00f6glichst schonenden Umgang mit Rohstoffen und der Umwelt. Dazu geh\u00f6rt auch eine nachhaltige Nutzung des Holzes.<\/p>\n<p><!-- \/divi:paragraph -->[\/et_pb_text][\/et_pb_column][\/et_pb_row][et_pb_row _builder_version=&#8221;4.7.4&#8243; _module_preset=&#8221;default&#8221;][et_pb_column type=&#8221;4_4&#8243; _builder_version=&#8221;4.7.4&#8243; _module_preset=&#8221;default&#8221;][et_pb_post_nav _builder_version=&#8221;4.7.4&#8243; _module_preset=&#8221;default&#8221;][\/et_pb_post_nav][\/et_pb_column][\/et_pb_row][\/et_pb_section]<\/p>\n","protected":false},"excerpt":{"rendered":"<p>Regionales Gem\u00fcse ist gefragter als Obst aus heimischem Anbau: Das hat der Agrar-Dienst Nauendorf mit Sitz in Wettin-L\u00f6bej\u00fcn festgestellt. Deshalb widmet die Tochter der Wimex Gruppe Agrar-Fl\u00e4chen um. Wo bisher Apfelplantagen das Bild pr\u00e4gten, wird das Unternehmen k\u00fcnftig Gem\u00fcse und andere landwirtschaftliche Produkte anbauen, unter anderem M\u00f6hren.<\/p>\n","protected":false},"author":4,"featured_media":795,"comment_status":"open","ping_status":"open","sticky":false,"template":"","format":"standard","meta":{"_et_pb_use_builder":"on","_et_pb_old_content":"<!-- wp:paragraph -->\n<p>Dank einer Anfrage zweier Hobbysprayer wird das unser altes BALM-Lager in Rosefeld zum Objekt regelm\u00e4\u00dfiger Graffiti-Projekte. Bei dem Graffiti-Duo mit dem K\u00fcnstlernamen DRMLZ handelt es sich um die geb\u00fcrtigen Dessauer Stefan Schneider (42) und Stefan Berndt (36). Die beiden Freunde leben und arbeiten als Senior Designer in Berlin \u2026<\/p>\n<!-- \/wp:paragraph -->\n\n<!-- wp:paragraph -->\n<p>Natate peris vitatem vel idis eseruptum ea acerro mint enihicatist lab ium faccust, cus ex eliquos vid quatqui dolorist iderepu disciaes mod qui dolum quam, que dollest, quam, ut aut aut quidellabor apeliquat.<br>Ictemquam imporep udandissi sum suntem cuptae solliquae peliate cabores erumet il idi temporest, od es voluptis volent omnihiliqui optatent utem nonsequid ut quis reptumque pla doloris vellate mporempostis volest mo ipsam, sim dolore, tetur, simust, sit porae aut quunt quunte non re sim el is alis dentinverias eumque volupta tustis dist, natus dolorite cuptatem exernatur secti asperep udigenimus audit reped quam eiciis quo des qui volectem demperci officia intinvendus aspere idis mo eius de quae pos esequam, ipis doluptatios quuntiis que nis iur, simporrovita cum rese volupta quamus.<br>Iquam arioriost quo quo dolupti odi dolupit re voluptistis volorae sus pro veliquatur a plitat.<\/p>\n<!-- \/wp:paragraph -->\n\n<!-- wp:paragraph -->\n<p>Raturi nectorectis raectum incia con commoluptat offictur?<br>Dae sit officidem nobis aut adit aut maximinctus dissed que core peditatur maximil isinis ante vereptatur, sites que porerum que ma con eos quam renda nienis et lantiusciet vendebit exernatur? Qui nonsequiaes nemos eum id molore lacerch icidem re, consecuptur ma aut pe dolorem poreseq uatemolorat ipidi si bera nis vitionse occatus serum fuga. Namenimust volupta tenime lantur, non nonse quiam rerum hit, sumquam enem cus, sanditiur? Quist autem volor andi dolecto remporum eum am quo moluptat dendam, nemporem rat quidem vendi occulpa nonserum accatio odis il ipiciusam consenem quia et escid que idebit, ut aspidel ibeaquam et.<\/p>\n<!-- \/wp:paragraph -->","_et_gb_content_width":"2880","footnotes":""},"categories":[12,1],"tags":[],"class_list":["post-1713","post","type-post","status-publish","format-standard","has-post-thumbnail","hentry","category-pressemitteilung","category-unkategorisiert"],"yoast_head":"<!-- This site is optimized with the Yoast SEO plugin v27.3 - https:\/\/yoast.com\/product\/yoast-seo-wordpress\/ -->\n<title>Mehr Platz f\u00fcr M\u00f6hren - wimex-group<\/title>\n<meta name=\"robots\" content=\"index, follow, max-snippet:-1, max-image-preview:large, max-video-preview:-1\" \/>\n<link rel=\"canonical\" href=\"https:\/\/wimex-group.com\/en\/pressemitteilung-mehr-platz-fuer-moehren\/\" \/>\n<meta property=\"og:locale\" content=\"en_US\" \/>\n<meta property=\"og:type\" content=\"article\" \/>\n<meta property=\"og:title\" content=\"Mehr Platz f\u00fcr M\u00f6hren - wimex-group\" \/>\n<meta property=\"og:description\" content=\"Regionales Gem\u00fcse ist gefragter als Obst aus heimischem Anbau: Das hat der Agrar-Dienst Nauendorf mit Sitz in Wettin-L\u00f6bej\u00fcn festgestellt. Deshalb widmet die Tochter der Wimex Gruppe Agrar-Fl\u00e4chen um. Wo bisher Apfelplantagen das Bild pr\u00e4gten, wird das Unternehmen k\u00fcnftig Gem\u00fcse und andere landwirtschaftliche Produkte anbauen, unter anderem M\u00f6hren.\" \/>\n<meta property=\"og:url\" content=\"https:\/\/wimex-group.com\/en\/pressemitteilung-mehr-platz-fuer-moehren\/\" \/>\n<meta property=\"og:site_name\" content=\"wimex-group\" \/>\n<meta property=\"article:published_time\" content=\"2019-03-03T12:31:00+00:00\" \/>\n<meta property=\"article:modified_time\" content=\"2021-01-22T11:39:12+00:00\" \/>\n<meta property=\"og:image\" content=\"https:\/\/wimex-group.com\/wp-content\/uploads\/2020\/12\/WMX_Geschichte_Waschmoehren.jpg\" \/>\n\t<meta property=\"og:image:width\" content=\"500\" \/>\n\t<meta property=\"og:image:height\" content=\"260\" \/>\n\t<meta property=\"og:image:type\" content=\"image\/jpeg\" \/>\n<meta name=\"author\" content=\"Christian M\u00f6sbauer\" \/>\n<meta name=\"twitter:card\" content=\"summary_large_image\" \/>\n<meta name=\"twitter:label1\" content=\"Written by\" \/>\n\t<meta name=\"twitter:data1\" content=\"Christian M\u00f6sbauer\" \/>\n\t<meta name=\"twitter:label2\" content=\"Est. reading time\" \/>\n\t<meta name=\"twitter:data2\" content=\"4 minutes\" \/>\n<script type=\"application\/ld+json\" class=\"yoast-schema-graph\">{\"@context\":\"https:\\\/\\\/schema.org\",\"@graph\":[{\"@type\":\"Article\",\"@id\":\"https:\\\/\\\/wimex-group.com\\\/en\\\/pressemitteilung-mehr-platz-fuer-moehren\\\/#article\",\"isPartOf\":{\"@id\":\"https:\\\/\\\/wimex-group.com\\\/en\\\/pressemitteilung-mehr-platz-fuer-moehren\\\/\"},\"author\":{\"name\":\"Christian M\u00f6sbauer\",\"@id\":\"https:\\\/\\\/wimex-group.com\\\/en\\\/#\\\/schema\\\/person\\\/a40389b6c8655911f422d861623474cb\"},\"headline\":\"Mehr Platz f\u00fcr M\u00f6hren\",\"datePublished\":\"2019-03-03T12:31:00+00:00\",\"dateModified\":\"2021-01-22T11:39:12+00:00\",\"mainEntityOfPage\":{\"@id\":\"https:\\\/\\\/wimex-group.com\\\/en\\\/pressemitteilung-mehr-platz-fuer-moehren\\\/\"},\"wordCount\":724,\"commentCount\":0,\"image\":{\"@id\":\"https:\\\/\\\/wimex-group.com\\\/en\\\/pressemitteilung-mehr-platz-fuer-moehren\\\/#primaryimage\"},\"thumbnailUrl\":\"https:\\\/\\\/wimex-group.com\\\/wp-content\\\/uploads\\\/2020\\\/12\\\/WMX_Geschichte_Waschmoehren.jpg\",\"articleSection\":[\"PRESSEMITTEILUNG\",\"Unkategorisiert\"],\"inLanguage\":\"en-US\",\"potentialAction\":[{\"@type\":\"CommentAction\",\"name\":\"Comment\",\"target\":[\"https:\\\/\\\/wimex-group.com\\\/en\\\/pressemitteilung-mehr-platz-fuer-moehren\\\/#respond\"]}]},{\"@type\":\"WebPage\",\"@id\":\"https:\\\/\\\/wimex-group.com\\\/en\\\/pressemitteilung-mehr-platz-fuer-moehren\\\/\",\"url\":\"https:\\\/\\\/wimex-group.com\\\/en\\\/pressemitteilung-mehr-platz-fuer-moehren\\\/\",\"name\":\"Mehr Platz f\u00fcr M\u00f6hren - wimex-group\",\"isPartOf\":{\"@id\":\"https:\\\/\\\/wimex-group.com\\\/en\\\/#website\"},\"primaryImageOfPage\":{\"@id\":\"https:\\\/\\\/wimex-group.com\\\/en\\\/pressemitteilung-mehr-platz-fuer-moehren\\\/#primaryimage\"},\"image\":{\"@id\":\"https:\\\/\\\/wimex-group.com\\\/en\\\/pressemitteilung-mehr-platz-fuer-moehren\\\/#primaryimage\"},\"thumbnailUrl\":\"https:\\\/\\\/wimex-group.com\\\/wp-content\\\/uploads\\\/2020\\\/12\\\/WMX_Geschichte_Waschmoehren.jpg\",\"datePublished\":\"2019-03-03T12:31:00+00:00\",\"dateModified\":\"2021-01-22T11:39:12+00:00\",\"author\":{\"@id\":\"https:\\\/\\\/wimex-group.com\\\/en\\\/#\\\/schema\\\/person\\\/a40389b6c8655911f422d861623474cb\"},\"breadcrumb\":{\"@id\":\"https:\\\/\\\/wimex-group.com\\\/en\\\/pressemitteilung-mehr-platz-fuer-moehren\\\/#breadcrumb\"},\"inLanguage\":\"en-US\",\"potentialAction\":[{\"@type\":\"ReadAction\",\"target\":[\"https:\\\/\\\/wimex-group.com\\\/en\\\/pressemitteilung-mehr-platz-fuer-moehren\\\/\"]}]},{\"@type\":\"ImageObject\",\"inLanguage\":\"en-US\",\"@id\":\"https:\\\/\\\/wimex-group.com\\\/en\\\/pressemitteilung-mehr-platz-fuer-moehren\\\/#primaryimage\",\"url\":\"https:\\\/\\\/wimex-group.com\\\/wp-content\\\/uploads\\\/2020\\\/12\\\/WMX_Geschichte_Waschmoehren.jpg\",\"contentUrl\":\"https:\\\/\\\/wimex-group.com\\\/wp-content\\\/uploads\\\/2020\\\/12\\\/WMX_Geschichte_Waschmoehren.jpg\",\"width\":500,\"height\":260},{\"@type\":\"BreadcrumbList\",\"@id\":\"https:\\\/\\\/wimex-group.com\\\/en\\\/pressemitteilung-mehr-platz-fuer-moehren\\\/#breadcrumb\",\"itemListElement\":[{\"@type\":\"ListItem\",\"position\":1,\"name\":\"Startseite\",\"item\":\"https:\\\/\\\/wimex-group.com\\\/en\\\/\"},{\"@type\":\"ListItem\",\"position\":2,\"name\":\"Mehr Platz f\u00fcr M\u00f6hren\"}]},{\"@type\":\"WebSite\",\"@id\":\"https:\\\/\\\/wimex-group.com\\\/en\\\/#website\",\"url\":\"https:\\\/\\\/wimex-group.com\\\/en\\\/\",\"name\":\"wimex-group\",\"description\":\"Wimex Group\",\"potentialAction\":[{\"@type\":\"SearchAction\",\"target\":{\"@type\":\"EntryPoint\",\"urlTemplate\":\"https:\\\/\\\/wimex-group.com\\\/en\\\/?s={search_term_string}\"},\"query-input\":{\"@type\":\"PropertyValueSpecification\",\"valueRequired\":true,\"valueName\":\"search_term_string\"}}],\"inLanguage\":\"en-US\"},{\"@type\":\"Person\",\"@id\":\"https:\\\/\\\/wimex-group.com\\\/en\\\/#\\\/schema\\\/person\\\/a40389b6c8655911f422d861623474cb\",\"name\":\"Christian M\u00f6sbauer\",\"image\":{\"@type\":\"ImageObject\",\"inLanguage\":\"en-US\",\"@id\":\"https:\\\/\\\/secure.gravatar.com\\\/avatar\\\/06875c1b4a92386eb292687c3b8d5bc5ccc1556d275ae04eb27236e2a8d3d9d5?s=96&d=mm&r=g\",\"url\":\"https:\\\/\\\/secure.gravatar.com\\\/avatar\\\/06875c1b4a92386eb292687c3b8d5bc5ccc1556d275ae04eb27236e2a8d3d9d5?s=96&d=mm&r=g\",\"contentUrl\":\"https:\\\/\\\/secure.gravatar.com\\\/avatar\\\/06875c1b4a92386eb292687c3b8d5bc5ccc1556d275ae04eb27236e2a8d3d9d5?s=96&d=mm&r=g\",\"caption\":\"Christian M\u00f6sbauer\"},\"url\":\"https:\\\/\\\/wimex-group.com\\\/en\\\/author\\\/cmoesbauer\\\/\"}]}<\/script>\n<!-- \/ Yoast SEO plugin. -->","yoast_head_json":{"title":"Mehr Platz f\u00fcr M\u00f6hren - wimex-group","robots":{"index":"index","follow":"follow","max-snippet":"max-snippet:-1","max-image-preview":"max-image-preview:large","max-video-preview":"max-video-preview:-1"},"canonical":"https:\/\/wimex-group.com\/en\/pressemitteilung-mehr-platz-fuer-moehren\/","og_locale":"en_US","og_type":"article","og_title":"Mehr Platz f\u00fcr M\u00f6hren - wimex-group","og_description":"Regionales Gem\u00fcse ist gefragter als Obst aus heimischem Anbau: Das hat der Agrar-Dienst Nauendorf mit Sitz in Wettin-L\u00f6bej\u00fcn festgestellt. Deshalb widmet die Tochter der Wimex Gruppe Agrar-Fl\u00e4chen um. Wo bisher Apfelplantagen das Bild pr\u00e4gten, wird das Unternehmen k\u00fcnftig Gem\u00fcse und andere landwirtschaftliche Produkte anbauen, unter anderem M\u00f6hren.","og_url":"https:\/\/wimex-group.com\/en\/pressemitteilung-mehr-platz-fuer-moehren\/","og_site_name":"wimex-group","article_published_time":"2019-03-03T12:31:00+00:00","article_modified_time":"2021-01-22T11:39:12+00:00","og_image":[{"width":500,"height":260,"url":"https:\/\/wimex-group.com\/wp-content\/uploads\/2020\/12\/WMX_Geschichte_Waschmoehren.jpg","type":"image\/jpeg"}],"author":"Christian M\u00f6sbauer","twitter_card":"summary_large_image","twitter_misc":{"Written by":"Christian M\u00f6sbauer","Est. reading time":"4 minutes"},"schema":{"@context":"https:\/\/schema.org","@graph":[{"@type":"Article","@id":"https:\/\/wimex-group.com\/en\/pressemitteilung-mehr-platz-fuer-moehren\/#article","isPartOf":{"@id":"https:\/\/wimex-group.com\/en\/pressemitteilung-mehr-platz-fuer-moehren\/"},"author":{"name":"Christian M\u00f6sbauer","@id":"https:\/\/wimex-group.com\/en\/#\/schema\/person\/a40389b6c8655911f422d861623474cb"},"headline":"Mehr Platz f\u00fcr M\u00f6hren","datePublished":"2019-03-03T12:31:00+00:00","dateModified":"2021-01-22T11:39:12+00:00","mainEntityOfPage":{"@id":"https:\/\/wimex-group.com\/en\/pressemitteilung-mehr-platz-fuer-moehren\/"},"wordCount":724,"commentCount":0,"image":{"@id":"https:\/\/wimex-group.com\/en\/pressemitteilung-mehr-platz-fuer-moehren\/#primaryimage"},"thumbnailUrl":"https:\/\/wimex-group.com\/wp-content\/uploads\/2020\/12\/WMX_Geschichte_Waschmoehren.jpg","articleSection":["PRESSEMITTEILUNG","Unkategorisiert"],"inLanguage":"en-US","potentialAction":[{"@type":"CommentAction","name":"Comment","target":["https:\/\/wimex-group.com\/en\/pressemitteilung-mehr-platz-fuer-moehren\/#respond"]}]},{"@type":"WebPage","@id":"https:\/\/wimex-group.com\/en\/pressemitteilung-mehr-platz-fuer-moehren\/","url":"https:\/\/wimex-group.com\/en\/pressemitteilung-mehr-platz-fuer-moehren\/","name":"Mehr Platz f\u00fcr M\u00f6hren - wimex-group","isPartOf":{"@id":"https:\/\/wimex-group.com\/en\/#website"},"primaryImageOfPage":{"@id":"https:\/\/wimex-group.com\/en\/pressemitteilung-mehr-platz-fuer-moehren\/#primaryimage"},"image":{"@id":"https:\/\/wimex-group.com\/en\/pressemitteilung-mehr-platz-fuer-moehren\/#primaryimage"},"thumbnailUrl":"https:\/\/wimex-group.com\/wp-content\/uploads\/2020\/12\/WMX_Geschichte_Waschmoehren.jpg","datePublished":"2019-03-03T12:31:00+00:00","dateModified":"2021-01-22T11:39:12+00:00","author":{"@id":"https:\/\/wimex-group.com\/en\/#\/schema\/person\/a40389b6c8655911f422d861623474cb"},"breadcrumb":{"@id":"https:\/\/wimex-group.com\/en\/pressemitteilung-mehr-platz-fuer-moehren\/#breadcrumb"},"inLanguage":"en-US","potentialAction":[{"@type":"ReadAction","target":["https:\/\/wimex-group.com\/en\/pressemitteilung-mehr-platz-fuer-moehren\/"]}]},{"@type":"ImageObject","inLanguage":"en-US","@id":"https:\/\/wimex-group.com\/en\/pressemitteilung-mehr-platz-fuer-moehren\/#primaryimage","url":"https:\/\/wimex-group.com\/wp-content\/uploads\/2020\/12\/WMX_Geschichte_Waschmoehren.jpg","contentUrl":"https:\/\/wimex-group.com\/wp-content\/uploads\/2020\/12\/WMX_Geschichte_Waschmoehren.jpg","width":500,"height":260},{"@type":"BreadcrumbList","@id":"https:\/\/wimex-group.com\/en\/pressemitteilung-mehr-platz-fuer-moehren\/#breadcrumb","itemListElement":[{"@type":"ListItem","position":1,"name":"Startseite","item":"https:\/\/wimex-group.com\/en\/"},{"@type":"ListItem","position":2,"name":"Mehr Platz f\u00fcr M\u00f6hren"}]},{"@type":"WebSite","@id":"https:\/\/wimex-group.com\/en\/#website","url":"https:\/\/wimex-group.com\/en\/","name":"wimex-group","description":"Wimex Group","potentialAction":[{"@type":"SearchAction","target":{"@type":"EntryPoint","urlTemplate":"https:\/\/wimex-group.com\/en\/?s={search_term_string}"},"query-input":{"@type":"PropertyValueSpecification","valueRequired":true,"valueName":"search_term_string"}}],"inLanguage":"en-US"},{"@type":"Person","@id":"https:\/\/wimex-group.com\/en\/#\/schema\/person\/a40389b6c8655911f422d861623474cb","name":"Christian M\u00f6sbauer","image":{"@type":"ImageObject","inLanguage":"en-US","@id":"https:\/\/secure.gravatar.com\/avatar\/06875c1b4a92386eb292687c3b8d5bc5ccc1556d275ae04eb27236e2a8d3d9d5?s=96&d=mm&r=g","url":"https:\/\/secure.gravatar.com\/avatar\/06875c1b4a92386eb292687c3b8d5bc5ccc1556d275ae04eb27236e2a8d3d9d5?s=96&d=mm&r=g","contentUrl":"https:\/\/secure.gravatar.com\/avatar\/06875c1b4a92386eb292687c3b8d5bc5ccc1556d275ae04eb27236e2a8d3d9d5?s=96&d=mm&r=g","caption":"Christian M\u00f6sbauer"},"url":"https:\/\/wimex-group.com\/en\/author\/cmoesbauer\/"}]}},"_links":{"self":[{"href":"https:\/\/wimex-group.com\/en\/wp-json\/wp\/v2\/posts\/1713","targetHints":{"allow":["GET"]}}],"collection":[{"href":"https:\/\/wimex-group.com\/en\/wp-json\/wp\/v2\/posts"}],"about":[{"href":"https:\/\/wimex-group.com\/en\/wp-json\/wp\/v2\/types\/post"}],"author":[{"embeddable":true,"href":"https:\/\/wimex-group.com\/en\/wp-json\/wp\/v2\/users\/4"}],"replies":[{"embeddable":true,"href":"https:\/\/wimex-group.com\/en\/wp-json\/wp\/v2\/comments?post=1713"}],"version-history":[{"count":16,"href":"https:\/\/wimex-group.com\/en\/wp-json\/wp\/v2\/posts\/1713\/revisions"}],"predecessor-version":[{"id":2116,"href":"https:\/\/wimex-group.com\/en\/wp-json\/wp\/v2\/posts\/1713\/revisions\/2116"}],"wp:featuredmedia":[{"embeddable":true,"href":"https:\/\/wimex-group.com\/en\/wp-json\/wp\/v2\/media\/795"}],"wp:attachment":[{"href":"https:\/\/wimex-group.com\/en\/wp-json\/wp\/v2\/media?parent=1713"}],"wp:term":[{"taxonomy":"category","embeddable":true,"href":"https:\/\/wimex-group.com\/en\/wp-json\/wp\/v2\/categories?post=1713"},{"taxonomy":"post_tag","embeddable":true,"href":"https:\/\/wimex-group.com\/en\/wp-json\/wp\/v2\/tags?post=1713"}],"curies":[{"name":"wp","href":"https:\/\/api.w.org\/{rel}","templated":true}]}}