{"id":1739,"date":"2019-04-29T14:06:00","date_gmt":"2019-04-29T12:06:00","guid":{"rendered":"https:\/\/www.wimex-group.com\/?p=1739"},"modified":"2021-01-22T09:49:43","modified_gmt":"2021-01-22T08:49:43","slug":"standort-osterweddingen-willkommen-in-der-wimex-gruppe","status":"publish","type":"post","link":"https:\/\/wimex-group.com\/en\/standort-osterweddingen-willkommen-in-der-wimex-gruppe\/","title":{"rendered":"Willkommen in der Wimex Gruppe"},"content":{"rendered":"<p>[et_pb_section fb_built=&#8221;1&#8243; _builder_version=&#8221;4.8.1&#8243; background_image=&#8221;https:\/\/wimex-group.com\/wp-content\/uploads\/2020\/12\/WMX_News_Intro.jpg&#8221; min_height=&#8221;350px&#8221; min_height_tablet=&#8221;&#8221; min_height_phone=&#8221;250px&#8221; min_height_last_edited=&#8221;on|phone&#8221; max_height=&#8221;350px&#8221;][\/et_pb_section][et_pb_section fb_built=&#8221;1&#8243; _builder_version=&#8221;3.22&#8243;][et_pb_row _builder_version=&#8221;4.7.4&#8243; background_size=&#8221;initial&#8221; background_position=&#8221;top_left&#8221; background_repeat=&#8221;repeat&#8221;][et_pb_column type=&#8221;4_4&#8243; _builder_version=&#8221;3.25&#8243; custom_padding=&#8221;|||&#8221; custom_padding__hover=&#8221;|||&#8221;][et_pb_text _builder_version=&#8221;4.8.1&#8243; text_font_size=&#8221;4em&#8221; text_line_height=&#8221;1.4em&#8221; custom_margin=&#8221;|16%||16%|false|true&#8221; custom_margin_tablet=&#8221;|5%||5%|false|true&#8221; custom_margin_phone=&#8221;|-2%||-2%|false|true&#8221; custom_margin_last_edited=&#8221;on|phone&#8221; hover_enabled=&#8221;0&#8243; text_font_size_tablet=&#8221;3.6em&#8221; text_font_size_phone=&#8221;2.9em&#8221; text_font_size_last_edited=&#8221;on|tablet&#8221; _dynamic_attributes=&#8221;content&#8221; text_orientation=&#8221;center&#8221; sticky_enabled=&#8221;0&#8243;]@ET-DC@eyJkeW5hbWljIjp0cnVlLCJjb250ZW50IjoicG9zdF90aXRsZSIsInNldHRpbmdzIjp7ImJlZm9yZSI6IiIsImFmdGVyIjoiIn19@[\/et_pb_text][et_pb_text content_last_edited=&#8221;off|tablet&#8221; _builder_version=&#8221;4.8.1&#8243; _dynamic_attributes=&#8221;content&#8221; text_font=&#8221;Arial||||||||&#8221; text_text_color=&#8221;#0781CE&#8221; text_font_size=&#8221;1.5em&#8221; text_line_height=&#8221;1.4em&#8221; text_orientation=&#8221;center&#8221; text_font_size_tablet=&#8221;1.25em&#8221; text_font_size_phone=&#8221;1.25em&#8221; text_font_size_last_edited=&#8221;on|phone&#8221; content__hover_enabled=&#8221;off|desktop&#8221;]@ET-DC@eyJkeW5hbWljIjp0cnVlLCJjb250ZW50IjoicG9zdF9kYXRlIiwic2V0dGluZ3MiOnsiYmVmb3JlIjoiIiwiYWZ0ZXIiOiIiLCJkYXRlX2Zvcm1hdCI6ImRlZmF1bHQiLCJjdXN0b21fZGF0ZV9mb3JtYXQiOiIifX0=@[\/et_pb_text][\/et_pb_column][\/et_pb_row][et_pb_row _builder_version=&#8221;3.25&#8243; background_size=&#8221;initial&#8221; background_position=&#8221;top_left&#8221; background_repeat=&#8221;repeat&#8221;][et_pb_column type=&#8221;4_4&#8243; _builder_version=&#8221;3.25&#8243; custom_padding=&#8221;|||&#8221; custom_padding__hover=&#8221;|||&#8221;][et_pb_text _builder_version=&#8221;4.8.1&#8243; text_font_size=&#8221;1.5em&#8221; custom_margin=&#8221;|15%||15%|false|true&#8221; custom_margin_tablet=&#8221;|5%||5%|false|true&#8221; custom_margin_phone=&#8221;|2%||2%|false|true&#8221; custom_margin_last_edited=&#8221;on|phone&#8221; text_font_size_tablet=&#8221;&#8221; text_font_size_phone=&#8221;1.3em&#8221; text_font_size_last_edited=&#8221;on|desktop&#8221;]<\/p>\n<p>Ende letzten Jahres hat Wimex eine gro\u00dfe Gew\u00e4chshausanlage im Gewerbegebiet Osterweddingen (Landkreis B\u00f6rde) erworben.<\/p>\n<p>Der Standort hat, s\u00fcd\u00f6stlich der Autobahn 14 und der Bundesstra\u00dfe 81 in unmittelbarer N\u00e4he eines gro\u00dfen Flachglasswerks, eine ideale Verkehrsanbindung.<\/p>\n<p><!-- \/divi:paragraph -->[\/et_pb_text][et_pb_image src=&#8221;https:\/\/wimex-group.com\/wp-content\/uploads\/2021\/01\/WMX_Osterweddingen.jpg&#8221; title_text=&#8221;WMX_Osterweddingen&#8221; _builder_version=&#8221;4.8.1&#8243; _module_preset=&#8221;default&#8221; custom_margin=&#8221;|15%||15%|false|true&#8221; custom_margin_tablet=&#8221;|5%||5%|false|true&#8221; custom_margin_phone=&#8221;|2%||2%|false|true&#8221; custom_margin_last_edited=&#8221;on|phone&#8221;][\/et_pb_image][et_pb_text _builder_version=&#8221;4.8.1&#8243; text_font_size=&#8221;1.5em&#8221; custom_margin=&#8221;|15%||15%|false|true&#8221; custom_margin_tablet=&#8221;|5%||5%|false|true&#8221; custom_margin_phone=&#8221;|2%||2%|false|true&#8221; custom_margin_last_edited=&#8221;on|phone&#8221; text_font_size_tablet=&#8221;&#8221; text_font_size_phone=&#8221;1.3em&#8221; text_font_size_last_edited=&#8221;on|desktop&#8221;]<\/p>\n<p> Die auf mehr als 6,3 Hektar gro\u00dfe Anlage er\u00f6ffnet neue Marktsegmente und Herausforderungen. Unter der Marke B\u00f6rdegarten wird Wimex dort unter anderem Erdbeeren, Gurken und Kr\u00e4uter anbauen.<br \/> Die Anlage ist eine der gr\u00f6\u00dften Gew\u00e4chshausfl\u00e4chen Deutschlands! Das Gew\u00e4chshaus wurde von einer holl\u00e4ndischen Firma vor mehr als einem Jahr errichtet. Im vergangenen Sommer hatte sie Insolvenz anmelden m\u00fcssen.<\/p>\n<p>Wimex investiert in die Anlage nun rund f\u00fcnf Millionen Euro, eine der bisher gr\u00f6\u00dften Investitionen der Firmengeschichte. Mit dem Geld soll das Au\u00dfengel\u00e4nde, Tore, der Bau eines Sozialgeb\u00e4udes und das noch unfertige Gew\u00e4chshaus fertig gestellt werden. Eine eventuelle Erweiterung des Gew\u00e4chshauses auf das Doppelte der Fl\u00e4che ist angedacht.<\/p>\n<p><!-- \/divi:paragraph -->[\/et_pb_text][\/et_pb_column][\/et_pb_row][et_pb_row _builder_version=&#8221;4.7.4&#8243; _module_preset=&#8221;default&#8221;][et_pb_column type=&#8221;4_4&#8243; _builder_version=&#8221;4.7.4&#8243; _module_preset=&#8221;default&#8221;][et_pb_post_nav _builder_version=&#8221;4.7.4&#8243; _module_preset=&#8221;default&#8221;][\/et_pb_post_nav][\/et_pb_column][\/et_pb_row][\/et_pb_section]<\/p>\n","protected":false},"excerpt":{"rendered":"<p>Ende letzten Jahres hat Wimex eine gro\u00dfe Gew\u00e4chshausanlage im Gewerbegebiet Osterweddingen (Landkreis B\u00f6rde) erworben. Die auf mehr als 6,3 Hektar gro\u00dfe Anlage er\u00f6ffnet neue Marktsegmente und Herausforderungen.<\/p>\n","protected":false},"author":4,"featured_media":1740,"comment_status":"open","ping_status":"open","sticky":false,"template":"","format":"standard","meta":{"_et_pb_use_builder":"on","_et_pb_old_content":"<!-- wp:paragraph -->\n<p>Dank einer Anfrage zweier Hobbysprayer wird das unser altes BALM-Lager in Rosefeld zum Objekt regelm\u00e4\u00dfiger Graffiti-Projekte. Bei dem Graffiti-Duo mit dem K\u00fcnstlernamen DRMLZ handelt es sich um die geb\u00fcrtigen Dessauer Stefan Schneider (42) und Stefan Berndt (36). Die beiden Freunde leben und arbeiten als Senior Designer in Berlin \u2026<\/p>\n<!-- \/wp:paragraph -->\n\n<!-- wp:paragraph -->\n<p>Natate peris vitatem vel idis eseruptum ea acerro mint enihicatist lab ium faccust, cus ex eliquos vid quatqui dolorist iderepu disciaes mod qui dolum quam, que dollest, quam, ut aut aut quidellabor apeliquat.<br>Ictemquam imporep udandissi sum suntem cuptae solliquae peliate cabores erumet il idi temporest, od es voluptis volent omnihiliqui optatent utem nonsequid ut quis reptumque pla doloris vellate mporempostis volest mo ipsam, sim dolore, tetur, simust, sit porae aut quunt quunte non re sim el is alis dentinverias eumque volupta tustis dist, natus dolorite cuptatem exernatur secti asperep udigenimus audit reped quam eiciis quo des qui volectem demperci officia intinvendus aspere idis mo eius de quae pos esequam, ipis doluptatios quuntiis que nis iur, simporrovita cum rese volupta quamus.<br>Iquam arioriost quo quo dolupti odi dolupit re voluptistis volorae sus pro veliquatur a plitat.<\/p>\n<!-- \/wp:paragraph -->\n\n<!-- wp:paragraph -->\n<p>Raturi nectorectis raectum incia con commoluptat offictur?<br>Dae sit officidem nobis aut adit aut maximinctus dissed que core peditatur maximil isinis ante vereptatur, sites que porerum que ma con eos quam renda nienis et lantiusciet vendebit exernatur? Qui nonsequiaes nemos eum id molore lacerch icidem re, consecuptur ma aut pe dolorem poreseq uatemolorat ipidi si bera nis vitionse occatus serum fuga. Namenimust volupta tenime lantur, non nonse quiam rerum hit, sumquam enem cus, sanditiur? Quist autem volor andi dolecto remporum eum am quo moluptat dendam, nemporem rat quidem vendi occulpa nonserum accatio odis il ipiciusam consenem quia et escid que idebit, ut aspidel ibeaquam et.<\/p>\n<!-- \/wp:paragraph -->","_et_gb_content_width":"2880","footnotes":""},"categories":[11,1],"tags":[],"class_list":["post-1739","post","type-post","status-publish","format-standard","has-post-thumbnail","hentry","category-news-startseite","category-unkategorisiert"],"yoast_head":"<!-- This site is optimized with the Yoast SEO plugin v27.3 - https:\/\/yoast.com\/product\/yoast-seo-wordpress\/ -->\n<title>Willkommen in der Wimex Gruppe - wimex-group<\/title>\n<meta name=\"robots\" content=\"index, follow, max-snippet:-1, max-image-preview:large, max-video-preview:-1\" \/>\n<link rel=\"canonical\" href=\"https:\/\/wimex-group.com\/en\/standort-osterweddingen-willkommen-in-der-wimex-gruppe\/\" \/>\n<meta property=\"og:locale\" content=\"en_US\" \/>\n<meta property=\"og:type\" content=\"article\" \/>\n<meta property=\"og:title\" content=\"Willkommen in der Wimex Gruppe - wimex-group\" \/>\n<meta property=\"og:description\" content=\"Ende letzten Jahres hat Wimex eine gro\u00dfe Gew\u00e4chshausanlage im Gewerbegebiet Osterweddingen (Landkreis B\u00f6rde) erworben. Die auf mehr als 6,3 Hektar gro\u00dfe Anlage er\u00f6ffnet neue Marktsegmente und Herausforderungen.\" \/>\n<meta property=\"og:url\" content=\"https:\/\/wimex-group.com\/en\/standort-osterweddingen-willkommen-in-der-wimex-gruppe\/\" \/>\n<meta property=\"og:site_name\" content=\"wimex-group\" \/>\n<meta property=\"article:published_time\" content=\"2019-04-29T12:06:00+00:00\" \/>\n<meta property=\"article:modified_time\" content=\"2021-01-22T08:49:43+00:00\" \/>\n<meta property=\"og:image\" content=\"https:\/\/wimex-group.com\/wp-content\/uploads\/2021\/01\/WMX_Osterweddingen.jpg\" \/>\n\t<meta property=\"og:image:width\" content=\"1024\" \/>\n\t<meta property=\"og:image:height\" content=\"768\" \/>\n\t<meta property=\"og:image:type\" content=\"image\/jpeg\" \/>\n<meta name=\"author\" content=\"Christian M\u00f6sbauer\" \/>\n<meta name=\"twitter:card\" content=\"summary_large_image\" \/>\n<meta name=\"twitter:label1\" content=\"Written by\" \/>\n\t<meta name=\"twitter:data1\" content=\"Christian M\u00f6sbauer\" \/>\n\t<meta name=\"twitter:label2\" content=\"Est. reading time\" \/>\n\t<meta name=\"twitter:data2\" content=\"3 minutes\" \/>\n<script type=\"application\/ld+json\" class=\"yoast-schema-graph\">{\"@context\":\"https:\\\/\\\/schema.org\",\"@graph\":[{\"@type\":\"Article\",\"@id\":\"https:\\\/\\\/wimex-group.com\\\/en\\\/standort-osterweddingen-willkommen-in-der-wimex-gruppe\\\/#article\",\"isPartOf\":{\"@id\":\"https:\\\/\\\/wimex-group.com\\\/en\\\/standort-osterweddingen-willkommen-in-der-wimex-gruppe\\\/\"},\"author\":{\"name\":\"Christian M\u00f6sbauer\",\"@id\":\"https:\\\/\\\/wimex-group.com\\\/en\\\/#\\\/schema\\\/person\\\/a40389b6c8655911f422d861623474cb\"},\"headline\":\"Willkommen in der Wimex Gruppe\",\"datePublished\":\"2019-04-29T12:06:00+00:00\",\"dateModified\":\"2021-01-22T08:49:43+00:00\",\"mainEntityOfPage\":{\"@id\":\"https:\\\/\\\/wimex-group.com\\\/en\\\/standort-osterweddingen-willkommen-in-der-wimex-gruppe\\\/\"},\"wordCount\":610,\"commentCount\":0,\"image\":{\"@id\":\"https:\\\/\\\/wimex-group.com\\\/en\\\/standort-osterweddingen-willkommen-in-der-wimex-gruppe\\\/#primaryimage\"},\"thumbnailUrl\":\"https:\\\/\\\/wimex-group.com\\\/wp-content\\\/uploads\\\/2021\\\/01\\\/WMX_Osterweddingen.jpg\",\"articleSection\":[\"News Startseite\",\"Unkategorisiert\"],\"inLanguage\":\"en-US\",\"potentialAction\":[{\"@type\":\"CommentAction\",\"name\":\"Comment\",\"target\":[\"https:\\\/\\\/wimex-group.com\\\/en\\\/standort-osterweddingen-willkommen-in-der-wimex-gruppe\\\/#respond\"]}]},{\"@type\":\"WebPage\",\"@id\":\"https:\\\/\\\/wimex-group.com\\\/en\\\/standort-osterweddingen-willkommen-in-der-wimex-gruppe\\\/\",\"url\":\"https:\\\/\\\/wimex-group.com\\\/en\\\/standort-osterweddingen-willkommen-in-der-wimex-gruppe\\\/\",\"name\":\"Willkommen in der Wimex Gruppe - wimex-group\",\"isPartOf\":{\"@id\":\"https:\\\/\\\/wimex-group.com\\\/en\\\/#website\"},\"primaryImageOfPage\":{\"@id\":\"https:\\\/\\\/wimex-group.com\\\/en\\\/standort-osterweddingen-willkommen-in-der-wimex-gruppe\\\/#primaryimage\"},\"image\":{\"@id\":\"https:\\\/\\\/wimex-group.com\\\/en\\\/standort-osterweddingen-willkommen-in-der-wimex-gruppe\\\/#primaryimage\"},\"thumbnailUrl\":\"https:\\\/\\\/wimex-group.com\\\/wp-content\\\/uploads\\\/2021\\\/01\\\/WMX_Osterweddingen.jpg\",\"datePublished\":\"2019-04-29T12:06:00+00:00\",\"dateModified\":\"2021-01-22T08:49:43+00:00\",\"author\":{\"@id\":\"https:\\\/\\\/wimex-group.com\\\/en\\\/#\\\/schema\\\/person\\\/a40389b6c8655911f422d861623474cb\"},\"breadcrumb\":{\"@id\":\"https:\\\/\\\/wimex-group.com\\\/en\\\/standort-osterweddingen-willkommen-in-der-wimex-gruppe\\\/#breadcrumb\"},\"inLanguage\":\"en-US\",\"potentialAction\":[{\"@type\":\"ReadAction\",\"target\":[\"https:\\\/\\\/wimex-group.com\\\/en\\\/standort-osterweddingen-willkommen-in-der-wimex-gruppe\\\/\"]}]},{\"@type\":\"ImageObject\",\"inLanguage\":\"en-US\",\"@id\":\"https:\\\/\\\/wimex-group.com\\\/en\\\/standort-osterweddingen-willkommen-in-der-wimex-gruppe\\\/#primaryimage\",\"url\":\"https:\\\/\\\/wimex-group.com\\\/wp-content\\\/uploads\\\/2021\\\/01\\\/WMX_Osterweddingen.jpg\",\"contentUrl\":\"https:\\\/\\\/wimex-group.com\\\/wp-content\\\/uploads\\\/2021\\\/01\\\/WMX_Osterweddingen.jpg\",\"width\":1024,\"height\":768},{\"@type\":\"BreadcrumbList\",\"@id\":\"https:\\\/\\\/wimex-group.com\\\/en\\\/standort-osterweddingen-willkommen-in-der-wimex-gruppe\\\/#breadcrumb\",\"itemListElement\":[{\"@type\":\"ListItem\",\"position\":1,\"name\":\"Startseite\",\"item\":\"https:\\\/\\\/wimex-group.com\\\/en\\\/\"},{\"@type\":\"ListItem\",\"position\":2,\"name\":\"Willkommen in der Wimex Gruppe\"}]},{\"@type\":\"WebSite\",\"@id\":\"https:\\\/\\\/wimex-group.com\\\/en\\\/#website\",\"url\":\"https:\\\/\\\/wimex-group.com\\\/en\\\/\",\"name\":\"wimex-group\",\"description\":\"Wimex Group\",\"potentialAction\":[{\"@type\":\"SearchAction\",\"target\":{\"@type\":\"EntryPoint\",\"urlTemplate\":\"https:\\\/\\\/wimex-group.com\\\/en\\\/?s={search_term_string}\"},\"query-input\":{\"@type\":\"PropertyValueSpecification\",\"valueRequired\":true,\"valueName\":\"search_term_string\"}}],\"inLanguage\":\"en-US\"},{\"@type\":\"Person\",\"@id\":\"https:\\\/\\\/wimex-group.com\\\/en\\\/#\\\/schema\\\/person\\\/a40389b6c8655911f422d861623474cb\",\"name\":\"Christian M\u00f6sbauer\",\"image\":{\"@type\":\"ImageObject\",\"inLanguage\":\"en-US\",\"@id\":\"https:\\\/\\\/secure.gravatar.com\\\/avatar\\\/06875c1b4a92386eb292687c3b8d5bc5ccc1556d275ae04eb27236e2a8d3d9d5?s=96&d=mm&r=g\",\"url\":\"https:\\\/\\\/secure.gravatar.com\\\/avatar\\\/06875c1b4a92386eb292687c3b8d5bc5ccc1556d275ae04eb27236e2a8d3d9d5?s=96&d=mm&r=g\",\"contentUrl\":\"https:\\\/\\\/secure.gravatar.com\\\/avatar\\\/06875c1b4a92386eb292687c3b8d5bc5ccc1556d275ae04eb27236e2a8d3d9d5?s=96&d=mm&r=g\",\"caption\":\"Christian M\u00f6sbauer\"},\"url\":\"https:\\\/\\\/wimex-group.com\\\/en\\\/author\\\/cmoesbauer\\\/\"}]}<\/script>\n<!-- \/ Yoast SEO plugin. -->","yoast_head_json":{"title":"Willkommen in der Wimex Gruppe - wimex-group","robots":{"index":"index","follow":"follow","max-snippet":"max-snippet:-1","max-image-preview":"max-image-preview:large","max-video-preview":"max-video-preview:-1"},"canonical":"https:\/\/wimex-group.com\/en\/standort-osterweddingen-willkommen-in-der-wimex-gruppe\/","og_locale":"en_US","og_type":"article","og_title":"Willkommen in der Wimex Gruppe - wimex-group","og_description":"Ende letzten Jahres hat Wimex eine gro\u00dfe Gew\u00e4chshausanlage im Gewerbegebiet Osterweddingen (Landkreis B\u00f6rde) erworben. Die auf mehr als 6,3 Hektar gro\u00dfe Anlage er\u00f6ffnet neue Marktsegmente und Herausforderungen.","og_url":"https:\/\/wimex-group.com\/en\/standort-osterweddingen-willkommen-in-der-wimex-gruppe\/","og_site_name":"wimex-group","article_published_time":"2019-04-29T12:06:00+00:00","article_modified_time":"2021-01-22T08:49:43+00:00","og_image":[{"width":1024,"height":768,"url":"https:\/\/wimex-group.com\/wp-content\/uploads\/2021\/01\/WMX_Osterweddingen.jpg","type":"image\/jpeg"}],"author":"Christian M\u00f6sbauer","twitter_card":"summary_large_image","twitter_misc":{"Written by":"Christian M\u00f6sbauer","Est. reading time":"3 minutes"},"schema":{"@context":"https:\/\/schema.org","@graph":[{"@type":"Article","@id":"https:\/\/wimex-group.com\/en\/standort-osterweddingen-willkommen-in-der-wimex-gruppe\/#article","isPartOf":{"@id":"https:\/\/wimex-group.com\/en\/standort-osterweddingen-willkommen-in-der-wimex-gruppe\/"},"author":{"name":"Christian M\u00f6sbauer","@id":"https:\/\/wimex-group.com\/en\/#\/schema\/person\/a40389b6c8655911f422d861623474cb"},"headline":"Willkommen in der Wimex Gruppe","datePublished":"2019-04-29T12:06:00+00:00","dateModified":"2021-01-22T08:49:43+00:00","mainEntityOfPage":{"@id":"https:\/\/wimex-group.com\/en\/standort-osterweddingen-willkommen-in-der-wimex-gruppe\/"},"wordCount":610,"commentCount":0,"image":{"@id":"https:\/\/wimex-group.com\/en\/standort-osterweddingen-willkommen-in-der-wimex-gruppe\/#primaryimage"},"thumbnailUrl":"https:\/\/wimex-group.com\/wp-content\/uploads\/2021\/01\/WMX_Osterweddingen.jpg","articleSection":["News Startseite","Unkategorisiert"],"inLanguage":"en-US","potentialAction":[{"@type":"CommentAction","name":"Comment","target":["https:\/\/wimex-group.com\/en\/standort-osterweddingen-willkommen-in-der-wimex-gruppe\/#respond"]}]},{"@type":"WebPage","@id":"https:\/\/wimex-group.com\/en\/standort-osterweddingen-willkommen-in-der-wimex-gruppe\/","url":"https:\/\/wimex-group.com\/en\/standort-osterweddingen-willkommen-in-der-wimex-gruppe\/","name":"Willkommen in der Wimex Gruppe - wimex-group","isPartOf":{"@id":"https:\/\/wimex-group.com\/en\/#website"},"primaryImageOfPage":{"@id":"https:\/\/wimex-group.com\/en\/standort-osterweddingen-willkommen-in-der-wimex-gruppe\/#primaryimage"},"image":{"@id":"https:\/\/wimex-group.com\/en\/standort-osterweddingen-willkommen-in-der-wimex-gruppe\/#primaryimage"},"thumbnailUrl":"https:\/\/wimex-group.com\/wp-content\/uploads\/2021\/01\/WMX_Osterweddingen.jpg","datePublished":"2019-04-29T12:06:00+00:00","dateModified":"2021-01-22T08:49:43+00:00","author":{"@id":"https:\/\/wimex-group.com\/en\/#\/schema\/person\/a40389b6c8655911f422d861623474cb"},"breadcrumb":{"@id":"https:\/\/wimex-group.com\/en\/standort-osterweddingen-willkommen-in-der-wimex-gruppe\/#breadcrumb"},"inLanguage":"en-US","potentialAction":[{"@type":"ReadAction","target":["https:\/\/wimex-group.com\/en\/standort-osterweddingen-willkommen-in-der-wimex-gruppe\/"]}]},{"@type":"ImageObject","inLanguage":"en-US","@id":"https:\/\/wimex-group.com\/en\/standort-osterweddingen-willkommen-in-der-wimex-gruppe\/#primaryimage","url":"https:\/\/wimex-group.com\/wp-content\/uploads\/2021\/01\/WMX_Osterweddingen.jpg","contentUrl":"https:\/\/wimex-group.com\/wp-content\/uploads\/2021\/01\/WMX_Osterweddingen.jpg","width":1024,"height":768},{"@type":"BreadcrumbList","@id":"https:\/\/wimex-group.com\/en\/standort-osterweddingen-willkommen-in-der-wimex-gruppe\/#breadcrumb","itemListElement":[{"@type":"ListItem","position":1,"name":"Startseite","item":"https:\/\/wimex-group.com\/en\/"},{"@type":"ListItem","position":2,"name":"Willkommen in der Wimex Gruppe"}]},{"@type":"WebSite","@id":"https:\/\/wimex-group.com\/en\/#website","url":"https:\/\/wimex-group.com\/en\/","name":"wimex-group","description":"Wimex Group","potentialAction":[{"@type":"SearchAction","target":{"@type":"EntryPoint","urlTemplate":"https:\/\/wimex-group.com\/en\/?s={search_term_string}"},"query-input":{"@type":"PropertyValueSpecification","valueRequired":true,"valueName":"search_term_string"}}],"inLanguage":"en-US"},{"@type":"Person","@id":"https:\/\/wimex-group.com\/en\/#\/schema\/person\/a40389b6c8655911f422d861623474cb","name":"Christian M\u00f6sbauer","image":{"@type":"ImageObject","inLanguage":"en-US","@id":"https:\/\/secure.gravatar.com\/avatar\/06875c1b4a92386eb292687c3b8d5bc5ccc1556d275ae04eb27236e2a8d3d9d5?s=96&d=mm&r=g","url":"https:\/\/secure.gravatar.com\/avatar\/06875c1b4a92386eb292687c3b8d5bc5ccc1556d275ae04eb27236e2a8d3d9d5?s=96&d=mm&r=g","contentUrl":"https:\/\/secure.gravatar.com\/avatar\/06875c1b4a92386eb292687c3b8d5bc5ccc1556d275ae04eb27236e2a8d3d9d5?s=96&d=mm&r=g","caption":"Christian M\u00f6sbauer"},"url":"https:\/\/wimex-group.com\/en\/author\/cmoesbauer\/"}]}},"_links":{"self":[{"href":"https:\/\/wimex-group.com\/en\/wp-json\/wp\/v2\/posts\/1739","targetHints":{"allow":["GET"]}}],"collection":[{"href":"https:\/\/wimex-group.com\/en\/wp-json\/wp\/v2\/posts"}],"about":[{"href":"https:\/\/wimex-group.com\/en\/wp-json\/wp\/v2\/types\/post"}],"author":[{"embeddable":true,"href":"https:\/\/wimex-group.com\/en\/wp-json\/wp\/v2\/users\/4"}],"replies":[{"embeddable":true,"href":"https:\/\/wimex-group.com\/en\/wp-json\/wp\/v2\/comments?post=1739"}],"version-history":[{"count":7,"href":"https:\/\/wimex-group.com\/en\/wp-json\/wp\/v2\/posts\/1739\/revisions"}],"predecessor-version":[{"id":2091,"href":"https:\/\/wimex-group.com\/en\/wp-json\/wp\/v2\/posts\/1739\/revisions\/2091"}],"wp:featuredmedia":[{"embeddable":true,"href":"https:\/\/wimex-group.com\/en\/wp-json\/wp\/v2\/media\/1740"}],"wp:attachment":[{"href":"https:\/\/wimex-group.com\/en\/wp-json\/wp\/v2\/media?parent=1739"}],"wp:term":[{"taxonomy":"category","embeddable":true,"href":"https:\/\/wimex-group.com\/en\/wp-json\/wp\/v2\/categories?post=1739"},{"taxonomy":"post_tag","embeddable":true,"href":"https:\/\/wimex-group.com\/en\/wp-json\/wp\/v2\/tags?post=1739"}],"curies":[{"name":"wp","href":"https:\/\/api.w.org\/{rel}","templated":true}]}}