{"id":1757,"date":"2019-06-06T14:26:00","date_gmt":"2019-06-06T12:26:00","guid":{"rendered":"https:\/\/www.wimex-group.com\/?p=1757"},"modified":"2021-01-22T09:35:18","modified_gmt":"2021-01-22T08:35:18","slug":"wechsel-in-der-geschaeftsfuehrung-der-wimex-gruppe","status":"publish","type":"post","link":"https:\/\/wimex-group.com\/en\/wechsel-in-der-geschaeftsfuehrung-der-wimex-gruppe\/","title":{"rendered":"Wechsel in der Gesch\u00e4ftsf\u00fchrung"},"content":{"rendered":"\n[et_pb_section fb_built=&#8221;1&#8243; _builder_version=&#8221;4.8.1&#8243; background_image=&#8221;https:\/\/wimex-group.com\/wp-content\/uploads\/2020\/12\/WMX_News_Intro.jpg&#8221; min_height=&#8221;350px&#8221; min_height_tablet=&#8221;&#8221; min_height_phone=&#8221;250px&#8221; min_height_last_edited=&#8221;on|phone&#8221; max_height=&#8221;350px&#8221; hover_enabled=&#8221;0&#8243; title_text=&#8221;WMX_News_Intro&#8221; sticky_enabled=&#8221;0&#8243;][\/et_pb_section][et_pb_section fb_built=&#8221;1&#8243; _builder_version=&#8221;3.22&#8243;][et_pb_row _builder_version=&#8221;4.7.4&#8243; background_size=&#8221;initial&#8221; background_position=&#8221;top_left&#8221; background_repeat=&#8221;repeat&#8221;][et_pb_column type=&#8221;4_4&#8243; _builder_version=&#8221;3.25&#8243; custom_padding=&#8221;|||&#8221; custom_padding__hover=&#8221;|||&#8221;][et_pb_text _builder_version=&#8221;4.8.1&#8243; _dynamic_attributes=&#8221;content&#8221; text_font_size=&#8221;4em&#8221; text_line_height=&#8221;1.4em&#8221; text_orientation=&#8221;center&#8221; hover_enabled=&#8221;0&#8243; text_font_size_tablet=&#8221;3.6em&#8221; text_font_size_phone=&#8221;2.9em&#8221; text_font_size_last_edited=&#8221;on|tablet&#8221; custom_margin=&#8221;|15%||15%|false|true&#8221; custom_margin_last_edited=&#8221;on|phone&#8221; sticky_enabled=&#8221;0&#8243; custom_margin_tablet=&#8221;|5%||5%|false|true&#8221; custom_margin_phone=&#8221;|0%||0%|false|true&#8221;]@ET-DC@eyJkeW5hbWljIjp0cnVlLCJjb250ZW50IjoicG9zdF90aXRsZSIsInNldHRpbmdzIjp7ImJlZm9yZSI6IiIsImFmdGVyIjoiIn19@[\/et_pb_text][et_pb_text content_last_edited=&#8221;off|tablet&#8221; _builder_version=&#8221;4.8.1&#8243; _dynamic_attributes=&#8221;content&#8221; text_font=&#8221;Arial||||||||&#8221; text_font_size=&#8221;1.5em&#8221; text_line_height=&#8221;1.4em&#8221; text_orientation=&#8221;center&#8221; hover_enabled=&#8221;0&#8243; text_font_size_tablet=&#8221;1.25em&#8221; text_font_size_phone=&#8221;1.25em&#8221; text_font_size_last_edited=&#8221;on|tablet&#8221; content__hover_enabled=&#8221;off|desktop&#8221; text_text_color=&#8221;#0781CE&#8221; sticky_enabled=&#8221;0&#8243;]@ET-DC@eyJkeW5hbWljIjp0cnVlLCJjb250ZW50IjoicG9zdF9kYXRlIiwic2V0dGluZ3MiOnsiYmVmb3JlIjoiIiwiYWZ0ZXIiOiIiLCJkYXRlX2Zvcm1hdCI6ImRlZmF1bHQiLCJjdXN0b21fZGF0ZV9mb3JtYXQiOiIifX0=@[\/et_pb_text][\/et_pb_column][\/et_pb_row][et_pb_row _builder_version=&#8221;3.25&#8243; background_size=&#8221;initial&#8221; background_position=&#8221;top_left&#8221; background_repeat=&#8221;repeat&#8221;][et_pb_column type=&#8221;4_4&#8243; _builder_version=&#8221;3.25&#8243; custom_padding=&#8221;|||&#8221; custom_padding__hover=&#8221;|||&#8221;][et_pb_text _builder_version=&#8221;4.8.1&#8243; text_font_size=&#8221;1.5em&#8221; hover_enabled=&#8221;0&#8243; text_font_size_tablet=&#8221;&#8221; text_font_size_phone=&#8221;1.3em&#8221; text_font_size_last_edited=&#8221;on|desktop&#8221; custom_margin=&#8221;|15%||15%|false|true&#8221; custom_margin_last_edited=&#8221;on|phone&#8221; sticky_enabled=&#8221;0&#8243; custom_margin_tablet=&#8221;|5%||5%|false|true&#8221; custom_margin_phone=&#8221;|1%||1%|false|true&#8221;]<p>Firmengr\u00fcnder Gerhard Wagner wird sich einen Wunsch erf\u00fcllen: mehr Zeit f\u00fcr sich und die Zukunftsgestaltung der Wimex Gruppe. Damit er daf\u00fcr gen\u00fcgend Raum hat, gibt es zum 1. Juli 2019 einige Neuerungen in der Wimex Gruppe:<\/p>\n<p>Gerhard Wagner \u00fcbernimmt den Vorsitz des neu gegr\u00fcndeten Unternehmensbeirats und gibt operative Aufgaben aus der Gesch\u00e4ftsf\u00fchrung ab.<\/p>\n<p>Ralph Weickert, langj\u00e4hriger Prokurist und Leiter der kaufm\u00e4nnischen Verwaltung, wird Gesch\u00e4ftsf\u00fchrer. In seiner Funktion als k\u00fcnftiger Finanzchef der Gruppe \u2013 dem sogenannten Chief Financial Officer (CFO) \u2013 unterst\u00fctzt er seine Kollegen Leopold Graf von Drechsel und Ulrich Wagner.<\/p>\n<!-- \/divi:paragraph -->[\/et_pb_text][et_pb_image src=&#8221;https:\/\/wimex-group.com\/wp-content\/uploads\/2021\/01\/WMX_Wechsel_Geschaeftsfuehrung.jpg&#8221; _builder_version=&#8221;4.8.1&#8243; _module_preset=&#8221;default&#8221; title_text=&#8221;WMX_Wechsel_Gesch\u00e4ftsf\u00fchrung&#8221; custom_margin=&#8221;|15%||15%|false|true&#8221; custom_margin_last_edited=&#8221;on|phone&#8221; hover_enabled=&#8221;0&#8243; sticky_enabled=&#8221;0&#8243; custom_margin_tablet=&#8221;|5%||5%|false|true&#8221; custom_margin_phone=&#8221;|1%||1%|false|true&#8221;][\/et_pb_image][et_pb_text _builder_version=&#8221;4.8.1&#8243; text_font_size=&#8221;1.5em&#8221; hover_enabled=&#8221;0&#8243; text_font_size_tablet=&#8221;&#8221; text_font_size_phone=&#8221;1.3em&#8221; text_font_size_last_edited=&#8221;on|desktop&#8221; custom_margin=&#8221;|15%||15%|false|true&#8221; custom_margin_last_edited=&#8221;on|phone&#8221; sticky_enabled=&#8221;0&#8243; custom_margin_tablet=&#8221;|5%||5%|false|true&#8221; custom_margin_phone=&#8221;|1%||1%|false|true&#8221;]<p><span style=\"font-size: 21px;\">Gerhard Wagner hat das Unternehmen 1985 nicht nur gegr\u00fcndet, sondern als strategischer Kopf \u00fcber nunmehr 34 Jahre auch zu dem entwickelt, was es heute ist: ein expandierender mittelst\u00e4ndischer Familienbetrieb mit aktuell rund 1.300 Mitarbeitern, der mit den Sparten Gefl\u00fcgel, Landwirtschaft, Gem\u00fcse und Energie ebenso stabil wie zukunftsf\u00e4hig aufgestellt ist. Im noch jungen Gesch\u00e4ftsfeld Gem\u00fcsebau zum Beispiel hat sich das Unternehmen mit seiner regionalen Produktion in Deutschland in sehr kurzer Zeit zu einer relevanten und zuverl\u00e4ssigen Gr\u00f6\u00dfe entwickelt.<\/span><\/p>\n<p>Mit 80 Jahren nun will der Seniorchef k\u00fcnftig mehr Rad fahren und Schafkopfen, der Gesch\u00e4ftsf\u00fchrung aber weiterhin als Berater eng zur Seite stehen. Zu diesem Zweck hat Wimex einen Unternehmensbeirat gegr\u00fcndet. Ihm geh\u00f6ren neben Gerhard Wagner zwei erfahrene Berater an.<\/p>\n<p>Wimex ist das Lebenswerk Gerhard Wagners. Dass das Unternehmen heute so finanzstark und hervorragend vernetzt ist, schnell auf Markt- und Produktionsver\u00e4nderungen reagieren kann und \u00fcber eine hohe Wertsch\u00f6pfungstiefe verf\u00fcgt, schreibt Gerhard Wagner auch wichtigen Weggef\u00e4hrten zu. Dazu z\u00e4hlen insbesondere Friedhelm Pieper, mit dem er seit 1961 \u00fcber f\u00fcnf Jahrzehnte zusammengearbeitet hat; Leopold Graf von Drechsel, der ihn seit 1986 begleitet, und nicht zuletzt seinem Sohn Ulrich, der jetzt auch schon seit 27 Jahren mit zum Aufbau von Wimex beitr\u00e4gt.<\/p>\n<p>Eine gute Zukunft f\u00fcr das Unternehmen sieht unser Seniorchef im kontinuierlichen Ausbau der bestehenden Gesch\u00e4ftsfelder Gefl\u00fcgel, Landwirtschaft, Gem\u00fcse und Energie sowie in der Digitalisierung und der Entwicklung neuer Konzepte. Meilensteine f\u00fcr den Erfolg von Wimex sind f\u00fcr ihn r\u00fcckblickend vor allem die Entscheidungen, das Unternehmen in die neuen Bundesl\u00e4ndern auszudehnen und europaweit zu produzieren. Auch die fr\u00fche Vorstellung, Gefl\u00fcgelzucht und Landwirtschaft als nachhaltigen Produktionskreis zu sehen \u2012 vom Anbau hochwertiger Futtermittel bis hin zur stofflichen und energetischen Verwertung des H\u00fchnerkots \u2012 haben zum ebenso schnellen wie soliden Wachstum beigetragen. Der Rest sei Beziehungsarbeit, sagt Gerhard Wagner: Damit meint er das vertrauensvolle Verh\u00e4ltnis zwischen Wimex, Kunden und Partnern. Das Unternehmen genie\u00dft in der Branche und bei Gesch\u00e4ftspartnern einen \u00e4u\u00dferst guten Ruf. So soll es bleiben.<\/p>\n<p>Mit Ralph Weickert r\u00fcckt ein Mann in die Gesch\u00e4ftsf\u00fchrung auf, der seit dem Jahr 2005 bereits an Bord ist und das Vertrauen der Gesch\u00e4ftsf\u00fchrer und der gesamten Belegschaft genie\u00dft. Der Diplom-Kaufmann wei\u00df, was Wimex ausmacht. Gerhard Wagner sch\u00e4tzt an ihm neben dem gro\u00dfen Fachwissen und seiner Loyalit\u00e4t die hohe Flexibilit\u00e4t und Offenheit f\u00fcr neue Wege. Ralph Weickert, der \u00fcbrigens ein leidenschaftlicher Hobby-G\u00e4rtner ist, setzt zum Beispiel auf die vollst\u00e4ndige Digitalisierung der kaufm\u00e4nnischen Prozesse. Das erh\u00f6he die Effizienz und Transparenz, beides sei wichtig f\u00fcr die kaufm\u00e4nnische Steuerung.<\/p>\n<!-- \/divi:paragraph -->[\/et_pb_text][\/et_pb_column][\/et_pb_row][et_pb_row _builder_version=&#8221;4.7.4&#8243; _module_preset=&#8221;default&#8221;][et_pb_column type=&#8221;4_4&#8243; _builder_version=&#8221;4.7.4&#8243; _module_preset=&#8221;default&#8221;][et_pb_post_nav _builder_version=&#8221;4.7.4&#8243; _module_preset=&#8221;default&#8221;][\/et_pb_post_nav][\/et_pb_column][\/et_pb_row][\/et_pb_section]\n","protected":false},"excerpt":{"rendered":"<p>Firmengr\u00fcnder Gerhard Wagner wird sich einen Wunsch erf\u00fcllen: mehr Zeit f\u00fcr sich und die Zukunftsgestaltung der Wimex Gruppe. Damit er daf\u00fcr gen\u00fcgend Raum hat, gibt es zum 1. Juli 2019 einige Neuerungen in der Wimex Gruppe.<\/p>\n","protected":false},"author":4,"featured_media":1758,"comment_status":"open","ping_status":"open","sticky":false,"template":"","format":"standard","meta":{"_et_pb_use_builder":"on","_et_pb_old_content":"<!-- wp:paragraph -->\n<p>Dank einer Anfrage zweier Hobbysprayer wird das unser altes BALM-Lager in Rosefeld zum Objekt regelm\u00e4\u00dfiger Graffiti-Projekte. Bei dem Graffiti-Duo mit dem K\u00fcnstlernamen DRMLZ handelt es sich um die geb\u00fcrtigen Dessauer Stefan Schneider (42) und Stefan Berndt (36). Die beiden Freunde leben und arbeiten als Senior Designer in Berlin \u2026<\/p>\n<!-- \/wp:paragraph -->\n\n<!-- wp:paragraph -->\n<p>Natate peris vitatem vel idis eseruptum ea acerro mint enihicatist lab ium faccust, cus ex eliquos vid quatqui dolorist iderepu disciaes mod qui dolum quam, que dollest, quam, ut aut aut quidellabor apeliquat.<br>Ictemquam imporep udandissi sum suntem cuptae solliquae peliate cabores erumet il idi temporest, od es voluptis volent omnihiliqui optatent utem nonsequid ut quis reptumque pla doloris vellate mporempostis volest mo ipsam, sim dolore, tetur, simust, sit porae aut quunt quunte non re sim el is alis dentinverias eumque volupta tustis dist, natus dolorite cuptatem exernatur secti asperep udigenimus audit reped quam eiciis quo des qui volectem demperci officia intinvendus aspere idis mo eius de quae pos esequam, ipis doluptatios quuntiis que nis iur, simporrovita cum rese volupta quamus.<br>Iquam arioriost quo quo dolupti odi dolupit re voluptistis volorae sus pro veliquatur a plitat.<\/p>\n<!-- \/wp:paragraph -->\n\n<!-- wp:paragraph -->\n<p>Raturi nectorectis raectum incia con commoluptat offictur?<br>Dae sit officidem nobis aut adit aut maximinctus dissed que core peditatur maximil isinis ante vereptatur, sites que porerum que ma con eos quam renda nienis et lantiusciet vendebit exernatur? Qui nonsequiaes nemos eum id molore lacerch icidem re, consecuptur ma aut pe dolorem poreseq uatemolorat ipidi si bera nis vitionse occatus serum fuga. Namenimust volupta tenime lantur, non nonse quiam rerum hit, sumquam enem cus, sanditiur? Quist autem volor andi dolecto remporum eum am quo moluptat dendam, nemporem rat quidem vendi occulpa nonserum accatio odis il ipiciusam consenem quia et escid que idebit, ut aspidel ibeaquam et.<\/p>\n<!-- \/wp:paragraph -->","_et_gb_content_width":"2880","footnotes":""},"categories":[11,1],"tags":[],"class_list":["post-1757","post","type-post","status-publish","format-standard","has-post-thumbnail","hentry","category-news-startseite","category-unkategorisiert"],"yoast_head":"<!-- This site is optimized with the Yoast SEO plugin v27.3 - https:\/\/yoast.com\/product\/yoast-seo-wordpress\/ -->\n<title>Wechsel in der Gesch\u00e4ftsf\u00fchrung - wimex-group<\/title>\n<meta name=\"robots\" content=\"index, follow, max-snippet:-1, max-image-preview:large, max-video-preview:-1\" \/>\n<link rel=\"canonical\" href=\"https:\/\/wimex-group.com\/en\/wechsel-in-der-geschaeftsfuehrung-der-wimex-gruppe\/\" \/>\n<meta property=\"og:locale\" content=\"en_US\" \/>\n<meta property=\"og:type\" content=\"article\" \/>\n<meta property=\"og:title\" content=\"Wechsel in der Gesch\u00e4ftsf\u00fchrung - wimex-group\" \/>\n<meta property=\"og:description\" content=\"Firmengr\u00fcnder Gerhard Wagner wird sich einen Wunsch erf\u00fcllen: mehr Zeit f\u00fcr sich und die Zukunftsgestaltung der Wimex Gruppe. Damit er daf\u00fcr gen\u00fcgend Raum hat, gibt es zum 1. Juli 2019 einige Neuerungen in der Wimex Gruppe.\" \/>\n<meta property=\"og:url\" content=\"https:\/\/wimex-group.com\/en\/wechsel-in-der-geschaeftsfuehrung-der-wimex-gruppe\/\" \/>\n<meta property=\"og:site_name\" content=\"wimex-group\" \/>\n<meta property=\"article:published_time\" content=\"2019-06-06T12:26:00+00:00\" \/>\n<meta property=\"article:modified_time\" content=\"2021-01-22T08:35:18+00:00\" \/>\n<meta property=\"og:image\" content=\"https:\/\/wimex-group.com\/wp-content\/uploads\/2021\/01\/WMX_Wechsel_Geschaeftsfuehrung.jpg\" \/>\n\t<meta property=\"og:image:width\" content=\"1024\" \/>\n\t<meta property=\"og:image:height\" content=\"684\" \/>\n\t<meta property=\"og:image:type\" content=\"image\/jpeg\" \/>\n<meta name=\"author\" content=\"Christian M\u00f6sbauer\" \/>\n<meta name=\"twitter:card\" content=\"summary_large_image\" \/>\n<meta name=\"twitter:label1\" content=\"Written by\" \/>\n\t<meta name=\"twitter:data1\" content=\"Christian M\u00f6sbauer\" \/>\n\t<meta name=\"twitter:label2\" content=\"Est. reading time\" \/>\n\t<meta name=\"twitter:data2\" content=\"5 minutes\" \/>\n<script type=\"application\/ld+json\" class=\"yoast-schema-graph\">{\"@context\":\"https:\\\/\\\/schema.org\",\"@graph\":[{\"@type\":\"Article\",\"@id\":\"https:\\\/\\\/wimex-group.com\\\/en\\\/wechsel-in-der-geschaeftsfuehrung-der-wimex-gruppe\\\/#article\",\"isPartOf\":{\"@id\":\"https:\\\/\\\/wimex-group.com\\\/en\\\/wechsel-in-der-geschaeftsfuehrung-der-wimex-gruppe\\\/\"},\"author\":{\"name\":\"Christian M\u00f6sbauer\",\"@id\":\"https:\\\/\\\/wimex-group.com\\\/en\\\/#\\\/schema\\\/person\\\/a40389b6c8655911f422d861623474cb\"},\"headline\":\"Wechsel in der Gesch\u00e4ftsf\u00fchrung\",\"datePublished\":\"2019-06-06T12:26:00+00:00\",\"dateModified\":\"2021-01-22T08:35:18+00:00\",\"mainEntityOfPage\":{\"@id\":\"https:\\\/\\\/wimex-group.com\\\/en\\\/wechsel-in-der-geschaeftsfuehrung-der-wimex-gruppe\\\/\"},\"wordCount\":1027,\"commentCount\":0,\"image\":{\"@id\":\"https:\\\/\\\/wimex-group.com\\\/en\\\/wechsel-in-der-geschaeftsfuehrung-der-wimex-gruppe\\\/#primaryimage\"},\"thumbnailUrl\":\"https:\\\/\\\/wimex-group.com\\\/wp-content\\\/uploads\\\/2021\\\/01\\\/WMX_Wechsel_Geschaeftsfuehrung.jpg\",\"articleSection\":[\"News Startseite\",\"Unkategorisiert\"],\"inLanguage\":\"en-US\",\"potentialAction\":[{\"@type\":\"CommentAction\",\"name\":\"Comment\",\"target\":[\"https:\\\/\\\/wimex-group.com\\\/en\\\/wechsel-in-der-geschaeftsfuehrung-der-wimex-gruppe\\\/#respond\"]}]},{\"@type\":\"WebPage\",\"@id\":\"https:\\\/\\\/wimex-group.com\\\/en\\\/wechsel-in-der-geschaeftsfuehrung-der-wimex-gruppe\\\/\",\"url\":\"https:\\\/\\\/wimex-group.com\\\/en\\\/wechsel-in-der-geschaeftsfuehrung-der-wimex-gruppe\\\/\",\"name\":\"Wechsel in der Gesch\u00e4ftsf\u00fchrung - wimex-group\",\"isPartOf\":{\"@id\":\"https:\\\/\\\/wimex-group.com\\\/en\\\/#website\"},\"primaryImageOfPage\":{\"@id\":\"https:\\\/\\\/wimex-group.com\\\/en\\\/wechsel-in-der-geschaeftsfuehrung-der-wimex-gruppe\\\/#primaryimage\"},\"image\":{\"@id\":\"https:\\\/\\\/wimex-group.com\\\/en\\\/wechsel-in-der-geschaeftsfuehrung-der-wimex-gruppe\\\/#primaryimage\"},\"thumbnailUrl\":\"https:\\\/\\\/wimex-group.com\\\/wp-content\\\/uploads\\\/2021\\\/01\\\/WMX_Wechsel_Geschaeftsfuehrung.jpg\",\"datePublished\":\"2019-06-06T12:26:00+00:00\",\"dateModified\":\"2021-01-22T08:35:18+00:00\",\"author\":{\"@id\":\"https:\\\/\\\/wimex-group.com\\\/en\\\/#\\\/schema\\\/person\\\/a40389b6c8655911f422d861623474cb\"},\"breadcrumb\":{\"@id\":\"https:\\\/\\\/wimex-group.com\\\/en\\\/wechsel-in-der-geschaeftsfuehrung-der-wimex-gruppe\\\/#breadcrumb\"},\"inLanguage\":\"en-US\",\"potentialAction\":[{\"@type\":\"ReadAction\",\"target\":[\"https:\\\/\\\/wimex-group.com\\\/en\\\/wechsel-in-der-geschaeftsfuehrung-der-wimex-gruppe\\\/\"]}]},{\"@type\":\"ImageObject\",\"inLanguage\":\"en-US\",\"@id\":\"https:\\\/\\\/wimex-group.com\\\/en\\\/wechsel-in-der-geschaeftsfuehrung-der-wimex-gruppe\\\/#primaryimage\",\"url\":\"https:\\\/\\\/wimex-group.com\\\/wp-content\\\/uploads\\\/2021\\\/01\\\/WMX_Wechsel_Geschaeftsfuehrung.jpg\",\"contentUrl\":\"https:\\\/\\\/wimex-group.com\\\/wp-content\\\/uploads\\\/2021\\\/01\\\/WMX_Wechsel_Geschaeftsfuehrung.jpg\",\"width\":1024,\"height\":684},{\"@type\":\"BreadcrumbList\",\"@id\":\"https:\\\/\\\/wimex-group.com\\\/en\\\/wechsel-in-der-geschaeftsfuehrung-der-wimex-gruppe\\\/#breadcrumb\",\"itemListElement\":[{\"@type\":\"ListItem\",\"position\":1,\"name\":\"Startseite\",\"item\":\"https:\\\/\\\/wimex-group.com\\\/en\\\/\"},{\"@type\":\"ListItem\",\"position\":2,\"name\":\"Wechsel in der Gesch\u00e4ftsf\u00fchrung\"}]},{\"@type\":\"WebSite\",\"@id\":\"https:\\\/\\\/wimex-group.com\\\/en\\\/#website\",\"url\":\"https:\\\/\\\/wimex-group.com\\\/en\\\/\",\"name\":\"wimex-group\",\"description\":\"Wimex Group\",\"potentialAction\":[{\"@type\":\"SearchAction\",\"target\":{\"@type\":\"EntryPoint\",\"urlTemplate\":\"https:\\\/\\\/wimex-group.com\\\/en\\\/?s={search_term_string}\"},\"query-input\":{\"@type\":\"PropertyValueSpecification\",\"valueRequired\":true,\"valueName\":\"search_term_string\"}}],\"inLanguage\":\"en-US\"},{\"@type\":\"Person\",\"@id\":\"https:\\\/\\\/wimex-group.com\\\/en\\\/#\\\/schema\\\/person\\\/a40389b6c8655911f422d861623474cb\",\"name\":\"Christian M\u00f6sbauer\",\"image\":{\"@type\":\"ImageObject\",\"inLanguage\":\"en-US\",\"@id\":\"https:\\\/\\\/secure.gravatar.com\\\/avatar\\\/06875c1b4a92386eb292687c3b8d5bc5ccc1556d275ae04eb27236e2a8d3d9d5?s=96&d=mm&r=g\",\"url\":\"https:\\\/\\\/secure.gravatar.com\\\/avatar\\\/06875c1b4a92386eb292687c3b8d5bc5ccc1556d275ae04eb27236e2a8d3d9d5?s=96&d=mm&r=g\",\"contentUrl\":\"https:\\\/\\\/secure.gravatar.com\\\/avatar\\\/06875c1b4a92386eb292687c3b8d5bc5ccc1556d275ae04eb27236e2a8d3d9d5?s=96&d=mm&r=g\",\"caption\":\"Christian M\u00f6sbauer\"},\"url\":\"https:\\\/\\\/wimex-group.com\\\/en\\\/author\\\/cmoesbauer\\\/\"}]}<\/script>\n<!-- \/ Yoast SEO plugin. -->","yoast_head_json":{"title":"Wechsel in der Gesch\u00e4ftsf\u00fchrung - wimex-group","robots":{"index":"index","follow":"follow","max-snippet":"max-snippet:-1","max-image-preview":"max-image-preview:large","max-video-preview":"max-video-preview:-1"},"canonical":"https:\/\/wimex-group.com\/en\/wechsel-in-der-geschaeftsfuehrung-der-wimex-gruppe\/","og_locale":"en_US","og_type":"article","og_title":"Wechsel in der Gesch\u00e4ftsf\u00fchrung - wimex-group","og_description":"Firmengr\u00fcnder Gerhard Wagner wird sich einen Wunsch erf\u00fcllen: mehr Zeit f\u00fcr sich und die Zukunftsgestaltung der Wimex Gruppe. Damit er daf\u00fcr gen\u00fcgend Raum hat, gibt es zum 1. Juli 2019 einige Neuerungen in der Wimex Gruppe.","og_url":"https:\/\/wimex-group.com\/en\/wechsel-in-der-geschaeftsfuehrung-der-wimex-gruppe\/","og_site_name":"wimex-group","article_published_time":"2019-06-06T12:26:00+00:00","article_modified_time":"2021-01-22T08:35:18+00:00","og_image":[{"width":1024,"height":684,"url":"https:\/\/wimex-group.com\/wp-content\/uploads\/2021\/01\/WMX_Wechsel_Geschaeftsfuehrung.jpg","type":"image\/jpeg"}],"author":"Christian M\u00f6sbauer","twitter_card":"summary_large_image","twitter_misc":{"Written by":"Christian M\u00f6sbauer","Est. reading time":"5 minutes"},"schema":{"@context":"https:\/\/schema.org","@graph":[{"@type":"Article","@id":"https:\/\/wimex-group.com\/en\/wechsel-in-der-geschaeftsfuehrung-der-wimex-gruppe\/#article","isPartOf":{"@id":"https:\/\/wimex-group.com\/en\/wechsel-in-der-geschaeftsfuehrung-der-wimex-gruppe\/"},"author":{"name":"Christian M\u00f6sbauer","@id":"https:\/\/wimex-group.com\/en\/#\/schema\/person\/a40389b6c8655911f422d861623474cb"},"headline":"Wechsel in der Gesch\u00e4ftsf\u00fchrung","datePublished":"2019-06-06T12:26:00+00:00","dateModified":"2021-01-22T08:35:18+00:00","mainEntityOfPage":{"@id":"https:\/\/wimex-group.com\/en\/wechsel-in-der-geschaeftsfuehrung-der-wimex-gruppe\/"},"wordCount":1027,"commentCount":0,"image":{"@id":"https:\/\/wimex-group.com\/en\/wechsel-in-der-geschaeftsfuehrung-der-wimex-gruppe\/#primaryimage"},"thumbnailUrl":"https:\/\/wimex-group.com\/wp-content\/uploads\/2021\/01\/WMX_Wechsel_Geschaeftsfuehrung.jpg","articleSection":["News Startseite","Unkategorisiert"],"inLanguage":"en-US","potentialAction":[{"@type":"CommentAction","name":"Comment","target":["https:\/\/wimex-group.com\/en\/wechsel-in-der-geschaeftsfuehrung-der-wimex-gruppe\/#respond"]}]},{"@type":"WebPage","@id":"https:\/\/wimex-group.com\/en\/wechsel-in-der-geschaeftsfuehrung-der-wimex-gruppe\/","url":"https:\/\/wimex-group.com\/en\/wechsel-in-der-geschaeftsfuehrung-der-wimex-gruppe\/","name":"Wechsel in der Gesch\u00e4ftsf\u00fchrung - wimex-group","isPartOf":{"@id":"https:\/\/wimex-group.com\/en\/#website"},"primaryImageOfPage":{"@id":"https:\/\/wimex-group.com\/en\/wechsel-in-der-geschaeftsfuehrung-der-wimex-gruppe\/#primaryimage"},"image":{"@id":"https:\/\/wimex-group.com\/en\/wechsel-in-der-geschaeftsfuehrung-der-wimex-gruppe\/#primaryimage"},"thumbnailUrl":"https:\/\/wimex-group.com\/wp-content\/uploads\/2021\/01\/WMX_Wechsel_Geschaeftsfuehrung.jpg","datePublished":"2019-06-06T12:26:00+00:00","dateModified":"2021-01-22T08:35:18+00:00","author":{"@id":"https:\/\/wimex-group.com\/en\/#\/schema\/person\/a40389b6c8655911f422d861623474cb"},"breadcrumb":{"@id":"https:\/\/wimex-group.com\/en\/wechsel-in-der-geschaeftsfuehrung-der-wimex-gruppe\/#breadcrumb"},"inLanguage":"en-US","potentialAction":[{"@type":"ReadAction","target":["https:\/\/wimex-group.com\/en\/wechsel-in-der-geschaeftsfuehrung-der-wimex-gruppe\/"]}]},{"@type":"ImageObject","inLanguage":"en-US","@id":"https:\/\/wimex-group.com\/en\/wechsel-in-der-geschaeftsfuehrung-der-wimex-gruppe\/#primaryimage","url":"https:\/\/wimex-group.com\/wp-content\/uploads\/2021\/01\/WMX_Wechsel_Geschaeftsfuehrung.jpg","contentUrl":"https:\/\/wimex-group.com\/wp-content\/uploads\/2021\/01\/WMX_Wechsel_Geschaeftsfuehrung.jpg","width":1024,"height":684},{"@type":"BreadcrumbList","@id":"https:\/\/wimex-group.com\/en\/wechsel-in-der-geschaeftsfuehrung-der-wimex-gruppe\/#breadcrumb","itemListElement":[{"@type":"ListItem","position":1,"name":"Startseite","item":"https:\/\/wimex-group.com\/en\/"},{"@type":"ListItem","position":2,"name":"Wechsel in der Gesch\u00e4ftsf\u00fchrung"}]},{"@type":"WebSite","@id":"https:\/\/wimex-group.com\/en\/#website","url":"https:\/\/wimex-group.com\/en\/","name":"wimex-group","description":"Wimex Group","potentialAction":[{"@type":"SearchAction","target":{"@type":"EntryPoint","urlTemplate":"https:\/\/wimex-group.com\/en\/?s={search_term_string}"},"query-input":{"@type":"PropertyValueSpecification","valueRequired":true,"valueName":"search_term_string"}}],"inLanguage":"en-US"},{"@type":"Person","@id":"https:\/\/wimex-group.com\/en\/#\/schema\/person\/a40389b6c8655911f422d861623474cb","name":"Christian M\u00f6sbauer","image":{"@type":"ImageObject","inLanguage":"en-US","@id":"https:\/\/secure.gravatar.com\/avatar\/06875c1b4a92386eb292687c3b8d5bc5ccc1556d275ae04eb27236e2a8d3d9d5?s=96&d=mm&r=g","url":"https:\/\/secure.gravatar.com\/avatar\/06875c1b4a92386eb292687c3b8d5bc5ccc1556d275ae04eb27236e2a8d3d9d5?s=96&d=mm&r=g","contentUrl":"https:\/\/secure.gravatar.com\/avatar\/06875c1b4a92386eb292687c3b8d5bc5ccc1556d275ae04eb27236e2a8d3d9d5?s=96&d=mm&r=g","caption":"Christian M\u00f6sbauer"},"url":"https:\/\/wimex-group.com\/en\/author\/cmoesbauer\/"}]}},"_links":{"self":[{"href":"https:\/\/wimex-group.com\/en\/wp-json\/wp\/v2\/posts\/1757","targetHints":{"allow":["GET"]}}],"collection":[{"href":"https:\/\/wimex-group.com\/en\/wp-json\/wp\/v2\/posts"}],"about":[{"href":"https:\/\/wimex-group.com\/en\/wp-json\/wp\/v2\/types\/post"}],"author":[{"embeddable":true,"href":"https:\/\/wimex-group.com\/en\/wp-json\/wp\/v2\/users\/4"}],"replies":[{"embeddable":true,"href":"https:\/\/wimex-group.com\/en\/wp-json\/wp\/v2\/comments?post=1757"}],"version-history":[{"count":4,"href":"https:\/\/wimex-group.com\/en\/wp-json\/wp\/v2\/posts\/1757\/revisions"}],"predecessor-version":[{"id":2080,"href":"https:\/\/wimex-group.com\/en\/wp-json\/wp\/v2\/posts\/1757\/revisions\/2080"}],"wp:featuredmedia":[{"embeddable":true,"href":"https:\/\/wimex-group.com\/en\/wp-json\/wp\/v2\/media\/1758"}],"wp:attachment":[{"href":"https:\/\/wimex-group.com\/en\/wp-json\/wp\/v2\/media?parent=1757"}],"wp:term":[{"taxonomy":"category","embeddable":true,"href":"https:\/\/wimex-group.com\/en\/wp-json\/wp\/v2\/categories?post=1757"},{"taxonomy":"post_tag","embeddable":true,"href":"https:\/\/wimex-group.com\/en\/wp-json\/wp\/v2\/tags?post=1757"}],"curies":[{"name":"wp","href":"https:\/\/api.w.org\/{rel}","templated":true}]}}