{"id":1811,"date":"2020-05-05T15:19:00","date_gmt":"2020-05-05T13:19:00","guid":{"rendered":"https:\/\/www.wimex-group.com\/?p=1811"},"modified":"2021-01-22T12:29:20","modified_gmt":"2021-01-22T11:29:20","slug":"pressemitteilung-freude-fuer-augen-und-gaumen","status":"publish","type":"post","link":"https:\/\/wimex-group.com\/en\/pressemitteilung-freude-fuer-augen-und-gaumen\/","title":{"rendered":"Freude f\u00fcr Augen und Gaumen"},"content":{"rendered":"\n\n[et_pb_section fb_built=&#8221;1&#8243; _builder_version=&#8221;4.8.1&#8243; background_image=&#8221;https:\/\/wimex-group.com\/wp-content\/uploads\/2020\/12\/WMX_News_Intro.jpg&#8221; min_height=&#8221;350px&#8221; min_height_tablet=&#8221;&#8221; min_height_phone=&#8221;250px&#8221; min_height_last_edited=&#8221;on|phone&#8221; max_height=&#8221;350px&#8221; hover_enabled=&#8221;0&#8243; title_text=&#8221;WMX_News_Intro&#8221; sticky_enabled=&#8221;0&#8243;][\/et_pb_section][et_pb_section fb_built=&#8221;1&#8243; _builder_version=&#8221;3.22&#8243;][et_pb_row _builder_version=&#8221;4.7.4&#8243; background_size=&#8221;initial&#8221; background_position=&#8221;top_left&#8221; background_repeat=&#8221;repeat&#8221;][et_pb_column type=&#8221;4_4&#8243; _builder_version=&#8221;3.25&#8243; custom_padding=&#8221;|||&#8221; custom_padding__hover=&#8221;|||&#8221;][et_pb_text _builder_version=&#8221;4.8.1&#8243; _dynamic_attributes=&#8221;content&#8221; text_font_size=&#8221;4em&#8221; text_line_height=&#8221;1.4em&#8221; text_orientation=&#8221;center&#8221; hover_enabled=&#8221;0&#8243; text_font_size_tablet=&#8221;3.6em&#8221; text_font_size_phone=&#8221;2.9em&#8221; text_font_size_last_edited=&#8221;on|tablet&#8221; custom_margin=&#8221;|15%||15%|false|false&#8221; custom_margin_last_edited=&#8221;on|phone&#8221; sticky_enabled=&#8221;0&#8243; custom_margin_tablet=&#8221;|5%||5%|false|false&#8221; custom_margin_phone=&#8221;|2%||2%|false|false&#8221;]@ET-DC@eyJkeW5hbWljIjp0cnVlLCJjb250ZW50IjoicG9zdF90aXRsZSIsInNldHRpbmdzIjp7ImJlZm9yZSI6IiIsImFmdGVyIjoiIn19@[\/et_pb_text][et_pb_text content_last_edited=&#8221;off|tablet&#8221; _builder_version=&#8221;4.8.1&#8243; _dynamic_attributes=&#8221;content&#8221; text_font=&#8221;Arial||||||||&#8221; text_font_size=&#8221;1.5em&#8221; text_line_height=&#8221;1.4em&#8221; text_orientation=&#8221;center&#8221; hover_enabled=&#8221;0&#8243; text_font_size_tablet=&#8221;1.25em&#8221; text_font_size_phone=&#8221;1.25em&#8221; text_font_size_last_edited=&#8221;on|tablet&#8221; content__hover_enabled=&#8221;off|desktop&#8221; text_text_color=&#8221;#0781CE&#8221; sticky_enabled=&#8221;0&#8243;]@ET-DC@eyJkeW5hbWljIjp0cnVlLCJjb250ZW50IjoicG9zdF9kYXRlIiwic2V0dGluZ3MiOnsiYmVmb3JlIjoiIiwiYWZ0ZXIiOiIiLCJkYXRlX2Zvcm1hdCI6ImRlZmF1bHQiLCJjdXN0b21fZGF0ZV9mb3JtYXQiOiIifX0=@[\/et_pb_text][\/et_pb_column][\/et_pb_row][et_pb_row _builder_version=&#8221;4.7.7&#8243; background_size=&#8221;initial&#8221; background_position=&#8221;top_left&#8221; background_repeat=&#8221;repeat&#8221; module_alignment=&#8221;center&#8221; custom_margin=&#8221;|auto||411px||&#8221;][et_pb_column type=&#8221;4_4&#8243; _builder_version=&#8221;3.25&#8243; custom_padding=&#8221;|||&#8221; custom_padding__hover=&#8221;|||&#8221;][et_pb_text _builder_version=&#8221;4.8.1&#8243; text_font_size=&#8221;1.5em&#8221; custom_padding=&#8221;||0px|||&#8221; hover_enabled=&#8221;0&#8243; text_font_size_tablet=&#8221;&#8221; text_font_size_phone=&#8221;1.3em&#8221; text_font_size_last_edited=&#8221;on|desktop&#8221; custom_margin=&#8221;|15%||15%|false|false&#8221; custom_margin_last_edited=&#8221;on|phone&#8221; sticky_enabled=&#8221;0&#8243; custom_margin_tablet=&#8221;|5%||5%|false|false&#8221; custom_margin_phone=&#8221;|2%||2%|false|false&#8221;]<p>Mit dem Start der Erdbeerernte im High-Tech-Gew\u00e4chshaus in Osterweddingen bringt B\u00f6rdegarten in diesen Tagen frisches heimisches Obst in die Gesch\u00e4fte. \u201eGerade in der aktuellen Situation sind frische Erdbeeren aus der Region ein kleiner Farbtupfer im Alltag\u201c, freut sich Ulrich Wagner, Gesch\u00e4ftsf\u00fchrer der Wimex Gruppe. Das Unternehmen versorgt mit Obst und Gem\u00fcse unter dem Namen B\u00f6rdegarten den Lebensmitteleinzelhandel in Ostdeutschland. Ein Jahr nach der Fertigstellung des fast neun Fu\u00dfballfelder gro\u00dfen High-Tech-Gew\u00e4chshauses sorgen dort rund 160.000 Erdbeerpflanzen f\u00fcr den Nachschub der s\u00fc\u00dfen Fr\u00fcchte in den n\u00e4chsten Wochen. \u201eEs ist beeindruckend, was das B\u00f6rdegarten-Team im Gew\u00e4chshaus leistet und welchen Beitrag die G\u00e4rtner dort zur Versorgung der Menschen mit heimischem Obst und Gem\u00fcse leisten\u201c, erkl\u00e4rt J\u00f6rg Methner, B\u00fcrgermeister der Gemeinde S\u00fclzetal, zu der Osterweddingen geh\u00f6rt. Er hatte sich nach der Insolvenz des urspr\u00fcnglichen Bauherren aktiv in die Verhandlungen mit B\u00f6rdegarten eingebracht. Das Unternehmen hat das Gew\u00e4chshaus Ende 2018 \u00fcbernommen, fertig gestellt und baut dort nun mit modernsten Methoden vor allem Schlangengurken und Erdbeeren an.<br \/> <br \/><strong>Angebot w\u00e4chst \u2013 helfende H\u00e4nde sind da<\/strong><br \/> <br \/>In K\u00fcrze folgt ein weiterer Gaumenschmaus: Mitte Mai kommen Basilikum, Petersilie und Schnittlauch zur Auslieferung. Sie gehen als Topfware in den Handel, so dass Verbraucherinnen und Verbraucher daran lange Freude und Nachschub vom eigenen Fensterbrett haben. Die Kr\u00e4uter wachsen derzeit in einem eigenen Gew\u00e4chshausabteil unter optimalen Bedingungen heran: Sensoren steuern vollautomatisch Temperatur, Wasserversorgung und Frischluftzuf\u00fchrung, auch die wichtigen Pflanzenn\u00e4hrstoffe werden genau abgestimmt und auf Kultur und Vegetationsstand dosiert. \u201eWir gehen exakt auf die Bed\u00fcrfnisse der jeweiligen Pflanzengruppen ein \u2013 ein zu viel oder zu wenig gibt es nicht\u201c, erkl\u00e4rt Ulrich Wagner. Diese kontrollierten Bedingungen erm\u00f6glichen einen weitgehenden Verzicht auf chemische Pflanzenschutzma\u00dfnahmen. Gegen Schadinsekten sind, je nach Kultur, N\u00fctzlinge wie zum Beispiel Marienk\u00e4fer im Einsatz.<br \/> <br \/>Um die Ernte von Erdbeeren, Gurken und die Konfektionierung der Kr\u00e4utert\u00f6pfe k\u00fcmmern sich aktuell 50 Mitarbeiter im Gew\u00e4chshaus. \u201eWir sind sehr froh, dass unsere bew\u00e4hrten Helfer aus Osteuropa nun l\u00e4nger bleiben d\u00fcrfen. Diese Mitarbeiter kennen sich aus, wir k\u00f6nnen uns auf sie verlassen\u201c, betont Ulrich Wagner und lobt ausdr\u00fccklich die Sonderregelung der Bundesregierung. Sie hatten Aufenthaltsdauer ausl\u00e4ndischer Erntehelfer k\u00fcrzlich von urspr\u00fcnglich 70 Tagen auf 115 Tage verl\u00e4ngert. Zus\u00e4tzlich unterst\u00fctzen gut 20 Mitarbeiter eines Franchise-Gastronomiebetriebes aus Magdeburg die Erntearbeiten. Sie stocken durch die Erntet\u00e4tigkeit ihr Kurzarbeitergeld auf und gewinnen in der aktuellen Situation zudem Einblicke in einen modernen und ressourcenschonenden Zweig der Landwirtschaft.<\/p>[\/et_pb_text][\/et_pb_column][\/et_pb_row][et_pb_row _builder_version=&#8221;4.7.4&#8243; _module_preset=&#8221;default&#8221;][et_pb_column type=&#8221;4_4&#8243; _builder_version=&#8221;4.7.4&#8243; _module_preset=&#8221;default&#8221;][et_pb_post_nav _builder_version=&#8221;4.7.4&#8243; _module_preset=&#8221;default&#8221;][\/et_pb_post_nav][\/et_pb_column][\/et_pb_row][\/et_pb_section]\n\n","protected":false},"excerpt":{"rendered":"<p>Mit dem Start der Erdbeerernte im High-Tech-Gew\u00e4chshaus in Osterweddingen bringt B\u00f6rdegarten in diesen Tagen frisches heimisches Obst in die Gesch\u00e4fte. \u201eGerade in der aktuellen Situation sind frische Erdbeeren aus der Region ein kleiner Farbtupfer im Alltag\u201c, freut sich Ulrich Wagner, Gesch\u00e4ftsf\u00fchrer der Wimex Gruppe.<\/p>\n","protected":false},"author":4,"featured_media":1589,"comment_status":"open","ping_status":"open","sticky":false,"template":"","format":"standard","meta":{"_et_pb_use_builder":"on","_et_pb_old_content":"<!-- wp:paragraph -->\n<p>Dank einer Anfrage zweier Hobbysprayer wird das unser altes BALM-Lager in Rosefeld zum Objekt regelm\u00e4\u00dfiger Graffiti-Projekte. Bei dem Graffiti-Duo mit dem K\u00fcnstlernamen DRMLZ handelt es sich um die geb\u00fcrtigen Dessauer Stefan Schneider (42) und Stefan Berndt (36). Die beiden Freunde leben und arbeiten als Senior Designer in Berlin \u2026<\/p>\n<!-- \/wp:paragraph -->\n\n<!-- wp:paragraph -->\n<p>Natate peris vitatem vel idis eseruptum ea acerro mint enihicatist lab ium faccust, cus ex eliquos vid quatqui dolorist iderepu disciaes mod qui dolum quam, que dollest, quam, ut aut aut quidellabor apeliquat.<br>Ictemquam imporep udandissi sum suntem cuptae solliquae peliate cabores erumet il idi temporest, od es voluptis volent omnihiliqui optatent utem nonsequid ut quis reptumque pla doloris vellate mporempostis volest mo ipsam, sim dolore, tetur, simust, sit porae aut quunt quunte non re sim el is alis dentinverias eumque volupta tustis dist, natus dolorite cuptatem exernatur secti asperep udigenimus audit reped quam eiciis quo des qui volectem demperci officia intinvendus aspere idis mo eius de quae pos esequam, ipis doluptatios quuntiis que nis iur, simporrovita cum rese volupta quamus.<br>Iquam arioriost quo quo dolupti odi dolupit re voluptistis volorae sus pro veliquatur a plitat.<\/p>\n<!-- \/wp:paragraph -->\n\n<!-- wp:paragraph -->\n<p>Raturi nectorectis raectum incia con commoluptat offictur?<br>Dae sit officidem nobis aut adit aut maximinctus dissed que core peditatur maximil isinis ante vereptatur, sites que porerum que ma con eos quam renda nienis et lantiusciet vendebit exernatur? Qui nonsequiaes nemos eum id molore lacerch icidem re, consecuptur ma aut pe dolorem poreseq uatemolorat ipidi si bera nis vitionse occatus serum fuga. Namenimust volupta tenime lantur, non nonse quiam rerum hit, sumquam enem cus, sanditiur? Quist autem volor andi dolecto remporum eum am quo moluptat dendam, nemporem rat quidem vendi occulpa nonserum accatio odis il ipiciusam consenem quia et escid que idebit, ut aspidel ibeaquam et.<\/p>\n<!-- \/wp:paragraph -->","_et_gb_content_width":"2880","footnotes":""},"categories":[12,1],"tags":[],"class_list":["post-1811","post","type-post","status-publish","format-standard","has-post-thumbnail","hentry","category-pressemitteilung","category-unkategorisiert"],"yoast_head":"<!-- This site is optimized with the Yoast SEO plugin v27.3 - https:\/\/yoast.com\/product\/yoast-seo-wordpress\/ -->\n<title>Freude f\u00fcr Augen und Gaumen - wimex-group<\/title>\n<meta name=\"robots\" content=\"index, follow, max-snippet:-1, max-image-preview:large, max-video-preview:-1\" \/>\n<link rel=\"canonical\" href=\"https:\/\/wimex-group.com\/en\/pressemitteilung-freude-fuer-augen-und-gaumen\/\" \/>\n<meta property=\"og:locale\" content=\"en_US\" \/>\n<meta property=\"og:type\" content=\"article\" \/>\n<meta property=\"og:title\" content=\"Freude f\u00fcr Augen und Gaumen - wimex-group\" \/>\n<meta property=\"og:description\" content=\"Mit dem Start der Erdbeerernte im High-Tech-Gew\u00e4chshaus in Osterweddingen bringt B\u00f6rdegarten in diesen Tagen frisches heimisches Obst in die Gesch\u00e4fte. \u201eGerade in der aktuellen Situation sind frische Erdbeeren aus der Region ein kleiner Farbtupfer im Alltag\u201c, freut sich Ulrich Wagner, Gesch\u00e4ftsf\u00fchrer der Wimex Gruppe.\" \/>\n<meta property=\"og:url\" content=\"https:\/\/wimex-group.com\/en\/pressemitteilung-freude-fuer-augen-und-gaumen\/\" \/>\n<meta property=\"og:site_name\" content=\"wimex-group\" \/>\n<meta property=\"article:published_time\" content=\"2020-05-05T13:19:00+00:00\" \/>\n<meta property=\"article:modified_time\" content=\"2021-01-22T11:29:20+00:00\" \/>\n<meta property=\"og:image\" content=\"https:\/\/wimex-group.com\/wp-content\/uploads\/2021\/01\/WMX_Gemuese_und_Obst_Gewaechshaus.jpg\" \/>\n\t<meta property=\"og:image:width\" content=\"500\" \/>\n\t<meta property=\"og:image:height\" content=\"260\" \/>\n\t<meta property=\"og:image:type\" content=\"image\/jpeg\" \/>\n<meta name=\"author\" content=\"Christian M\u00f6sbauer\" \/>\n<meta name=\"twitter:card\" content=\"summary_large_image\" \/>\n<meta name=\"twitter:label1\" content=\"Written by\" \/>\n\t<meta name=\"twitter:data1\" content=\"Christian M\u00f6sbauer\" \/>\n\t<meta name=\"twitter:label2\" content=\"Est. reading time\" \/>\n\t<meta name=\"twitter:data2\" content=\"4 minutes\" \/>\n<script type=\"application\/ld+json\" class=\"yoast-schema-graph\">{\"@context\":\"https:\\\/\\\/schema.org\",\"@graph\":[{\"@type\":\"Article\",\"@id\":\"https:\\\/\\\/wimex-group.com\\\/en\\\/pressemitteilung-freude-fuer-augen-und-gaumen\\\/#article\",\"isPartOf\":{\"@id\":\"https:\\\/\\\/wimex-group.com\\\/en\\\/pressemitteilung-freude-fuer-augen-und-gaumen\\\/\"},\"author\":{\"name\":\"Christian M\u00f6sbauer\",\"@id\":\"https:\\\/\\\/wimex-group.com\\\/en\\\/#\\\/schema\\\/person\\\/a40389b6c8655911f422d861623474cb\"},\"headline\":\"Freude f\u00fcr Augen und Gaumen\",\"datePublished\":\"2020-05-05T13:19:00+00:00\",\"dateModified\":\"2021-01-22T11:29:20+00:00\",\"mainEntityOfPage\":{\"@id\":\"https:\\\/\\\/wimex-group.com\\\/en\\\/pressemitteilung-freude-fuer-augen-und-gaumen\\\/\"},\"wordCount\":813,\"commentCount\":0,\"image\":{\"@id\":\"https:\\\/\\\/wimex-group.com\\\/en\\\/pressemitteilung-freude-fuer-augen-und-gaumen\\\/#primaryimage\"},\"thumbnailUrl\":\"https:\\\/\\\/wimex-group.com\\\/wp-content\\\/uploads\\\/2021\\\/01\\\/WMX_Gemuese_und_Obst_Gewaechshaus.jpg\",\"articleSection\":[\"PRESSEMITTEILUNG\",\"Unkategorisiert\"],\"inLanguage\":\"en-US\",\"potentialAction\":[{\"@type\":\"CommentAction\",\"name\":\"Comment\",\"target\":[\"https:\\\/\\\/wimex-group.com\\\/en\\\/pressemitteilung-freude-fuer-augen-und-gaumen\\\/#respond\"]}]},{\"@type\":\"WebPage\",\"@id\":\"https:\\\/\\\/wimex-group.com\\\/en\\\/pressemitteilung-freude-fuer-augen-und-gaumen\\\/\",\"url\":\"https:\\\/\\\/wimex-group.com\\\/en\\\/pressemitteilung-freude-fuer-augen-und-gaumen\\\/\",\"name\":\"Freude f\u00fcr Augen und Gaumen - wimex-group\",\"isPartOf\":{\"@id\":\"https:\\\/\\\/wimex-group.com\\\/en\\\/#website\"},\"primaryImageOfPage\":{\"@id\":\"https:\\\/\\\/wimex-group.com\\\/en\\\/pressemitteilung-freude-fuer-augen-und-gaumen\\\/#primaryimage\"},\"image\":{\"@id\":\"https:\\\/\\\/wimex-group.com\\\/en\\\/pressemitteilung-freude-fuer-augen-und-gaumen\\\/#primaryimage\"},\"thumbnailUrl\":\"https:\\\/\\\/wimex-group.com\\\/wp-content\\\/uploads\\\/2021\\\/01\\\/WMX_Gemuese_und_Obst_Gewaechshaus.jpg\",\"datePublished\":\"2020-05-05T13:19:00+00:00\",\"dateModified\":\"2021-01-22T11:29:20+00:00\",\"author\":{\"@id\":\"https:\\\/\\\/wimex-group.com\\\/en\\\/#\\\/schema\\\/person\\\/a40389b6c8655911f422d861623474cb\"},\"breadcrumb\":{\"@id\":\"https:\\\/\\\/wimex-group.com\\\/en\\\/pressemitteilung-freude-fuer-augen-und-gaumen\\\/#breadcrumb\"},\"inLanguage\":\"en-US\",\"potentialAction\":[{\"@type\":\"ReadAction\",\"target\":[\"https:\\\/\\\/wimex-group.com\\\/en\\\/pressemitteilung-freude-fuer-augen-und-gaumen\\\/\"]}]},{\"@type\":\"ImageObject\",\"inLanguage\":\"en-US\",\"@id\":\"https:\\\/\\\/wimex-group.com\\\/en\\\/pressemitteilung-freude-fuer-augen-und-gaumen\\\/#primaryimage\",\"url\":\"https:\\\/\\\/wimex-group.com\\\/wp-content\\\/uploads\\\/2021\\\/01\\\/WMX_Gemuese_und_Obst_Gewaechshaus.jpg\",\"contentUrl\":\"https:\\\/\\\/wimex-group.com\\\/wp-content\\\/uploads\\\/2021\\\/01\\\/WMX_Gemuese_und_Obst_Gewaechshaus.jpg\",\"width\":500,\"height\":260},{\"@type\":\"BreadcrumbList\",\"@id\":\"https:\\\/\\\/wimex-group.com\\\/en\\\/pressemitteilung-freude-fuer-augen-und-gaumen\\\/#breadcrumb\",\"itemListElement\":[{\"@type\":\"ListItem\",\"position\":1,\"name\":\"Startseite\",\"item\":\"https:\\\/\\\/wimex-group.com\\\/en\\\/\"},{\"@type\":\"ListItem\",\"position\":2,\"name\":\"Freude f\u00fcr Augen und Gaumen\"}]},{\"@type\":\"WebSite\",\"@id\":\"https:\\\/\\\/wimex-group.com\\\/en\\\/#website\",\"url\":\"https:\\\/\\\/wimex-group.com\\\/en\\\/\",\"name\":\"wimex-group\",\"description\":\"Wimex Group\",\"potentialAction\":[{\"@type\":\"SearchAction\",\"target\":{\"@type\":\"EntryPoint\",\"urlTemplate\":\"https:\\\/\\\/wimex-group.com\\\/en\\\/?s={search_term_string}\"},\"query-input\":{\"@type\":\"PropertyValueSpecification\",\"valueRequired\":true,\"valueName\":\"search_term_string\"}}],\"inLanguage\":\"en-US\"},{\"@type\":\"Person\",\"@id\":\"https:\\\/\\\/wimex-group.com\\\/en\\\/#\\\/schema\\\/person\\\/a40389b6c8655911f422d861623474cb\",\"name\":\"Christian M\u00f6sbauer\",\"image\":{\"@type\":\"ImageObject\",\"inLanguage\":\"en-US\",\"@id\":\"https:\\\/\\\/secure.gravatar.com\\\/avatar\\\/06875c1b4a92386eb292687c3b8d5bc5ccc1556d275ae04eb27236e2a8d3d9d5?s=96&d=mm&r=g\",\"url\":\"https:\\\/\\\/secure.gravatar.com\\\/avatar\\\/06875c1b4a92386eb292687c3b8d5bc5ccc1556d275ae04eb27236e2a8d3d9d5?s=96&d=mm&r=g\",\"contentUrl\":\"https:\\\/\\\/secure.gravatar.com\\\/avatar\\\/06875c1b4a92386eb292687c3b8d5bc5ccc1556d275ae04eb27236e2a8d3d9d5?s=96&d=mm&r=g\",\"caption\":\"Christian M\u00f6sbauer\"},\"url\":\"https:\\\/\\\/wimex-group.com\\\/en\\\/author\\\/cmoesbauer\\\/\"}]}<\/script>\n<!-- \/ Yoast SEO plugin. -->","yoast_head_json":{"title":"Freude f\u00fcr Augen und Gaumen - wimex-group","robots":{"index":"index","follow":"follow","max-snippet":"max-snippet:-1","max-image-preview":"max-image-preview:large","max-video-preview":"max-video-preview:-1"},"canonical":"https:\/\/wimex-group.com\/en\/pressemitteilung-freude-fuer-augen-und-gaumen\/","og_locale":"en_US","og_type":"article","og_title":"Freude f\u00fcr Augen und Gaumen - wimex-group","og_description":"Mit dem Start der Erdbeerernte im High-Tech-Gew\u00e4chshaus in Osterweddingen bringt B\u00f6rdegarten in diesen Tagen frisches heimisches Obst in die Gesch\u00e4fte. \u201eGerade in der aktuellen Situation sind frische Erdbeeren aus der Region ein kleiner Farbtupfer im Alltag\u201c, freut sich Ulrich Wagner, Gesch\u00e4ftsf\u00fchrer der Wimex Gruppe.","og_url":"https:\/\/wimex-group.com\/en\/pressemitteilung-freude-fuer-augen-und-gaumen\/","og_site_name":"wimex-group","article_published_time":"2020-05-05T13:19:00+00:00","article_modified_time":"2021-01-22T11:29:20+00:00","og_image":[{"width":500,"height":260,"url":"https:\/\/wimex-group.com\/wp-content\/uploads\/2021\/01\/WMX_Gemuese_und_Obst_Gewaechshaus.jpg","type":"image\/jpeg"}],"author":"Christian M\u00f6sbauer","twitter_card":"summary_large_image","twitter_misc":{"Written by":"Christian M\u00f6sbauer","Est. reading time":"4 minutes"},"schema":{"@context":"https:\/\/schema.org","@graph":[{"@type":"Article","@id":"https:\/\/wimex-group.com\/en\/pressemitteilung-freude-fuer-augen-und-gaumen\/#article","isPartOf":{"@id":"https:\/\/wimex-group.com\/en\/pressemitteilung-freude-fuer-augen-und-gaumen\/"},"author":{"name":"Christian M\u00f6sbauer","@id":"https:\/\/wimex-group.com\/en\/#\/schema\/person\/a40389b6c8655911f422d861623474cb"},"headline":"Freude f\u00fcr Augen und Gaumen","datePublished":"2020-05-05T13:19:00+00:00","dateModified":"2021-01-22T11:29:20+00:00","mainEntityOfPage":{"@id":"https:\/\/wimex-group.com\/en\/pressemitteilung-freude-fuer-augen-und-gaumen\/"},"wordCount":813,"commentCount":0,"image":{"@id":"https:\/\/wimex-group.com\/en\/pressemitteilung-freude-fuer-augen-und-gaumen\/#primaryimage"},"thumbnailUrl":"https:\/\/wimex-group.com\/wp-content\/uploads\/2021\/01\/WMX_Gemuese_und_Obst_Gewaechshaus.jpg","articleSection":["PRESSEMITTEILUNG","Unkategorisiert"],"inLanguage":"en-US","potentialAction":[{"@type":"CommentAction","name":"Comment","target":["https:\/\/wimex-group.com\/en\/pressemitteilung-freude-fuer-augen-und-gaumen\/#respond"]}]},{"@type":"WebPage","@id":"https:\/\/wimex-group.com\/en\/pressemitteilung-freude-fuer-augen-und-gaumen\/","url":"https:\/\/wimex-group.com\/en\/pressemitteilung-freude-fuer-augen-und-gaumen\/","name":"Freude f\u00fcr Augen und Gaumen - wimex-group","isPartOf":{"@id":"https:\/\/wimex-group.com\/en\/#website"},"primaryImageOfPage":{"@id":"https:\/\/wimex-group.com\/en\/pressemitteilung-freude-fuer-augen-und-gaumen\/#primaryimage"},"image":{"@id":"https:\/\/wimex-group.com\/en\/pressemitteilung-freude-fuer-augen-und-gaumen\/#primaryimage"},"thumbnailUrl":"https:\/\/wimex-group.com\/wp-content\/uploads\/2021\/01\/WMX_Gemuese_und_Obst_Gewaechshaus.jpg","datePublished":"2020-05-05T13:19:00+00:00","dateModified":"2021-01-22T11:29:20+00:00","author":{"@id":"https:\/\/wimex-group.com\/en\/#\/schema\/person\/a40389b6c8655911f422d861623474cb"},"breadcrumb":{"@id":"https:\/\/wimex-group.com\/en\/pressemitteilung-freude-fuer-augen-und-gaumen\/#breadcrumb"},"inLanguage":"en-US","potentialAction":[{"@type":"ReadAction","target":["https:\/\/wimex-group.com\/en\/pressemitteilung-freude-fuer-augen-und-gaumen\/"]}]},{"@type":"ImageObject","inLanguage":"en-US","@id":"https:\/\/wimex-group.com\/en\/pressemitteilung-freude-fuer-augen-und-gaumen\/#primaryimage","url":"https:\/\/wimex-group.com\/wp-content\/uploads\/2021\/01\/WMX_Gemuese_und_Obst_Gewaechshaus.jpg","contentUrl":"https:\/\/wimex-group.com\/wp-content\/uploads\/2021\/01\/WMX_Gemuese_und_Obst_Gewaechshaus.jpg","width":500,"height":260},{"@type":"BreadcrumbList","@id":"https:\/\/wimex-group.com\/en\/pressemitteilung-freude-fuer-augen-und-gaumen\/#breadcrumb","itemListElement":[{"@type":"ListItem","position":1,"name":"Startseite","item":"https:\/\/wimex-group.com\/en\/"},{"@type":"ListItem","position":2,"name":"Freude f\u00fcr Augen und Gaumen"}]},{"@type":"WebSite","@id":"https:\/\/wimex-group.com\/en\/#website","url":"https:\/\/wimex-group.com\/en\/","name":"wimex-group","description":"Wimex Group","potentialAction":[{"@type":"SearchAction","target":{"@type":"EntryPoint","urlTemplate":"https:\/\/wimex-group.com\/en\/?s={search_term_string}"},"query-input":{"@type":"PropertyValueSpecification","valueRequired":true,"valueName":"search_term_string"}}],"inLanguage":"en-US"},{"@type":"Person","@id":"https:\/\/wimex-group.com\/en\/#\/schema\/person\/a40389b6c8655911f422d861623474cb","name":"Christian M\u00f6sbauer","image":{"@type":"ImageObject","inLanguage":"en-US","@id":"https:\/\/secure.gravatar.com\/avatar\/06875c1b4a92386eb292687c3b8d5bc5ccc1556d275ae04eb27236e2a8d3d9d5?s=96&d=mm&r=g","url":"https:\/\/secure.gravatar.com\/avatar\/06875c1b4a92386eb292687c3b8d5bc5ccc1556d275ae04eb27236e2a8d3d9d5?s=96&d=mm&r=g","contentUrl":"https:\/\/secure.gravatar.com\/avatar\/06875c1b4a92386eb292687c3b8d5bc5ccc1556d275ae04eb27236e2a8d3d9d5?s=96&d=mm&r=g","caption":"Christian M\u00f6sbauer"},"url":"https:\/\/wimex-group.com\/en\/author\/cmoesbauer\/"}]}},"_links":{"self":[{"href":"https:\/\/wimex-group.com\/en\/wp-json\/wp\/v2\/posts\/1811","targetHints":{"allow":["GET"]}}],"collection":[{"href":"https:\/\/wimex-group.com\/en\/wp-json\/wp\/v2\/posts"}],"about":[{"href":"https:\/\/wimex-group.com\/en\/wp-json\/wp\/v2\/types\/post"}],"author":[{"embeddable":true,"href":"https:\/\/wimex-group.com\/en\/wp-json\/wp\/v2\/users\/4"}],"replies":[{"embeddable":true,"href":"https:\/\/wimex-group.com\/en\/wp-json\/wp\/v2\/comments?post=1811"}],"version-history":[{"count":6,"href":"https:\/\/wimex-group.com\/en\/wp-json\/wp\/v2\/posts\/1811\/revisions"}],"predecessor-version":[{"id":2104,"href":"https:\/\/wimex-group.com\/en\/wp-json\/wp\/v2\/posts\/1811\/revisions\/2104"}],"wp:featuredmedia":[{"embeddable":true,"href":"https:\/\/wimex-group.com\/en\/wp-json\/wp\/v2\/media\/1589"}],"wp:attachment":[{"href":"https:\/\/wimex-group.com\/en\/wp-json\/wp\/v2\/media?parent=1811"}],"wp:term":[{"taxonomy":"category","embeddable":true,"href":"https:\/\/wimex-group.com\/en\/wp-json\/wp\/v2\/categories?post=1811"},{"taxonomy":"post_tag","embeddable":true,"href":"https:\/\/wimex-group.com\/en\/wp-json\/wp\/v2\/tags?post=1811"}],"curies":[{"name":"wp","href":"https:\/\/api.w.org\/{rel}","templated":true}]}}