{"id":2773,"date":"2021-06-10T08:00:00","date_gmt":"2021-06-10T06:00:00","guid":{"rendered":"https:\/\/www.wimex-group.com\/?p=2773"},"modified":"2021-06-11T09:04:32","modified_gmt":"2021-06-11T07:04:32","slug":"gurken-als-klimapositiver-genuss","status":"publish","type":"post","link":"https:\/\/wimex-group.com\/en\/gurken-als-klimapositiver-genuss\/","title":{"rendered":"Gurken als klimapositiver Genuss"},"content":{"rendered":"\n\n\n[et_pb_section fb_built=&#8221;1&#8243; _builder_version=&#8221;4.8.1&#8243; background_image=&#8221;https:\/\/wimex-group.com\/wp-content\/uploads\/2020\/12\/WMX_News_Intro.jpg&#8221; min_height=&#8221;350px&#8221; min_height_tablet=&#8221;&#8221; min_height_phone=&#8221;250px&#8221; min_height_last_edited=&#8221;on|phone&#8221; max_height=&#8221;350px&#8221;][\/et_pb_section][et_pb_section fb_built=&#8221;1&#8243; _builder_version=&#8221;3.22&#8243;][et_pb_row _builder_version=&#8221;4.7.4&#8243; background_size=&#8221;initial&#8221; background_position=&#8221;top_left&#8221; background_repeat=&#8221;repeat&#8221;][et_pb_column type=&#8221;4_4&#8243; _builder_version=&#8221;3.25&#8243; custom_padding=&#8221;|||&#8221; custom_padding__hover=&#8221;|||&#8221;][et_pb_text _builder_version=&#8221;4.8.1&#8243; _dynamic_attributes=&#8221;content&#8221; text_font_size=&#8221;4em&#8221; text_line_height=&#8221;1.4em&#8221; text_orientation=&#8221;center&#8221; custom_margin=&#8221;|15%||15%|false|false&#8221; custom_margin_tablet=&#8221;|5%||5%|false|false&#8221; custom_margin_phone=&#8221;|2%||2%|false|false&#8221; custom_margin_last_edited=&#8221;on|phone&#8221; text_font_size_tablet=&#8221;3.6em&#8221; text_font_size_phone=&#8221;2.9em&#8221; text_font_size_last_edited=&#8221;on|tablet&#8221;]@ET-DC@eyJkeW5hbWljIjp0cnVlLCJjb250ZW50IjoicG9zdF90aXRsZSIsInNldHRpbmdzIjp7ImJlZm9yZSI6IiIsImFmdGVyIjoiIn19@[\/et_pb_text][et_pb_text content_last_edited=&#8221;off|tablet&#8221; _builder_version=&#8221;4.8.1&#8243; _dynamic_attributes=&#8221;content&#8221; text_font=&#8221;Arial||||||||&#8221; text_text_color=&#8221;#0781CE&#8221; text_font_size=&#8221;1.5em&#8221; text_line_height=&#8221;1.4em&#8221; text_orientation=&#8221;center&#8221; text_font_size_tablet=&#8221;1.25em&#8221; text_font_size_phone=&#8221;1.25em&#8221; text_font_size_last_edited=&#8221;on|tablet&#8221; content__hover_enabled=&#8221;off|desktop&#8221;]@ET-DC@eyJkeW5hbWljIjp0cnVlLCJjb250ZW50IjoicG9zdF9kYXRlIiwic2V0dGluZ3MiOnsiYmVmb3JlIjoiIiwiYWZ0ZXIiOiIiLCJkYXRlX2Zvcm1hdCI6ImRlZmF1bHQiLCJjdXN0b21fZGF0ZV9mb3JtYXQiOiIifX0=@[\/et_pb_text][\/et_pb_column][\/et_pb_row][et_pb_row _builder_version=&#8221;4.9.2&#8243; _module_preset=&#8221;default&#8221;][et_pb_column _builder_version=&#8221;4.9.2&#8243; _module_preset=&#8221;default&#8221; type=&#8221;4_4&#8243;][et_pb_image src=&#8221;https:\/\/wimex-group.com\/wp-content\/uploads\/2021\/06\/2021_Gurken_Gewaechshaus_Boerdegarten_Wagner_Houwen-1.jpg&#8221; _builder_version=&#8221;4.9.2&#8243; _module_preset=&#8221;default&#8221; title_text=&#8221;2021_Gurken_Gewaechshaus_Boerdegarten_Wagner_Houwen (1)&#8221; custom_margin=&#8221;|157px||157px|false|true&#8221; hover_enabled=&#8221;0&#8243; sticky_enabled=&#8221;0&#8243;][\/et_pb_image][\/et_pb_column][\/et_pb_row][et_pb_row _builder_version=&#8221;4.7.7&#8243; background_size=&#8221;initial&#8221; background_position=&#8221;top_left&#8221; background_repeat=&#8221;repeat&#8221; module_alignment=&#8221;center&#8221; custom_margin=&#8221;|auto||411px||&#8221;][et_pb_column type=&#8221;4_4&#8243; _builder_version=&#8221;3.25&#8243; custom_padding=&#8221;|||&#8221; custom_padding__hover=&#8221;|||&#8221;][et_pb_text _builder_version=&#8221;4.8.1&#8243; text_font_size=&#8221;1.5em&#8221; custom_margin=&#8221;|15%||15%|false|false&#8221; custom_margin_tablet=&#8221;|5%||5%|false|false&#8221; custom_margin_phone=&#8221;|2%||2%|false|false&#8221; custom_margin_last_edited=&#8221;on|phone&#8221; custom_padding=&#8221;||0px|||&#8221; text_font_size_tablet=&#8221;&#8221; text_font_size_phone=&#8221;1.3em&#8221; text_font_size_last_edited=&#8221;on|desktop&#8221;]<p>Klimaneutral war gestern: Die Schlangengurken von B\u00f6rdegarten binden bei der Produktion mehr Kohlendioxid, als bei deren Anbau freigesetzt wird. Dies hat in diesen Tagen das Zertifizierungsunternehmen Fokus Zukunft GmbH &amp; Co. KG mit einem umfassenden Bericht \u00fcber den Produktfu\u00dfabdruck f\u00fcr die Gurken aus dem Hightechgew\u00e4chshaus in Osterweddingen best\u00e4tigt. \u201eNachhaltigkeit ist seit Jahren ein gro\u00dfes Thema f\u00fcr uns. An dieser Stelle haben wir den Erfolg unserer Arbeit mit Daten und Fakten belegt \u2013 und wir stellen diese auch den Verbrauchern f\u00fcr bewusste Kaufentscheidungen zur Verf\u00fcgung\u201c, erkl\u00e4rt Ulrich Wagner, Gesch\u00e4ftsf\u00fchrer der Wimex Gruppe. Das Unternehmen versorgt unter dem Namen B\u00f6rdegarten den Lebensmitteleinzelhandel in Mittel- und Norddeutschland mit Gem\u00fcse und f\u00fchrt ein hochmodernes Gew\u00e4chshaus vor den Toren Magdeburgs seit rund zwei Jahren unter eigener Regie. Zwischen M\u00e4rz und November verlassen dort jeden Tag rund 50.000 Schlangengurken die Hallen in Richtung der Handelspartner. Mit einer Negativemission von 362 Gramm CO2 je Kilo Gurken ist die Bilanz hervorragend. Das Binden von zus\u00e4tzlichem CO2 (\u201eCarbon Capture and Usage\u201c) macht sie also klimapositiv. Damit erspart die Gurkenproduktion von B\u00f6rdegarten der Umwelt j\u00e4hrlich rund 919 Tonnen des klimasch\u00e4dlichen Gases. Im Vergleich: Ein Hektar Mischwald bindet rund 13 Tonnen CO2 pro Jahr. Um den gleichen Effekt wie die klimapositive Gurkenproduktion zu erzielen, br\u00e4uchte es also rund 70 Hektar Mischwald.<\/p>\n<p><strong>Partner von nebenan<\/strong><\/p>\n<p>Beim Anbau unter Glas sind die Klimawirkungen des Gem\u00fcsebaus sehr stark abh\u00e4ngig vom Energiebezug. Hier punktet B\u00f6rdegarten mit klimaneutraler Nahw\u00e4rme aus der Nachbarschaft und mit dem Bezug von \u00d6kostrom. Ebenfalls honoriert die Zertifizierung den Einsatz von N\u00fctzlingen und anderen biologischen Pflanzenschutzma\u00dfnahmen. Mit erfasst sind der Bezug von Jungpflanzen, der Einsatz von D\u00fcngemitteln und Hilfsstoffen sowie die Aufwendungen f\u00fcr die Eingangslogistik, die das Erhebungsverfahren nach dem Prinzip \u201ecradle-to-gate&#8221; einbezieht. \u201eUns war wichtig, wirklich alle klimarelevanten Faktoren des Anbaus eines Produktes zu erfassen. Und der Aufwand hat sich gelohnt\u201c, h\u00e4lt Ulrich Wagner fest. Denn nun ist auch dokumentiert, dass jede Schlangengurke, die in Osterweddingen unter hochmodernen Bedingungen geerntet wird, nur etwa 4,5 Liter Wasser zum Wachsen und Gedeihen ben\u00f6tigt. Das ist nur ein Drittel dessen, was beim Anbau im Freiland ben\u00f6tigt wird. Genutzt wird Regenwasser, aufgefangen von den eigenen D\u00e4chern und denen des Nachbarn. Auch hier dient der Schulterschluss der Nachhaltigkeit: Rund 35.000 Kubikmeter Trinkwasser aus dem \u00f6ffentlichen Netz konnten so durch Regenwasser ersetzt werden.<\/p>\n<p><strong>CO2 aktiv nutzen<\/strong><\/p>\n<p>F\u00fcr den letzten Schritt zum klimapositiven Produkt hat B\u00f6rdegarten sich f\u00fcr eine Industriepartnerschaft entschieden: Ausgewaschenes Kohlendioxid aus Industrieprozessen wird aktiv in das Gew\u00e4chshaus eingeleitet. Dort unterst\u00fctzt es die Pflanzen mit gezieltem Einsatz beim Gedeihen. Wer an den Biologieunterricht zur\u00fcckdenkt, erinnert sich sicher: Eine Pflanze atmet CO2 ein, baut das C-Atom in organische Substanz um und gibt dann Sauerstoff (O2) wieder ab. Diesen gezielten Einsatz hat B\u00f6rdegarten in Osterweddingen \u00fcber Monate hinweg erprobt. Bislang kam das Gas mit Tankwagen, das ist in der aktuellen Klimabilanz so ber\u00fccksichtigt. Doch auch hier steht das Unternehmen nicht still \u2013 es geht weiter mit guten Ideen f\u00fcr Nachhaltigkeit. Denn die Vereinbarungen mit einem Betrieb \u201eum die Ecke\u201c sind bereits getroffen.<\/p>\n<p>&nbsp;<\/p>[\/et_pb_text][\/et_pb_column][\/et_pb_row][et_pb_row _builder_version=&#8221;4.7.4&#8243; _module_preset=&#8221;default&#8221;][et_pb_column type=&#8221;4_4&#8243; _builder_version=&#8221;4.7.4&#8243; _module_preset=&#8221;default&#8221;][et_pb_post_nav _builder_version=&#8221;4.7.4&#8243; _module_preset=&#8221;default&#8221;][\/et_pb_post_nav][\/et_pb_column][\/et_pb_row][\/et_pb_section]\n\n\n","protected":false},"excerpt":{"rendered":"<p>Klimaneutral war gestern: Die Schlangengurken von B\u00f6rdegarten binden bei der Produktion mehr Kohlendioxid, als bei deren Anbau freigesetzt wird. Dies hat in diesen Tagen ein umfassender Bericht best\u00e4tigt. <\/p>\n","protected":false},"author":4,"featured_media":2774,"comment_status":"open","ping_status":"open","sticky":false,"template":"","format":"standard","meta":{"_et_pb_use_builder":"on","_et_pb_old_content":"<!-- wp:paragraph -->\n<p>Dank einer Anfrage zweier Hobbysprayer wird das unser altes BALM-Lager in Rosefeld zum Objekt regelm\u00e4\u00dfiger Graffiti-Projekte. Bei dem Graffiti-Duo mit dem K\u00fcnstlernamen DRMLZ handelt es sich um die geb\u00fcrtigen Dessauer Stefan Schneider (42) und Stefan Berndt (36). Die beiden Freunde leben und arbeiten als Senior Designer in Berlin \u2026<\/p>\n<!-- \/wp:paragraph -->\n\n<!-- wp:paragraph -->\n<p>Natate peris vitatem vel idis eseruptum ea acerro mint enihicatist lab ium faccust, cus ex eliquos vid quatqui dolorist iderepu disciaes mod qui dolum quam, que dollest, quam, ut aut aut quidellabor apeliquat.<br>Ictemquam imporep udandissi sum suntem cuptae solliquae peliate cabores erumet il idi temporest, od es voluptis volent omnihiliqui optatent utem nonsequid ut quis reptumque pla doloris vellate mporempostis volest mo ipsam, sim dolore, tetur, simust, sit porae aut quunt quunte non re sim el is alis dentinverias eumque volupta tustis dist, natus dolorite cuptatem exernatur secti asperep udigenimus audit reped quam eiciis quo des qui volectem demperci officia intinvendus aspere idis mo eius de quae pos esequam, ipis doluptatios quuntiis que nis iur, simporrovita cum rese volupta quamus.<br>Iquam arioriost quo quo dolupti odi dolupit re voluptistis volorae sus pro veliquatur a plitat.<\/p>\n<!-- \/wp:paragraph -->\n\n<!-- wp:paragraph -->\n<p>Raturi nectorectis raectum incia con commoluptat offictur?<br>Dae sit officidem nobis aut adit aut maximinctus dissed que core peditatur maximil isinis ante vereptatur, sites que porerum que ma con eos quam renda nienis et lantiusciet vendebit exernatur? Qui nonsequiaes nemos eum id molore lacerch icidem re, consecuptur ma aut pe dolorem poreseq uatemolorat ipidi si bera nis vitionse occatus serum fuga. Namenimust volupta tenime lantur, non nonse quiam rerum hit, sumquam enem cus, sanditiur? Quist autem volor andi dolecto remporum eum am quo moluptat dendam, nemporem rat quidem vendi occulpa nonserum accatio odis il ipiciusam consenem quia et escid que idebit, ut aspidel ibeaquam et.<\/p>\n<!-- \/wp:paragraph -->","_et_gb_content_width":"2880","footnotes":""},"categories":[11,12,1],"tags":[],"class_list":["post-2773","post","type-post","status-publish","format-standard","has-post-thumbnail","hentry","category-news-startseite","category-pressemitteilung","category-unkategorisiert"],"yoast_head":"<!-- This site is optimized with the Yoast SEO plugin v27.3 - https:\/\/yoast.com\/product\/yoast-seo-wordpress\/ -->\n<title>Gurken als klimapositiver Genuss - wimex-group<\/title>\n<meta name=\"robots\" content=\"index, follow, max-snippet:-1, max-image-preview:large, max-video-preview:-1\" \/>\n<link rel=\"canonical\" href=\"https:\/\/wimex-group.com\/en\/gurken-als-klimapositiver-genuss\/\" \/>\n<meta property=\"og:locale\" content=\"en_US\" \/>\n<meta property=\"og:type\" content=\"article\" \/>\n<meta property=\"og:title\" content=\"Gurken als klimapositiver Genuss - wimex-group\" \/>\n<meta property=\"og:description\" content=\"Klimaneutral war gestern: Die Schlangengurken von B\u00f6rdegarten binden bei der Produktion mehr Kohlendioxid, als bei deren Anbau freigesetzt wird. Dies hat in diesen Tagen ein umfassender Bericht best\u00e4tigt.\" \/>\n<meta property=\"og:url\" content=\"https:\/\/wimex-group.com\/en\/gurken-als-klimapositiver-genuss\/\" \/>\n<meta property=\"og:site_name\" content=\"wimex-group\" \/>\n<meta property=\"article:published_time\" content=\"2021-06-10T06:00:00+00:00\" \/>\n<meta property=\"article:modified_time\" content=\"2021-06-11T07:04:32+00:00\" \/>\n<meta property=\"og:image\" content=\"https:\/\/wimex-group.com\/wp-content\/uploads\/2021\/06\/2021_Gurken_Gewaechshaus_Boerdegarten_Wagner_Houwen-1.jpg\" \/>\n\t<meta property=\"og:image:width\" content=\"2016\" \/>\n\t<meta property=\"og:image:height\" content=\"1512\" \/>\n\t<meta property=\"og:image:type\" content=\"image\/jpeg\" \/>\n<meta name=\"author\" content=\"Christian M\u00f6sbauer\" \/>\n<meta name=\"twitter:card\" content=\"summary_large_image\" \/>\n<meta name=\"twitter:label1\" content=\"Written by\" \/>\n\t<meta name=\"twitter:data1\" content=\"Christian M\u00f6sbauer\" \/>\n\t<meta name=\"twitter:label2\" content=\"Est. reading time\" \/>\n\t<meta name=\"twitter:data2\" content=\"3 minutes\" \/>\n<script type=\"application\/ld+json\" class=\"yoast-schema-graph\">{\"@context\":\"https:\\\/\\\/schema.org\",\"@graph\":[{\"@type\":\"Article\",\"@id\":\"https:\\\/\\\/wimex-group.com\\\/en\\\/gurken-als-klimapositiver-genuss\\\/#article\",\"isPartOf\":{\"@id\":\"https:\\\/\\\/wimex-group.com\\\/en\\\/gurken-als-klimapositiver-genuss\\\/\"},\"author\":{\"name\":\"Christian M\u00f6sbauer\",\"@id\":\"https:\\\/\\\/wimex-group.com\\\/en\\\/#\\\/schema\\\/person\\\/a40389b6c8655911f422d861623474cb\"},\"headline\":\"Gurken als klimapositiver Genuss\",\"datePublished\":\"2021-06-10T06:00:00+00:00\",\"dateModified\":\"2021-06-11T07:04:32+00:00\",\"mainEntityOfPage\":{\"@id\":\"https:\\\/\\\/wimex-group.com\\\/en\\\/gurken-als-klimapositiver-genuss\\\/\"},\"wordCount\":952,\"commentCount\":0,\"image\":{\"@id\":\"https:\\\/\\\/wimex-group.com\\\/en\\\/gurken-als-klimapositiver-genuss\\\/#primaryimage\"},\"thumbnailUrl\":\"https:\\\/\\\/wimex-group.com\\\/wp-content\\\/uploads\\\/2021\\\/06\\\/2021_Gurken_Gewaechshaus_Boerdegarten_Wagner_Houwen-1.jpg\",\"articleSection\":[\"News Startseite\",\"PRESSEMITTEILUNG\",\"Unkategorisiert\"],\"inLanguage\":\"en-US\",\"potentialAction\":[{\"@type\":\"CommentAction\",\"name\":\"Comment\",\"target\":[\"https:\\\/\\\/wimex-group.com\\\/en\\\/gurken-als-klimapositiver-genuss\\\/#respond\"]}]},{\"@type\":\"WebPage\",\"@id\":\"https:\\\/\\\/wimex-group.com\\\/en\\\/gurken-als-klimapositiver-genuss\\\/\",\"url\":\"https:\\\/\\\/wimex-group.com\\\/en\\\/gurken-als-klimapositiver-genuss\\\/\",\"name\":\"Gurken als klimapositiver Genuss - wimex-group\",\"isPartOf\":{\"@id\":\"https:\\\/\\\/wimex-group.com\\\/en\\\/#website\"},\"primaryImageOfPage\":{\"@id\":\"https:\\\/\\\/wimex-group.com\\\/en\\\/gurken-als-klimapositiver-genuss\\\/#primaryimage\"},\"image\":{\"@id\":\"https:\\\/\\\/wimex-group.com\\\/en\\\/gurken-als-klimapositiver-genuss\\\/#primaryimage\"},\"thumbnailUrl\":\"https:\\\/\\\/wimex-group.com\\\/wp-content\\\/uploads\\\/2021\\\/06\\\/2021_Gurken_Gewaechshaus_Boerdegarten_Wagner_Houwen-1.jpg\",\"datePublished\":\"2021-06-10T06:00:00+00:00\",\"dateModified\":\"2021-06-11T07:04:32+00:00\",\"author\":{\"@id\":\"https:\\\/\\\/wimex-group.com\\\/en\\\/#\\\/schema\\\/person\\\/a40389b6c8655911f422d861623474cb\"},\"breadcrumb\":{\"@id\":\"https:\\\/\\\/wimex-group.com\\\/en\\\/gurken-als-klimapositiver-genuss\\\/#breadcrumb\"},\"inLanguage\":\"en-US\",\"potentialAction\":[{\"@type\":\"ReadAction\",\"target\":[\"https:\\\/\\\/wimex-group.com\\\/en\\\/gurken-als-klimapositiver-genuss\\\/\"]}]},{\"@type\":\"ImageObject\",\"inLanguage\":\"en-US\",\"@id\":\"https:\\\/\\\/wimex-group.com\\\/en\\\/gurken-als-klimapositiver-genuss\\\/#primaryimage\",\"url\":\"https:\\\/\\\/wimex-group.com\\\/wp-content\\\/uploads\\\/2021\\\/06\\\/2021_Gurken_Gewaechshaus_Boerdegarten_Wagner_Houwen-1.jpg\",\"contentUrl\":\"https:\\\/\\\/wimex-group.com\\\/wp-content\\\/uploads\\\/2021\\\/06\\\/2021_Gurken_Gewaechshaus_Boerdegarten_Wagner_Houwen-1.jpg\",\"width\":2016,\"height\":1512},{\"@type\":\"BreadcrumbList\",\"@id\":\"https:\\\/\\\/wimex-group.com\\\/en\\\/gurken-als-klimapositiver-genuss\\\/#breadcrumb\",\"itemListElement\":[{\"@type\":\"ListItem\",\"position\":1,\"name\":\"Startseite\",\"item\":\"https:\\\/\\\/wimex-group.com\\\/en\\\/\"},{\"@type\":\"ListItem\",\"position\":2,\"name\":\"Gurken als klimapositiver Genuss\"}]},{\"@type\":\"WebSite\",\"@id\":\"https:\\\/\\\/wimex-group.com\\\/en\\\/#website\",\"url\":\"https:\\\/\\\/wimex-group.com\\\/en\\\/\",\"name\":\"wimex-group\",\"description\":\"Wimex Group\",\"potentialAction\":[{\"@type\":\"SearchAction\",\"target\":{\"@type\":\"EntryPoint\",\"urlTemplate\":\"https:\\\/\\\/wimex-group.com\\\/en\\\/?s={search_term_string}\"},\"query-input\":{\"@type\":\"PropertyValueSpecification\",\"valueRequired\":true,\"valueName\":\"search_term_string\"}}],\"inLanguage\":\"en-US\"},{\"@type\":\"Person\",\"@id\":\"https:\\\/\\\/wimex-group.com\\\/en\\\/#\\\/schema\\\/person\\\/a40389b6c8655911f422d861623474cb\",\"name\":\"Christian M\u00f6sbauer\",\"image\":{\"@type\":\"ImageObject\",\"inLanguage\":\"en-US\",\"@id\":\"https:\\\/\\\/secure.gravatar.com\\\/avatar\\\/06875c1b4a92386eb292687c3b8d5bc5ccc1556d275ae04eb27236e2a8d3d9d5?s=96&d=mm&r=g\",\"url\":\"https:\\\/\\\/secure.gravatar.com\\\/avatar\\\/06875c1b4a92386eb292687c3b8d5bc5ccc1556d275ae04eb27236e2a8d3d9d5?s=96&d=mm&r=g\",\"contentUrl\":\"https:\\\/\\\/secure.gravatar.com\\\/avatar\\\/06875c1b4a92386eb292687c3b8d5bc5ccc1556d275ae04eb27236e2a8d3d9d5?s=96&d=mm&r=g\",\"caption\":\"Christian M\u00f6sbauer\"},\"url\":\"https:\\\/\\\/wimex-group.com\\\/en\\\/author\\\/cmoesbauer\\\/\"}]}<\/script>\n<!-- \/ Yoast SEO plugin. -->","yoast_head_json":{"title":"Gurken als klimapositiver Genuss - wimex-group","robots":{"index":"index","follow":"follow","max-snippet":"max-snippet:-1","max-image-preview":"max-image-preview:large","max-video-preview":"max-video-preview:-1"},"canonical":"https:\/\/wimex-group.com\/en\/gurken-als-klimapositiver-genuss\/","og_locale":"en_US","og_type":"article","og_title":"Gurken als klimapositiver Genuss - wimex-group","og_description":"Klimaneutral war gestern: Die Schlangengurken von B\u00f6rdegarten binden bei der Produktion mehr Kohlendioxid, als bei deren Anbau freigesetzt wird. Dies hat in diesen Tagen ein umfassender Bericht best\u00e4tigt.","og_url":"https:\/\/wimex-group.com\/en\/gurken-als-klimapositiver-genuss\/","og_site_name":"wimex-group","article_published_time":"2021-06-10T06:00:00+00:00","article_modified_time":"2021-06-11T07:04:32+00:00","og_image":[{"width":2016,"height":1512,"url":"https:\/\/wimex-group.com\/wp-content\/uploads\/2021\/06\/2021_Gurken_Gewaechshaus_Boerdegarten_Wagner_Houwen-1.jpg","type":"image\/jpeg"}],"author":"Christian M\u00f6sbauer","twitter_card":"summary_large_image","twitter_misc":{"Written by":"Christian M\u00f6sbauer","Est. reading time":"3 minutes"},"schema":{"@context":"https:\/\/schema.org","@graph":[{"@type":"Article","@id":"https:\/\/wimex-group.com\/en\/gurken-als-klimapositiver-genuss\/#article","isPartOf":{"@id":"https:\/\/wimex-group.com\/en\/gurken-als-klimapositiver-genuss\/"},"author":{"name":"Christian M\u00f6sbauer","@id":"https:\/\/wimex-group.com\/en\/#\/schema\/person\/a40389b6c8655911f422d861623474cb"},"headline":"Gurken als klimapositiver Genuss","datePublished":"2021-06-10T06:00:00+00:00","dateModified":"2021-06-11T07:04:32+00:00","mainEntityOfPage":{"@id":"https:\/\/wimex-group.com\/en\/gurken-als-klimapositiver-genuss\/"},"wordCount":952,"commentCount":0,"image":{"@id":"https:\/\/wimex-group.com\/en\/gurken-als-klimapositiver-genuss\/#primaryimage"},"thumbnailUrl":"https:\/\/wimex-group.com\/wp-content\/uploads\/2021\/06\/2021_Gurken_Gewaechshaus_Boerdegarten_Wagner_Houwen-1.jpg","articleSection":["News Startseite","PRESSEMITTEILUNG","Unkategorisiert"],"inLanguage":"en-US","potentialAction":[{"@type":"CommentAction","name":"Comment","target":["https:\/\/wimex-group.com\/en\/gurken-als-klimapositiver-genuss\/#respond"]}]},{"@type":"WebPage","@id":"https:\/\/wimex-group.com\/en\/gurken-als-klimapositiver-genuss\/","url":"https:\/\/wimex-group.com\/en\/gurken-als-klimapositiver-genuss\/","name":"Gurken als klimapositiver Genuss - wimex-group","isPartOf":{"@id":"https:\/\/wimex-group.com\/en\/#website"},"primaryImageOfPage":{"@id":"https:\/\/wimex-group.com\/en\/gurken-als-klimapositiver-genuss\/#primaryimage"},"image":{"@id":"https:\/\/wimex-group.com\/en\/gurken-als-klimapositiver-genuss\/#primaryimage"},"thumbnailUrl":"https:\/\/wimex-group.com\/wp-content\/uploads\/2021\/06\/2021_Gurken_Gewaechshaus_Boerdegarten_Wagner_Houwen-1.jpg","datePublished":"2021-06-10T06:00:00+00:00","dateModified":"2021-06-11T07:04:32+00:00","author":{"@id":"https:\/\/wimex-group.com\/en\/#\/schema\/person\/a40389b6c8655911f422d861623474cb"},"breadcrumb":{"@id":"https:\/\/wimex-group.com\/en\/gurken-als-klimapositiver-genuss\/#breadcrumb"},"inLanguage":"en-US","potentialAction":[{"@type":"ReadAction","target":["https:\/\/wimex-group.com\/en\/gurken-als-klimapositiver-genuss\/"]}]},{"@type":"ImageObject","inLanguage":"en-US","@id":"https:\/\/wimex-group.com\/en\/gurken-als-klimapositiver-genuss\/#primaryimage","url":"https:\/\/wimex-group.com\/wp-content\/uploads\/2021\/06\/2021_Gurken_Gewaechshaus_Boerdegarten_Wagner_Houwen-1.jpg","contentUrl":"https:\/\/wimex-group.com\/wp-content\/uploads\/2021\/06\/2021_Gurken_Gewaechshaus_Boerdegarten_Wagner_Houwen-1.jpg","width":2016,"height":1512},{"@type":"BreadcrumbList","@id":"https:\/\/wimex-group.com\/en\/gurken-als-klimapositiver-genuss\/#breadcrumb","itemListElement":[{"@type":"ListItem","position":1,"name":"Startseite","item":"https:\/\/wimex-group.com\/en\/"},{"@type":"ListItem","position":2,"name":"Gurken als klimapositiver Genuss"}]},{"@type":"WebSite","@id":"https:\/\/wimex-group.com\/en\/#website","url":"https:\/\/wimex-group.com\/en\/","name":"wimex-group","description":"Wimex Group","potentialAction":[{"@type":"SearchAction","target":{"@type":"EntryPoint","urlTemplate":"https:\/\/wimex-group.com\/en\/?s={search_term_string}"},"query-input":{"@type":"PropertyValueSpecification","valueRequired":true,"valueName":"search_term_string"}}],"inLanguage":"en-US"},{"@type":"Person","@id":"https:\/\/wimex-group.com\/en\/#\/schema\/person\/a40389b6c8655911f422d861623474cb","name":"Christian M\u00f6sbauer","image":{"@type":"ImageObject","inLanguage":"en-US","@id":"https:\/\/secure.gravatar.com\/avatar\/06875c1b4a92386eb292687c3b8d5bc5ccc1556d275ae04eb27236e2a8d3d9d5?s=96&d=mm&r=g","url":"https:\/\/secure.gravatar.com\/avatar\/06875c1b4a92386eb292687c3b8d5bc5ccc1556d275ae04eb27236e2a8d3d9d5?s=96&d=mm&r=g","contentUrl":"https:\/\/secure.gravatar.com\/avatar\/06875c1b4a92386eb292687c3b8d5bc5ccc1556d275ae04eb27236e2a8d3d9d5?s=96&d=mm&r=g","caption":"Christian M\u00f6sbauer"},"url":"https:\/\/wimex-group.com\/en\/author\/cmoesbauer\/"}]}},"_links":{"self":[{"href":"https:\/\/wimex-group.com\/en\/wp-json\/wp\/v2\/posts\/2773","targetHints":{"allow":["GET"]}}],"collection":[{"href":"https:\/\/wimex-group.com\/en\/wp-json\/wp\/v2\/posts"}],"about":[{"href":"https:\/\/wimex-group.com\/en\/wp-json\/wp\/v2\/types\/post"}],"author":[{"embeddable":true,"href":"https:\/\/wimex-group.com\/en\/wp-json\/wp\/v2\/users\/4"}],"replies":[{"embeddable":true,"href":"https:\/\/wimex-group.com\/en\/wp-json\/wp\/v2\/comments?post=2773"}],"version-history":[{"count":3,"href":"https:\/\/wimex-group.com\/en\/wp-json\/wp\/v2\/posts\/2773\/revisions"}],"predecessor-version":[{"id":2779,"href":"https:\/\/wimex-group.com\/en\/wp-json\/wp\/v2\/posts\/2773\/revisions\/2779"}],"wp:featuredmedia":[{"embeddable":true,"href":"https:\/\/wimex-group.com\/en\/wp-json\/wp\/v2\/media\/2774"}],"wp:attachment":[{"href":"https:\/\/wimex-group.com\/en\/wp-json\/wp\/v2\/media?parent=2773"}],"wp:term":[{"taxonomy":"category","embeddable":true,"href":"https:\/\/wimex-group.com\/en\/wp-json\/wp\/v2\/categories?post=2773"},{"taxonomy":"post_tag","embeddable":true,"href":"https:\/\/wimex-group.com\/en\/wp-json\/wp\/v2\/tags?post=2773"}],"curies":[{"name":"wp","href":"https:\/\/api.w.org\/{rel}","templated":true}]}}