{"id":2889,"date":"2021-09-17T09:54:24","date_gmt":"2021-09-17T07:54:24","guid":{"rendered":"https:\/\/www.wimex-group.com\/?p=2889"},"modified":"2021-09-17T09:54:24","modified_gmt":"2021-09-17T07:54:24","slug":"nach-maislabyrinth-kommt-apfelernte","status":"publish","type":"post","link":"https:\/\/wimex-group.com\/en\/nach-maislabyrinth-kommt-apfelernte\/","title":{"rendered":"Nach Maislabyrinth kommt Apfelernte"},"content":{"rendered":"<p>[et_pb_section fb_built=&#8221;1&#8243; _builder_version=&#8221;4.8.1&#8243; background_image=&#8221;https:\/\/wimex-group.com\/wp-content\/uploads\/2020\/12\/WMX_News_Intro.jpg&#8221; min_height=&#8221;350px&#8221; min_height_tablet=&#8221;&#8221; min_height_phone=&#8221;250px&#8221; min_height_last_edited=&#8221;on|phone&#8221; max_height=&#8221;350px&#8221; global_colors_info=&#8221;{}&#8221;][\/et_pb_section][et_pb_section fb_built=&#8221;1&#8243; _builder_version=&#8221;3.22&#8243; global_colors_info=&#8221;{}&#8221;][et_pb_row _builder_version=&#8221;4.7.4&#8243; background_size=&#8221;initial&#8221; background_position=&#8221;top_left&#8221; background_repeat=&#8221;repeat&#8221; global_colors_info=&#8221;{}&#8221;][et_pb_column type=&#8221;4_4&#8243; _builder_version=&#8221;3.25&#8243; custom_padding=&#8221;|||&#8221; global_colors_info=&#8221;{}&#8221; custom_padding__hover=&#8221;|||&#8221;][et_pb_text _builder_version=&#8221;4.9.2&#8243; _dynamic_attributes=&#8221;content&#8221; text_font_size=&#8221;4em&#8221; text_line_height=&#8221;1.4em&#8221; text_orientation=&#8221;center&#8221; custom_margin=&#8221;|15%||15%|false|false&#8221; custom_margin_tablet=&#8221;|5%||5%|false|false&#8221; custom_margin_phone=&#8221;|2%||2%|false|false&#8221; custom_margin_last_edited=&#8221;on|phone&#8221; text_font_size_tablet=&#8221;3.6em&#8221; text_font_size_phone=&#8221;2.9em&#8221; text_font_size_last_edited=&#8221;on|tablet&#8221; global_colors_info=&#8221;{}&#8221;]@ET-DC@eyJkeW5hbWljIjp0cnVlLCJjb250ZW50IjoicG9zdF90aXRsZSIsInNldHRpbmdzIjp7ImJlZm9yZSI6IiIsImFmdGVyIjoiIn19@[\/et_pb_text][et_pb_text content_last_edited=&#8221;off|tablet&#8221; _builder_version=&#8221;4.8.1&#8243; _dynamic_attributes=&#8221;content&#8221; text_font=&#8221;Arial||||||||&#8221; text_text_color=&#8221;#0781CE&#8221; text_font_size=&#8221;1.5em&#8221; text_line_height=&#8221;1.4em&#8221; text_orientation=&#8221;center&#8221; text_font_size_tablet=&#8221;1.25em&#8221; text_font_size_phone=&#8221;1.25em&#8221; text_font_size_last_edited=&#8221;on|tablet&#8221; global_colors_info=&#8221;{}&#8221; content__hover_enabled=&#8221;off|desktop&#8221;]@ET-DC@eyJkeW5hbWljIjp0cnVlLCJjb250ZW50IjoicG9zdF9kYXRlIiwic2V0dGluZ3MiOnsiYmVmb3JlIjoiIiwiYWZ0ZXIiOiIiLCJkYXRlX2Zvcm1hdCI6ImRlZmF1bHQiLCJjdXN0b21fZGF0ZV9mb3JtYXQiOiIifX0=@[\/et_pb_text][\/et_pb_column][\/et_pb_row][et_pb_row _builder_version=&#8221;4.7.7&#8243; background_size=&#8221;initial&#8221; background_position=&#8221;top_left&#8221; background_repeat=&#8221;repeat&#8221; module_alignment=&#8221;center&#8221; custom_margin=&#8221;|auto||411px||&#8221; global_colors_info=&#8221;{}&#8221;][et_pb_column type=&#8221;4_4&#8243; _builder_version=&#8221;3.25&#8243; custom_padding=&#8221;|||&#8221; global_colors_info=&#8221;{}&#8221; custom_padding__hover=&#8221;|||&#8221;][et_pb_text _builder_version=&#8221;4.8.1&#8243; text_font_size=&#8221;1.5em&#8221; custom_margin=&#8221;|15%||15%|false|false&#8221; custom_margin_tablet=&#8221;|5%||5%|false|false&#8221; custom_margin_phone=&#8221;|2%||2%|false|false&#8221; custom_margin_last_edited=&#8221;on|phone&#8221; custom_padding=&#8221;||0px|||&#8221; text_font_size_tablet=&#8221;&#8221; text_font_size_phone=&#8221;1.3em&#8221; text_font_size_last_edited=&#8221;on|desktop&#8221; global_colors_info=&#8221;{}&#8221;]<\/p>\n<p><strong>Noch bis 19. September ist der Familienspa\u00df in Sylbitz ge\u00f6ffnet \u2013 die Wimex Gruppe bietet daneben jetzt \u00c4pfel zum selber ernten an.<\/strong><\/p>\n<p>Nur noch bis Sonntag, 19. September, hat das Maislabyrinth in Sylbitz, einem Ortsteil der Gemeinde Petersberg, ge\u00f6ffnet. Letzte Gelegenheit f\u00fcr Familien, Gruppen und Einzelpersonen noch einmal die verschlungenen Wege durch die gut 3,5 Meter hohen Maipflanzen zu gehen. \u00dcber 8.000 Menschen haben das im Maislabyrinth, das nur sieben Kilometer n\u00f6rdlich der Saale-Stadt Halle an der Autobahn A14 liegt, bereits getan. Den gr\u00fcnen Irrgarten hat die Wimex Gruppe als Eigent\u00fcmer und Bewirtschafter der landwirtschaftlichen Fl\u00e4che angelegt. Daneben locken Apfelb\u00e4ume \u2013 hier ist selber pfl\u00fccken angesagt. Rund ein Dutzend verschiedene Sorten warten dort auf die Freunde des knackigen Kernobstes. Elstar, Gala, Jonagold und Co. h\u00e4ngen in gut erreichbarer H\u00f6he.<\/p>\n<p><strong>Selber \u00c4pfel pfl\u00fccken<\/strong><\/p>\n<p>Auf der gut zwei Hektar gro\u00dfen Maisfl\u00e4che kehrt ab kommender Woche wieder Ruhe ein, die Riesengr\u00e4ser und ihre Kolben reifen bis zum Erntetermin vollends. Gleich nebenan gibt es aber eine Fl\u00e4che, auf denen Besucherinnen und Besucher weiterhin willkommen sind: \u00c4pfel zum selber ernten gibt es dort bereits seit Ende August. Nach den ersten Fr\u00fch\u00e4pfeln sind nun auch die sp\u00e4teren Sorten reif \u2013 letztere eigen sich zur Lagerung \u00fcber den Herbst hinaus. Familien, die sich gerne einen eigenen kleinen Vorrat im Keller anlegen m\u00f6chten, sollten einen passenden Beh\u00e4lter mitbringen. Zum Beispiel: eine mit Zeitungspapier ausgelegte Holzkiste und zus\u00e4tzliche Lagen Papier, die die Fr\u00fcchte vor Druckstellen sch\u00fctzen. Am Ende hei\u00dft es, die gepfl\u00fcckten Fr\u00fcchte wiegen, dabei wird das Gewicht des Sammelbeh\u00e4lters abgezogen und kiloweise abgerechnet. Den eigenen Spa\u00df und die Besch\u00e4ftigung in der Natur unter freiem Himmel gibt es gratis dazu.<\/p>\n<p><strong>Das Maislabyrinth<\/strong> in Sylbitz ist noch bis Sonntag, 19. September, jeweils zwischen 10 und 18 Uhr ge\u00f6ffnet. Der Weg dorthin ist ab der Autobahn A14 ausgeschildert. Der Eintritt kostet vier Euro je Person, Kinder und Jugendliche bis 17 Jahren drei Euro.<\/p>\n<p><strong>Die Selbstpfl\u00fccke f\u00fcr \u00c4pfel<\/strong> steht mindestens noch bis Ende Oktber bereit, aktuell ist die Ernte dort wochentags zwischen 8 und 17 Uhr m\u00f6glich. Ab Montag, 20. September, \u00f6ffnet die Obstanlage t\u00e4glich: Montag bis Samstag jeweils zwischen 8 und 17 Uhr, sonntags von 9 bis 15 Uhr.<\/p>\n<p>&nbsp;<\/p>\n<p>[\/et_pb_text][\/et_pb_column][\/et_pb_row][et_pb_row _builder_version=&#8221;4.7.4&#8243; _module_preset=&#8221;default&#8221; global_colors_info=&#8221;{}&#8221;][et_pb_column type=&#8221;4_4&#8243; _builder_version=&#8221;4.7.4&#8243; _module_preset=&#8221;default&#8221; global_colors_info=&#8221;{}&#8221;][et_pb_post_nav _builder_version=&#8221;4.7.4&#8243; _module_preset=&#8221;default&#8221; global_colors_info=&#8221;{}&#8221;][\/et_pb_post_nav][\/et_pb_column][\/et_pb_row][\/et_pb_section]<\/p>\n","protected":false},"excerpt":{"rendered":"<p>Noch bis 19. September ist der Familienspa\u00df in Sylbitz ge\u00f6ffnet \u2013 die Wimex Gruppe bietet daneben jetzt \u00c4pfel zum selber ernten an.<\/p>\n","protected":false},"author":4,"featured_media":2890,"comment_status":"open","ping_status":"open","sticky":false,"template":"","format":"standard","meta":{"_et_pb_use_builder":"on","_et_pb_old_content":"<!-- wp:paragraph -->\n<p>Dank einer Anfrage zweier Hobbysprayer wird das unser altes BALM-Lager in Rosefeld zum Objekt regelm\u00e4\u00dfiger Graffiti-Projekte. Bei dem Graffiti-Duo mit dem K\u00fcnstlernamen DRMLZ handelt es sich um die geb\u00fcrtigen Dessauer Stefan Schneider (42) und Stefan Berndt (36). Die beiden Freunde leben und arbeiten als Senior Designer in Berlin \u2026<\/p>\n<!-- \/wp:paragraph -->\n\n<!-- wp:paragraph -->\n<p>Natate peris vitatem vel idis eseruptum ea acerro mint enihicatist lab ium faccust, cus ex eliquos vid quatqui dolorist iderepu disciaes mod qui dolum quam, que dollest, quam, ut aut aut quidellabor apeliquat.<br>Ictemquam imporep udandissi sum suntem cuptae solliquae peliate cabores erumet il idi temporest, od es voluptis volent omnihiliqui optatent utem nonsequid ut quis reptumque pla doloris vellate mporempostis volest mo ipsam, sim dolore, tetur, simust, sit porae aut quunt quunte non re sim el is alis dentinverias eumque volupta tustis dist, natus dolorite cuptatem exernatur secti asperep udigenimus audit reped quam eiciis quo des qui volectem demperci officia intinvendus aspere idis mo eius de quae pos esequam, ipis doluptatios quuntiis que nis iur, simporrovita cum rese volupta quamus.<br>Iquam arioriost quo quo dolupti odi dolupit re voluptistis volorae sus pro veliquatur a plitat.<\/p>\n<!-- \/wp:paragraph -->\n\n<!-- wp:paragraph -->\n<p>Raturi nectorectis raectum incia con commoluptat offictur?<br>Dae sit officidem nobis aut adit aut maximinctus dissed que core peditatur maximil isinis ante vereptatur, sites que porerum que ma con eos quam renda nienis et lantiusciet vendebit exernatur? Qui nonsequiaes nemos eum id molore lacerch icidem re, consecuptur ma aut pe dolorem poreseq uatemolorat ipidi si bera nis vitionse occatus serum fuga. Namenimust volupta tenime lantur, non nonse quiam rerum hit, sumquam enem cus, sanditiur? Quist autem volor andi dolecto remporum eum am quo moluptat dendam, nemporem rat quidem vendi occulpa nonserum accatio odis il ipiciusam consenem quia et escid que idebit, ut aspidel ibeaquam et.<\/p>\n<!-- \/wp:paragraph -->","_et_gb_content_width":"2880","footnotes":""},"categories":[11,12,1],"tags":[],"class_list":["post-2889","post","type-post","status-publish","format-standard","has-post-thumbnail","hentry","category-news-startseite","category-pressemitteilung","category-unkategorisiert"],"yoast_head":"<!-- This site is optimized with the Yoast SEO plugin v27.3 - https:\/\/yoast.com\/product\/yoast-seo-wordpress\/ -->\n<title>Nach Maislabyrinth kommt Apfelernte - wimex-group<\/title>\n<meta name=\"robots\" content=\"index, follow, max-snippet:-1, max-image-preview:large, max-video-preview:-1\" \/>\n<link rel=\"canonical\" href=\"https:\/\/wimex-group.com\/en\/nach-maislabyrinth-kommt-apfelernte\/\" \/>\n<meta property=\"og:locale\" content=\"en_US\" \/>\n<meta property=\"og:type\" content=\"article\" \/>\n<meta property=\"og:title\" content=\"Nach Maislabyrinth kommt Apfelernte - wimex-group\" \/>\n<meta property=\"og:description\" content=\"Noch bis 19. September ist der Familienspa\u00df in Sylbitz ge\u00f6ffnet \u2013 die Wimex Gruppe bietet daneben jetzt \u00c4pfel zum selber ernten an.\" \/>\n<meta property=\"og:url\" content=\"https:\/\/wimex-group.com\/en\/nach-maislabyrinth-kommt-apfelernte\/\" \/>\n<meta property=\"og:site_name\" content=\"wimex-group\" \/>\n<meta property=\"article:published_time\" content=\"2021-09-17T07:54:24+00:00\" \/>\n<meta property=\"og:image\" content=\"https:\/\/wimex-group.com\/wp-content\/uploads\/2021\/09\/Maislabyrinth_Eingangsbereich-scaled.jpg\" \/>\n\t<meta property=\"og:image:width\" content=\"2560\" \/>\n\t<meta property=\"og:image:height\" content=\"1920\" \/>\n\t<meta property=\"og:image:type\" content=\"image\/jpeg\" \/>\n<meta name=\"author\" content=\"Christian M\u00f6sbauer\" \/>\n<meta name=\"twitter:card\" content=\"summary_large_image\" \/>\n<meta name=\"twitter:label1\" content=\"Written by\" \/>\n\t<meta name=\"twitter:data1\" content=\"Christian M\u00f6sbauer\" \/>\n\t<meta name=\"twitter:label2\" content=\"Est. reading time\" \/>\n\t<meta name=\"twitter:data2\" content=\"3 minutes\" \/>\n<script type=\"application\/ld+json\" class=\"yoast-schema-graph\">{\"@context\":\"https:\\\/\\\/schema.org\",\"@graph\":[{\"@type\":\"Article\",\"@id\":\"https:\\\/\\\/wimex-group.com\\\/en\\\/nach-maislabyrinth-kommt-apfelernte\\\/#article\",\"isPartOf\":{\"@id\":\"https:\\\/\\\/wimex-group.com\\\/en\\\/nach-maislabyrinth-kommt-apfelernte\\\/\"},\"author\":{\"name\":\"Christian M\u00f6sbauer\",\"@id\":\"https:\\\/\\\/wimex-group.com\\\/en\\\/#\\\/schema\\\/person\\\/a40389b6c8655911f422d861623474cb\"},\"headline\":\"Nach Maislabyrinth kommt Apfelernte\",\"datePublished\":\"2021-09-17T07:54:24+00:00\",\"mainEntityOfPage\":{\"@id\":\"https:\\\/\\\/wimex-group.com\\\/en\\\/nach-maislabyrinth-kommt-apfelernte\\\/\"},\"wordCount\":771,\"commentCount\":0,\"image\":{\"@id\":\"https:\\\/\\\/wimex-group.com\\\/en\\\/nach-maislabyrinth-kommt-apfelernte\\\/#primaryimage\"},\"thumbnailUrl\":\"https:\\\/\\\/wimex-group.com\\\/wp-content\\\/uploads\\\/2021\\\/09\\\/Maislabyrinth_Eingangsbereich-scaled.jpg\",\"articleSection\":[\"News Startseite\",\"PRESSEMITTEILUNG\",\"Unkategorisiert\"],\"inLanguage\":\"en-US\",\"potentialAction\":[{\"@type\":\"CommentAction\",\"name\":\"Comment\",\"target\":[\"https:\\\/\\\/wimex-group.com\\\/en\\\/nach-maislabyrinth-kommt-apfelernte\\\/#respond\"]}]},{\"@type\":\"WebPage\",\"@id\":\"https:\\\/\\\/wimex-group.com\\\/en\\\/nach-maislabyrinth-kommt-apfelernte\\\/\",\"url\":\"https:\\\/\\\/wimex-group.com\\\/en\\\/nach-maislabyrinth-kommt-apfelernte\\\/\",\"name\":\"Nach Maislabyrinth kommt Apfelernte - wimex-group\",\"isPartOf\":{\"@id\":\"https:\\\/\\\/wimex-group.com\\\/en\\\/#website\"},\"primaryImageOfPage\":{\"@id\":\"https:\\\/\\\/wimex-group.com\\\/en\\\/nach-maislabyrinth-kommt-apfelernte\\\/#primaryimage\"},\"image\":{\"@id\":\"https:\\\/\\\/wimex-group.com\\\/en\\\/nach-maislabyrinth-kommt-apfelernte\\\/#primaryimage\"},\"thumbnailUrl\":\"https:\\\/\\\/wimex-group.com\\\/wp-content\\\/uploads\\\/2021\\\/09\\\/Maislabyrinth_Eingangsbereich-scaled.jpg\",\"datePublished\":\"2021-09-17T07:54:24+00:00\",\"author\":{\"@id\":\"https:\\\/\\\/wimex-group.com\\\/en\\\/#\\\/schema\\\/person\\\/a40389b6c8655911f422d861623474cb\"},\"breadcrumb\":{\"@id\":\"https:\\\/\\\/wimex-group.com\\\/en\\\/nach-maislabyrinth-kommt-apfelernte\\\/#breadcrumb\"},\"inLanguage\":\"en-US\",\"potentialAction\":[{\"@type\":\"ReadAction\",\"target\":[\"https:\\\/\\\/wimex-group.com\\\/en\\\/nach-maislabyrinth-kommt-apfelernte\\\/\"]}]},{\"@type\":\"ImageObject\",\"inLanguage\":\"en-US\",\"@id\":\"https:\\\/\\\/wimex-group.com\\\/en\\\/nach-maislabyrinth-kommt-apfelernte\\\/#primaryimage\",\"url\":\"https:\\\/\\\/wimex-group.com\\\/wp-content\\\/uploads\\\/2021\\\/09\\\/Maislabyrinth_Eingangsbereich-scaled.jpg\",\"contentUrl\":\"https:\\\/\\\/wimex-group.com\\\/wp-content\\\/uploads\\\/2021\\\/09\\\/Maislabyrinth_Eingangsbereich-scaled.jpg\",\"width\":2560,\"height\":1920},{\"@type\":\"BreadcrumbList\",\"@id\":\"https:\\\/\\\/wimex-group.com\\\/en\\\/nach-maislabyrinth-kommt-apfelernte\\\/#breadcrumb\",\"itemListElement\":[{\"@type\":\"ListItem\",\"position\":1,\"name\":\"Startseite\",\"item\":\"https:\\\/\\\/wimex-group.com\\\/en\\\/\"},{\"@type\":\"ListItem\",\"position\":2,\"name\":\"Nach Maislabyrinth kommt Apfelernte\"}]},{\"@type\":\"WebSite\",\"@id\":\"https:\\\/\\\/wimex-group.com\\\/en\\\/#website\",\"url\":\"https:\\\/\\\/wimex-group.com\\\/en\\\/\",\"name\":\"wimex-group\",\"description\":\"Wimex Group\",\"potentialAction\":[{\"@type\":\"SearchAction\",\"target\":{\"@type\":\"EntryPoint\",\"urlTemplate\":\"https:\\\/\\\/wimex-group.com\\\/en\\\/?s={search_term_string}\"},\"query-input\":{\"@type\":\"PropertyValueSpecification\",\"valueRequired\":true,\"valueName\":\"search_term_string\"}}],\"inLanguage\":\"en-US\"},{\"@type\":\"Person\",\"@id\":\"https:\\\/\\\/wimex-group.com\\\/en\\\/#\\\/schema\\\/person\\\/a40389b6c8655911f422d861623474cb\",\"name\":\"Christian M\u00f6sbauer\",\"image\":{\"@type\":\"ImageObject\",\"inLanguage\":\"en-US\",\"@id\":\"https:\\\/\\\/secure.gravatar.com\\\/avatar\\\/06875c1b4a92386eb292687c3b8d5bc5ccc1556d275ae04eb27236e2a8d3d9d5?s=96&d=mm&r=g\",\"url\":\"https:\\\/\\\/secure.gravatar.com\\\/avatar\\\/06875c1b4a92386eb292687c3b8d5bc5ccc1556d275ae04eb27236e2a8d3d9d5?s=96&d=mm&r=g\",\"contentUrl\":\"https:\\\/\\\/secure.gravatar.com\\\/avatar\\\/06875c1b4a92386eb292687c3b8d5bc5ccc1556d275ae04eb27236e2a8d3d9d5?s=96&d=mm&r=g\",\"caption\":\"Christian M\u00f6sbauer\"},\"url\":\"https:\\\/\\\/wimex-group.com\\\/en\\\/author\\\/cmoesbauer\\\/\"}]}<\/script>\n<!-- \/ Yoast SEO plugin. -->","yoast_head_json":{"title":"Nach Maislabyrinth kommt Apfelernte - wimex-group","robots":{"index":"index","follow":"follow","max-snippet":"max-snippet:-1","max-image-preview":"max-image-preview:large","max-video-preview":"max-video-preview:-1"},"canonical":"https:\/\/wimex-group.com\/en\/nach-maislabyrinth-kommt-apfelernte\/","og_locale":"en_US","og_type":"article","og_title":"Nach Maislabyrinth kommt Apfelernte - wimex-group","og_description":"Noch bis 19. September ist der Familienspa\u00df in Sylbitz ge\u00f6ffnet \u2013 die Wimex Gruppe bietet daneben jetzt \u00c4pfel zum selber ernten an.","og_url":"https:\/\/wimex-group.com\/en\/nach-maislabyrinth-kommt-apfelernte\/","og_site_name":"wimex-group","article_published_time":"2021-09-17T07:54:24+00:00","og_image":[{"width":2560,"height":1920,"url":"https:\/\/wimex-group.com\/wp-content\/uploads\/2021\/09\/Maislabyrinth_Eingangsbereich-scaled.jpg","type":"image\/jpeg"}],"author":"Christian M\u00f6sbauer","twitter_card":"summary_large_image","twitter_misc":{"Written by":"Christian M\u00f6sbauer","Est. reading time":"3 minutes"},"schema":{"@context":"https:\/\/schema.org","@graph":[{"@type":"Article","@id":"https:\/\/wimex-group.com\/en\/nach-maislabyrinth-kommt-apfelernte\/#article","isPartOf":{"@id":"https:\/\/wimex-group.com\/en\/nach-maislabyrinth-kommt-apfelernte\/"},"author":{"name":"Christian M\u00f6sbauer","@id":"https:\/\/wimex-group.com\/en\/#\/schema\/person\/a40389b6c8655911f422d861623474cb"},"headline":"Nach Maislabyrinth kommt Apfelernte","datePublished":"2021-09-17T07:54:24+00:00","mainEntityOfPage":{"@id":"https:\/\/wimex-group.com\/en\/nach-maislabyrinth-kommt-apfelernte\/"},"wordCount":771,"commentCount":0,"image":{"@id":"https:\/\/wimex-group.com\/en\/nach-maislabyrinth-kommt-apfelernte\/#primaryimage"},"thumbnailUrl":"https:\/\/wimex-group.com\/wp-content\/uploads\/2021\/09\/Maislabyrinth_Eingangsbereich-scaled.jpg","articleSection":["News Startseite","PRESSEMITTEILUNG","Unkategorisiert"],"inLanguage":"en-US","potentialAction":[{"@type":"CommentAction","name":"Comment","target":["https:\/\/wimex-group.com\/en\/nach-maislabyrinth-kommt-apfelernte\/#respond"]}]},{"@type":"WebPage","@id":"https:\/\/wimex-group.com\/en\/nach-maislabyrinth-kommt-apfelernte\/","url":"https:\/\/wimex-group.com\/en\/nach-maislabyrinth-kommt-apfelernte\/","name":"Nach Maislabyrinth kommt Apfelernte - wimex-group","isPartOf":{"@id":"https:\/\/wimex-group.com\/en\/#website"},"primaryImageOfPage":{"@id":"https:\/\/wimex-group.com\/en\/nach-maislabyrinth-kommt-apfelernte\/#primaryimage"},"image":{"@id":"https:\/\/wimex-group.com\/en\/nach-maislabyrinth-kommt-apfelernte\/#primaryimage"},"thumbnailUrl":"https:\/\/wimex-group.com\/wp-content\/uploads\/2021\/09\/Maislabyrinth_Eingangsbereich-scaled.jpg","datePublished":"2021-09-17T07:54:24+00:00","author":{"@id":"https:\/\/wimex-group.com\/en\/#\/schema\/person\/a40389b6c8655911f422d861623474cb"},"breadcrumb":{"@id":"https:\/\/wimex-group.com\/en\/nach-maislabyrinth-kommt-apfelernte\/#breadcrumb"},"inLanguage":"en-US","potentialAction":[{"@type":"ReadAction","target":["https:\/\/wimex-group.com\/en\/nach-maislabyrinth-kommt-apfelernte\/"]}]},{"@type":"ImageObject","inLanguage":"en-US","@id":"https:\/\/wimex-group.com\/en\/nach-maislabyrinth-kommt-apfelernte\/#primaryimage","url":"https:\/\/wimex-group.com\/wp-content\/uploads\/2021\/09\/Maislabyrinth_Eingangsbereich-scaled.jpg","contentUrl":"https:\/\/wimex-group.com\/wp-content\/uploads\/2021\/09\/Maislabyrinth_Eingangsbereich-scaled.jpg","width":2560,"height":1920},{"@type":"BreadcrumbList","@id":"https:\/\/wimex-group.com\/en\/nach-maislabyrinth-kommt-apfelernte\/#breadcrumb","itemListElement":[{"@type":"ListItem","position":1,"name":"Startseite","item":"https:\/\/wimex-group.com\/en\/"},{"@type":"ListItem","position":2,"name":"Nach Maislabyrinth kommt Apfelernte"}]},{"@type":"WebSite","@id":"https:\/\/wimex-group.com\/en\/#website","url":"https:\/\/wimex-group.com\/en\/","name":"wimex-group","description":"Wimex Group","potentialAction":[{"@type":"SearchAction","target":{"@type":"EntryPoint","urlTemplate":"https:\/\/wimex-group.com\/en\/?s={search_term_string}"},"query-input":{"@type":"PropertyValueSpecification","valueRequired":true,"valueName":"search_term_string"}}],"inLanguage":"en-US"},{"@type":"Person","@id":"https:\/\/wimex-group.com\/en\/#\/schema\/person\/a40389b6c8655911f422d861623474cb","name":"Christian M\u00f6sbauer","image":{"@type":"ImageObject","inLanguage":"en-US","@id":"https:\/\/secure.gravatar.com\/avatar\/06875c1b4a92386eb292687c3b8d5bc5ccc1556d275ae04eb27236e2a8d3d9d5?s=96&d=mm&r=g","url":"https:\/\/secure.gravatar.com\/avatar\/06875c1b4a92386eb292687c3b8d5bc5ccc1556d275ae04eb27236e2a8d3d9d5?s=96&d=mm&r=g","contentUrl":"https:\/\/secure.gravatar.com\/avatar\/06875c1b4a92386eb292687c3b8d5bc5ccc1556d275ae04eb27236e2a8d3d9d5?s=96&d=mm&r=g","caption":"Christian M\u00f6sbauer"},"url":"https:\/\/wimex-group.com\/en\/author\/cmoesbauer\/"}]}},"_links":{"self":[{"href":"https:\/\/wimex-group.com\/en\/wp-json\/wp\/v2\/posts\/2889","targetHints":{"allow":["GET"]}}],"collection":[{"href":"https:\/\/wimex-group.com\/en\/wp-json\/wp\/v2\/posts"}],"about":[{"href":"https:\/\/wimex-group.com\/en\/wp-json\/wp\/v2\/types\/post"}],"author":[{"embeddable":true,"href":"https:\/\/wimex-group.com\/en\/wp-json\/wp\/v2\/users\/4"}],"replies":[{"embeddable":true,"href":"https:\/\/wimex-group.com\/en\/wp-json\/wp\/v2\/comments?post=2889"}],"version-history":[{"count":2,"href":"https:\/\/wimex-group.com\/en\/wp-json\/wp\/v2\/posts\/2889\/revisions"}],"predecessor-version":[{"id":2893,"href":"https:\/\/wimex-group.com\/en\/wp-json\/wp\/v2\/posts\/2889\/revisions\/2893"}],"wp:featuredmedia":[{"embeddable":true,"href":"https:\/\/wimex-group.com\/en\/wp-json\/wp\/v2\/media\/2890"}],"wp:attachment":[{"href":"https:\/\/wimex-group.com\/en\/wp-json\/wp\/v2\/media?parent=2889"}],"wp:term":[{"taxonomy":"category","embeddable":true,"href":"https:\/\/wimex-group.com\/en\/wp-json\/wp\/v2\/categories?post=2889"},{"taxonomy":"post_tag","embeddable":true,"href":"https:\/\/wimex-group.com\/en\/wp-json\/wp\/v2\/tags?post=2889"}],"curies":[{"name":"wp","href":"https:\/\/api.w.org\/{rel}","templated":true}]}}