{"id":2947,"date":"2021-11-10T09:06:18","date_gmt":"2021-11-10T08:06:18","guid":{"rendered":"https:\/\/www.wimex-group.com\/?p=2947"},"modified":"2021-11-10T09:08:08","modified_gmt":"2021-11-10T08:08:08","slug":"wimex-spendet-auch-dieses-jahr-an-desideria-care","status":"publish","type":"post","link":"https:\/\/wimex-group.com\/en\/wimex-spendet-auch-dieses-jahr-an-desideria-care\/","title":{"rendered":"Wimex spendet auch dieses Jahr an Desideria Care!"},"content":{"rendered":"<p>[et_pb_section fb_built=&#8221;1&#8243; _builder_version=&#8221;4.9.11&#8243; background_image=&#8221;https:\/\/wimex-group.com\/wp-content\/uploads\/2020\/12\/WMX_Intro_Slider_1.jpg&#8221; min_height=&#8221;350px&#8221; min_height_tablet=&#8221;&#8221; min_height_phone=&#8221;250px&#8221; min_height_last_edited=&#8221;on|phone&#8221; max_height=&#8221;350px&#8221; global_colors_info=&#8221;{}&#8221;][\/et_pb_section][et_pb_section fb_built=&#8221;1&#8243; _builder_version=&#8221;3.22&#8243; global_colors_info=&#8221;{}&#8221;][et_pb_row _builder_version=&#8221;4.7.4&#8243; background_size=&#8221;initial&#8221; background_position=&#8221;top_left&#8221; background_repeat=&#8221;repeat&#8221; global_colors_info=&#8221;{}&#8221;][et_pb_column type=&#8221;4_4&#8243; _builder_version=&#8221;3.25&#8243; custom_padding=&#8221;|||&#8221; global_colors_info=&#8221;{}&#8221; custom_padding__hover=&#8221;|||&#8221;][et_pb_text _builder_version=&#8221;4.8.1&#8243; _dynamic_attributes=&#8221;content&#8221; text_font_size=&#8221;4em&#8221; text_line_height=&#8221;1.4em&#8221; text_orientation=&#8221;center&#8221; custom_margin=&#8221;|15%||15%|false|true&#8221; custom_margin_tablet=&#8221;|2%||2%|false|true&#8221; custom_margin_phone=&#8221;|0%||0%|false|true&#8221; custom_margin_last_edited=&#8221;on|phone&#8221; text_font_size_tablet=&#8221;3.6em&#8221; text_font_size_phone=&#8221;2.5em&#8221; text_font_size_last_edited=&#8221;on|tablet&#8221; global_colors_info=&#8221;{}&#8221;]@ET-DC@eyJkeW5hbWljIjp0cnVlLCJjb250ZW50IjoicG9zdF90aXRsZSIsInNldHRpbmdzIjp7ImJlZm9yZSI6IiIsImFmdGVyIjoiIn19@[\/et_pb_text][et_pb_text content_last_edited=&#8221;off|tablet&#8221; _builder_version=&#8221;4.7.7&#8243; _dynamic_attributes=&#8221;content&#8221; text_font=&#8221;Arial||||||||&#8221; text_text_color=&#8221;#0781ce&#8221; text_font_size=&#8221;1.5em&#8221; text_line_height=&#8221;1.4em&#8221; text_orientation=&#8221;center&#8221; text_font_size_tablet=&#8221;1.25em&#8221; text_font_size_phone=&#8221;1.25em&#8221; text_font_size_last_edited=&#8221;on|tablet&#8221; global_colors_info=&#8221;{}&#8221; content__hover_enabled=&#8221;off|desktop&#8221;]@ET-DC@eyJkeW5hbWljIjp0cnVlLCJjb250ZW50IjoicG9zdF9kYXRlIiwic2V0dGluZ3MiOnsiYmVmb3JlIjoiIiwiYWZ0ZXIiOiIiLCJkYXRlX2Zvcm1hdCI6ImRlZmF1bHQiLCJjdXN0b21fZGF0ZV9mb3JtYXQiOiIifX0=@[\/et_pb_text][\/et_pb_column][\/et_pb_row][et_pb_row _builder_version=&#8221;4.7.7&#8243; background_size=&#8221;initial&#8221; background_position=&#8221;top_left&#8221; background_repeat=&#8221;repeat&#8221; module_alignment=&#8221;center&#8221; custom_margin=&#8221;|auto||411px||&#8221; global_colors_info=&#8221;{}&#8221;][et_pb_column type=&#8221;4_4&#8243; _builder_version=&#8221;3.25&#8243; custom_padding=&#8221;|||&#8221; global_colors_info=&#8221;{}&#8221; custom_padding__hover=&#8221;|||&#8221;][et_pb_text _builder_version=&#8221;4.9.11&#8243; text_font_size=&#8221;1.5em&#8221; custom_margin=&#8221;|15%||15%|false|true&#8221; custom_margin_tablet=&#8221;|5%||5%|false|true&#8221; custom_margin_phone=&#8221;|2%||2%|false|true&#8221; custom_margin_last_edited=&#8221;on|tablet&#8221; custom_padding=&#8221;||0px|||&#8221; text_font_size_tablet=&#8221;&#8221; text_font_size_phone=&#8221;1.3em&#8221; text_font_size_last_edited=&#8221;on|desktop&#8221; global_colors_info=&#8221;{}&#8221;]<\/p>\n<p>In Deutschland leben rund 1,6 Mio Menschen, die an Alzheimer oder an anderen Formen von Demenz erkrankt sind. Unsere Gesellschaft steht somit vor gro\u00dfen sozialen und wirtschaftlichen Herausforderungen. H\u00e4ufig bleibt die Not der Angeh\u00f6rigen ungesehen und ungeh\u00f6rt, obwohl 75% der Erkrankten zu Hause gepflegt und versorgt werden.<\/p>\n<p>Wimex Gesch\u00e4ftsf\u00fchrer Leopold Graf von Drechsel traf sich mit Frau Bohlen und Halbach (Vorsitzende von Desideria Care e.V.) und konnte sich von der beeindruckenden Arbeit des Vereins \u00fcberzeugen.<\/p>\n<p>Desideria Care setzt sich f\u00fcr eine demenzfreundliche Gesellschaft ein und hilft Familien das Leben mit Demenz anzunehmen und mit Mut, Liebe und Zuversicht zu gestalten.<\/p>\n<p>Wir bei Wimex spenden auch dieses Jahr wieder, um die Arbeit von Desideria Care zu unterst\u00fctzen.<\/p>\n<p>&nbsp;<\/p>\n<p>[\/et_pb_text][\/et_pb_column][\/et_pb_row][\/et_pb_section]<\/p>\n","protected":false},"excerpt":{"rendered":"<p>In Deutschland leben rund 1,6 Mio Menschen, die an Alzheimer oder an anderen Formen von Demenz erkrankt sind. Unsere Gesellschaft steht somit vor gro\u00dfen sozialen und wirtschaftlichen Herausforderungen. <\/p>\n","protected":false},"author":4,"featured_media":2952,"comment_status":"open","ping_status":"open","sticky":false,"template":"","format":"standard","meta":{"_et_pb_use_builder":"on","_et_pb_old_content":"<!-- wp:paragraph -->\n<p>Dank einer Anfrage zweier Hobbysprayer wird das unser altes BALM-Lager in Rosefeld zum Objekt regelm\u00e4\u00dfiger Graffiti-Projekte. Bei dem Graffiti-Duo mit dem K\u00fcnstlernamen DRMLZ handelt es sich um die geb\u00fcrtigen Dessauer Stefan Schneider (42) und Stefan Berndt (36). Die beiden Freunde leben und arbeiten als Senior Designer in Berlin \u2026<\/p>\n<!-- \/wp:paragraph -->\n\n<!-- wp:paragraph -->\n<p>Natate peris vitatem vel idis eseruptum ea acerro mint enihicatist lab ium faccust, cus ex eliquos vid quatqui dolorist iderepu disciaes mod qui dolum quam, que dollest, quam, ut aut aut quidellabor apeliquat.<br>Ictemquam imporep udandissi sum suntem cuptae solliquae peliate cabores erumet il idi temporest, od es voluptis volent omnihiliqui optatent utem nonsequid ut quis reptumque pla doloris vellate mporempostis volest mo ipsam, sim dolore, tetur, simust, sit porae aut quunt quunte non re sim el is alis dentinverias eumque volupta tustis dist, natus dolorite cuptatem exernatur secti asperep udigenimus audit reped quam eiciis quo des qui volectem demperci officia intinvendus aspere idis mo eius de quae pos esequam, ipis doluptatios quuntiis que nis iur, simporrovita cum rese volupta quamus.<br>Iquam arioriost quo quo dolupti odi dolupit re voluptistis volorae sus pro veliquatur a plitat.<\/p>\n<!-- \/wp:paragraph -->\n\n<!-- wp:paragraph -->\n<p>Raturi nectorectis raectum incia con commoluptat offictur?<br>Dae sit officidem nobis aut adit aut maximinctus dissed que core peditatur maximil isinis ante vereptatur, sites que porerum que ma con eos quam renda nienis et lantiusciet vendebit exernatur? Qui nonsequiaes nemos eum id molore lacerch icidem re, consecuptur ma aut pe dolorem poreseq uatemolorat ipidi si bera nis vitionse occatus serum fuga. Namenimust volupta tenime lantur, non nonse quiam rerum hit, sumquam enem cus, sanditiur? Quist autem volor andi dolecto remporum eum am quo moluptat dendam, nemporem rat quidem vendi occulpa nonserum accatio odis il ipiciusam consenem quia et escid que idebit, ut aspidel ibeaquam et.<\/p>\n<!-- \/wp:paragraph -->","_et_gb_content_width":"2880","footnotes":""},"categories":[11],"tags":[],"class_list":["post-2947","post","type-post","status-publish","format-standard","has-post-thumbnail","hentry","category-news-startseite"],"yoast_head":"<!-- This site is optimized with the Yoast SEO plugin v27.3 - https:\/\/yoast.com\/product\/yoast-seo-wordpress\/ -->\n<title>Wimex spendet auch dieses Jahr an Desideria Care! - wimex-group<\/title>\n<meta name=\"robots\" content=\"index, follow, max-snippet:-1, max-image-preview:large, max-video-preview:-1\" \/>\n<link rel=\"canonical\" href=\"https:\/\/wimex-group.com\/en\/wimex-spendet-auch-dieses-jahr-an-desideria-care\/\" \/>\n<meta property=\"og:locale\" content=\"en_US\" \/>\n<meta property=\"og:type\" content=\"article\" \/>\n<meta property=\"og:title\" content=\"Wimex spendet auch dieses Jahr an Desideria Care! - wimex-group\" \/>\n<meta property=\"og:description\" content=\"In Deutschland leben rund 1,6 Mio Menschen, die an Alzheimer oder an anderen Formen von Demenz erkrankt sind. Unsere Gesellschaft steht somit vor gro\u00dfen sozialen und wirtschaftlichen Herausforderungen.\" \/>\n<meta property=\"og:url\" content=\"https:\/\/wimex-group.com\/en\/wimex-spendet-auch-dieses-jahr-an-desideria-care\/\" \/>\n<meta property=\"og:site_name\" content=\"wimex-group\" \/>\n<meta property=\"article:published_time\" content=\"2021-11-10T08:06:18+00:00\" \/>\n<meta property=\"article:modified_time\" content=\"2021-11-10T08:08:08+00:00\" \/>\n<meta property=\"og:image\" content=\"https:\/\/wimex-group.com\/wp-content\/uploads\/2021\/11\/Desideria-Care-1.jpg\" \/>\n\t<meta property=\"og:image:width\" content=\"1024\" \/>\n\t<meta property=\"og:image:height\" content=\"768\" \/>\n\t<meta property=\"og:image:type\" content=\"image\/jpeg\" \/>\n<meta name=\"author\" content=\"Christian M\u00f6sbauer\" \/>\n<meta name=\"twitter:card\" content=\"summary_large_image\" \/>\n<meta name=\"twitter:label1\" content=\"Written by\" \/>\n\t<meta name=\"twitter:data1\" content=\"Christian M\u00f6sbauer\" \/>\n\t<meta name=\"twitter:label2\" content=\"Est. reading time\" \/>\n\t<meta name=\"twitter:data2\" content=\"1 minute\" \/>\n<script type=\"application\/ld+json\" class=\"yoast-schema-graph\">{\"@context\":\"https:\\\/\\\/schema.org\",\"@graph\":[{\"@type\":\"Article\",\"@id\":\"https:\\\/\\\/wimex-group.com\\\/en\\\/wimex-spendet-auch-dieses-jahr-an-desideria-care\\\/#article\",\"isPartOf\":{\"@id\":\"https:\\\/\\\/wimex-group.com\\\/en\\\/wimex-spendet-auch-dieses-jahr-an-desideria-care\\\/\"},\"author\":{\"name\":\"Christian M\u00f6sbauer\",\"@id\":\"https:\\\/\\\/wimex-group.com\\\/en\\\/#\\\/schema\\\/person\\\/a40389b6c8655911f422d861623474cb\"},\"headline\":\"Wimex spendet auch dieses Jahr an Desideria Care!\",\"datePublished\":\"2021-11-10T08:06:18+00:00\",\"dateModified\":\"2021-11-10T08:08:08+00:00\",\"mainEntityOfPage\":{\"@id\":\"https:\\\/\\\/wimex-group.com\\\/en\\\/wimex-spendet-auch-dieses-jahr-an-desideria-care\\\/\"},\"wordCount\":479,\"commentCount\":0,\"image\":{\"@id\":\"https:\\\/\\\/wimex-group.com\\\/en\\\/wimex-spendet-auch-dieses-jahr-an-desideria-care\\\/#primaryimage\"},\"thumbnailUrl\":\"https:\\\/\\\/wimex-group.com\\\/wp-content\\\/uploads\\\/2021\\\/11\\\/Desideria-Care-1.jpg\",\"articleSection\":[\"News Startseite\"],\"inLanguage\":\"en-US\",\"potentialAction\":[{\"@type\":\"CommentAction\",\"name\":\"Comment\",\"target\":[\"https:\\\/\\\/wimex-group.com\\\/en\\\/wimex-spendet-auch-dieses-jahr-an-desideria-care\\\/#respond\"]}]},{\"@type\":\"WebPage\",\"@id\":\"https:\\\/\\\/wimex-group.com\\\/en\\\/wimex-spendet-auch-dieses-jahr-an-desideria-care\\\/\",\"url\":\"https:\\\/\\\/wimex-group.com\\\/en\\\/wimex-spendet-auch-dieses-jahr-an-desideria-care\\\/\",\"name\":\"Wimex spendet auch dieses Jahr an Desideria Care! - wimex-group\",\"isPartOf\":{\"@id\":\"https:\\\/\\\/wimex-group.com\\\/en\\\/#website\"},\"primaryImageOfPage\":{\"@id\":\"https:\\\/\\\/wimex-group.com\\\/en\\\/wimex-spendet-auch-dieses-jahr-an-desideria-care\\\/#primaryimage\"},\"image\":{\"@id\":\"https:\\\/\\\/wimex-group.com\\\/en\\\/wimex-spendet-auch-dieses-jahr-an-desideria-care\\\/#primaryimage\"},\"thumbnailUrl\":\"https:\\\/\\\/wimex-group.com\\\/wp-content\\\/uploads\\\/2021\\\/11\\\/Desideria-Care-1.jpg\",\"datePublished\":\"2021-11-10T08:06:18+00:00\",\"dateModified\":\"2021-11-10T08:08:08+00:00\",\"author\":{\"@id\":\"https:\\\/\\\/wimex-group.com\\\/en\\\/#\\\/schema\\\/person\\\/a40389b6c8655911f422d861623474cb\"},\"breadcrumb\":{\"@id\":\"https:\\\/\\\/wimex-group.com\\\/en\\\/wimex-spendet-auch-dieses-jahr-an-desideria-care\\\/#breadcrumb\"},\"inLanguage\":\"en-US\",\"potentialAction\":[{\"@type\":\"ReadAction\",\"target\":[\"https:\\\/\\\/wimex-group.com\\\/en\\\/wimex-spendet-auch-dieses-jahr-an-desideria-care\\\/\"]}]},{\"@type\":\"ImageObject\",\"inLanguage\":\"en-US\",\"@id\":\"https:\\\/\\\/wimex-group.com\\\/en\\\/wimex-spendet-auch-dieses-jahr-an-desideria-care\\\/#primaryimage\",\"url\":\"https:\\\/\\\/wimex-group.com\\\/wp-content\\\/uploads\\\/2021\\\/11\\\/Desideria-Care-1.jpg\",\"contentUrl\":\"https:\\\/\\\/wimex-group.com\\\/wp-content\\\/uploads\\\/2021\\\/11\\\/Desideria-Care-1.jpg\",\"width\":1024,\"height\":768},{\"@type\":\"BreadcrumbList\",\"@id\":\"https:\\\/\\\/wimex-group.com\\\/en\\\/wimex-spendet-auch-dieses-jahr-an-desideria-care\\\/#breadcrumb\",\"itemListElement\":[{\"@type\":\"ListItem\",\"position\":1,\"name\":\"Startseite\",\"item\":\"https:\\\/\\\/wimex-group.com\\\/en\\\/\"},{\"@type\":\"ListItem\",\"position\":2,\"name\":\"Wimex spendet auch dieses Jahr an Desideria Care!\"}]},{\"@type\":\"WebSite\",\"@id\":\"https:\\\/\\\/wimex-group.com\\\/en\\\/#website\",\"url\":\"https:\\\/\\\/wimex-group.com\\\/en\\\/\",\"name\":\"wimex-group\",\"description\":\"Wimex Group\",\"potentialAction\":[{\"@type\":\"SearchAction\",\"target\":{\"@type\":\"EntryPoint\",\"urlTemplate\":\"https:\\\/\\\/wimex-group.com\\\/en\\\/?s={search_term_string}\"},\"query-input\":{\"@type\":\"PropertyValueSpecification\",\"valueRequired\":true,\"valueName\":\"search_term_string\"}}],\"inLanguage\":\"en-US\"},{\"@type\":\"Person\",\"@id\":\"https:\\\/\\\/wimex-group.com\\\/en\\\/#\\\/schema\\\/person\\\/a40389b6c8655911f422d861623474cb\",\"name\":\"Christian M\u00f6sbauer\",\"image\":{\"@type\":\"ImageObject\",\"inLanguage\":\"en-US\",\"@id\":\"https:\\\/\\\/secure.gravatar.com\\\/avatar\\\/06875c1b4a92386eb292687c3b8d5bc5ccc1556d275ae04eb27236e2a8d3d9d5?s=96&d=mm&r=g\",\"url\":\"https:\\\/\\\/secure.gravatar.com\\\/avatar\\\/06875c1b4a92386eb292687c3b8d5bc5ccc1556d275ae04eb27236e2a8d3d9d5?s=96&d=mm&r=g\",\"contentUrl\":\"https:\\\/\\\/secure.gravatar.com\\\/avatar\\\/06875c1b4a92386eb292687c3b8d5bc5ccc1556d275ae04eb27236e2a8d3d9d5?s=96&d=mm&r=g\",\"caption\":\"Christian M\u00f6sbauer\"},\"url\":\"https:\\\/\\\/wimex-group.com\\\/en\\\/author\\\/cmoesbauer\\\/\"}]}<\/script>\n<!-- \/ Yoast SEO plugin. -->","yoast_head_json":{"title":"Wimex spendet auch dieses Jahr an Desideria Care! - wimex-group","robots":{"index":"index","follow":"follow","max-snippet":"max-snippet:-1","max-image-preview":"max-image-preview:large","max-video-preview":"max-video-preview:-1"},"canonical":"https:\/\/wimex-group.com\/en\/wimex-spendet-auch-dieses-jahr-an-desideria-care\/","og_locale":"en_US","og_type":"article","og_title":"Wimex spendet auch dieses Jahr an Desideria Care! - wimex-group","og_description":"In Deutschland leben rund 1,6 Mio Menschen, die an Alzheimer oder an anderen Formen von Demenz erkrankt sind. Unsere Gesellschaft steht somit vor gro\u00dfen sozialen und wirtschaftlichen Herausforderungen.","og_url":"https:\/\/wimex-group.com\/en\/wimex-spendet-auch-dieses-jahr-an-desideria-care\/","og_site_name":"wimex-group","article_published_time":"2021-11-10T08:06:18+00:00","article_modified_time":"2021-11-10T08:08:08+00:00","og_image":[{"width":1024,"height":768,"url":"https:\/\/wimex-group.com\/wp-content\/uploads\/2021\/11\/Desideria-Care-1.jpg","type":"image\/jpeg"}],"author":"Christian M\u00f6sbauer","twitter_card":"summary_large_image","twitter_misc":{"Written by":"Christian M\u00f6sbauer","Est. reading time":"1 minute"},"schema":{"@context":"https:\/\/schema.org","@graph":[{"@type":"Article","@id":"https:\/\/wimex-group.com\/en\/wimex-spendet-auch-dieses-jahr-an-desideria-care\/#article","isPartOf":{"@id":"https:\/\/wimex-group.com\/en\/wimex-spendet-auch-dieses-jahr-an-desideria-care\/"},"author":{"name":"Christian M\u00f6sbauer","@id":"https:\/\/wimex-group.com\/en\/#\/schema\/person\/a40389b6c8655911f422d861623474cb"},"headline":"Wimex spendet auch dieses Jahr an Desideria Care!","datePublished":"2021-11-10T08:06:18+00:00","dateModified":"2021-11-10T08:08:08+00:00","mainEntityOfPage":{"@id":"https:\/\/wimex-group.com\/en\/wimex-spendet-auch-dieses-jahr-an-desideria-care\/"},"wordCount":479,"commentCount":0,"image":{"@id":"https:\/\/wimex-group.com\/en\/wimex-spendet-auch-dieses-jahr-an-desideria-care\/#primaryimage"},"thumbnailUrl":"https:\/\/wimex-group.com\/wp-content\/uploads\/2021\/11\/Desideria-Care-1.jpg","articleSection":["News Startseite"],"inLanguage":"en-US","potentialAction":[{"@type":"CommentAction","name":"Comment","target":["https:\/\/wimex-group.com\/en\/wimex-spendet-auch-dieses-jahr-an-desideria-care\/#respond"]}]},{"@type":"WebPage","@id":"https:\/\/wimex-group.com\/en\/wimex-spendet-auch-dieses-jahr-an-desideria-care\/","url":"https:\/\/wimex-group.com\/en\/wimex-spendet-auch-dieses-jahr-an-desideria-care\/","name":"Wimex spendet auch dieses Jahr an Desideria Care! - wimex-group","isPartOf":{"@id":"https:\/\/wimex-group.com\/en\/#website"},"primaryImageOfPage":{"@id":"https:\/\/wimex-group.com\/en\/wimex-spendet-auch-dieses-jahr-an-desideria-care\/#primaryimage"},"image":{"@id":"https:\/\/wimex-group.com\/en\/wimex-spendet-auch-dieses-jahr-an-desideria-care\/#primaryimage"},"thumbnailUrl":"https:\/\/wimex-group.com\/wp-content\/uploads\/2021\/11\/Desideria-Care-1.jpg","datePublished":"2021-11-10T08:06:18+00:00","dateModified":"2021-11-10T08:08:08+00:00","author":{"@id":"https:\/\/wimex-group.com\/en\/#\/schema\/person\/a40389b6c8655911f422d861623474cb"},"breadcrumb":{"@id":"https:\/\/wimex-group.com\/en\/wimex-spendet-auch-dieses-jahr-an-desideria-care\/#breadcrumb"},"inLanguage":"en-US","potentialAction":[{"@type":"ReadAction","target":["https:\/\/wimex-group.com\/en\/wimex-spendet-auch-dieses-jahr-an-desideria-care\/"]}]},{"@type":"ImageObject","inLanguage":"en-US","@id":"https:\/\/wimex-group.com\/en\/wimex-spendet-auch-dieses-jahr-an-desideria-care\/#primaryimage","url":"https:\/\/wimex-group.com\/wp-content\/uploads\/2021\/11\/Desideria-Care-1.jpg","contentUrl":"https:\/\/wimex-group.com\/wp-content\/uploads\/2021\/11\/Desideria-Care-1.jpg","width":1024,"height":768},{"@type":"BreadcrumbList","@id":"https:\/\/wimex-group.com\/en\/wimex-spendet-auch-dieses-jahr-an-desideria-care\/#breadcrumb","itemListElement":[{"@type":"ListItem","position":1,"name":"Startseite","item":"https:\/\/wimex-group.com\/en\/"},{"@type":"ListItem","position":2,"name":"Wimex spendet auch dieses Jahr an Desideria Care!"}]},{"@type":"WebSite","@id":"https:\/\/wimex-group.com\/en\/#website","url":"https:\/\/wimex-group.com\/en\/","name":"wimex-group","description":"Wimex Group","potentialAction":[{"@type":"SearchAction","target":{"@type":"EntryPoint","urlTemplate":"https:\/\/wimex-group.com\/en\/?s={search_term_string}"},"query-input":{"@type":"PropertyValueSpecification","valueRequired":true,"valueName":"search_term_string"}}],"inLanguage":"en-US"},{"@type":"Person","@id":"https:\/\/wimex-group.com\/en\/#\/schema\/person\/a40389b6c8655911f422d861623474cb","name":"Christian M\u00f6sbauer","image":{"@type":"ImageObject","inLanguage":"en-US","@id":"https:\/\/secure.gravatar.com\/avatar\/06875c1b4a92386eb292687c3b8d5bc5ccc1556d275ae04eb27236e2a8d3d9d5?s=96&d=mm&r=g","url":"https:\/\/secure.gravatar.com\/avatar\/06875c1b4a92386eb292687c3b8d5bc5ccc1556d275ae04eb27236e2a8d3d9d5?s=96&d=mm&r=g","contentUrl":"https:\/\/secure.gravatar.com\/avatar\/06875c1b4a92386eb292687c3b8d5bc5ccc1556d275ae04eb27236e2a8d3d9d5?s=96&d=mm&r=g","caption":"Christian M\u00f6sbauer"},"url":"https:\/\/wimex-group.com\/en\/author\/cmoesbauer\/"}]}},"_links":{"self":[{"href":"https:\/\/wimex-group.com\/en\/wp-json\/wp\/v2\/posts\/2947","targetHints":{"allow":["GET"]}}],"collection":[{"href":"https:\/\/wimex-group.com\/en\/wp-json\/wp\/v2\/posts"}],"about":[{"href":"https:\/\/wimex-group.com\/en\/wp-json\/wp\/v2\/types\/post"}],"author":[{"embeddable":true,"href":"https:\/\/wimex-group.com\/en\/wp-json\/wp\/v2\/users\/4"}],"replies":[{"embeddable":true,"href":"https:\/\/wimex-group.com\/en\/wp-json\/wp\/v2\/comments?post=2947"}],"version-history":[{"count":5,"href":"https:\/\/wimex-group.com\/en\/wp-json\/wp\/v2\/posts\/2947\/revisions"}],"predecessor-version":[{"id":2957,"href":"https:\/\/wimex-group.com\/en\/wp-json\/wp\/v2\/posts\/2947\/revisions\/2957"}],"wp:featuredmedia":[{"embeddable":true,"href":"https:\/\/wimex-group.com\/en\/wp-json\/wp\/v2\/media\/2952"}],"wp:attachment":[{"href":"https:\/\/wimex-group.com\/en\/wp-json\/wp\/v2\/media?parent=2947"}],"wp:term":[{"taxonomy":"category","embeddable":true,"href":"https:\/\/wimex-group.com\/en\/wp-json\/wp\/v2\/categories?post=2947"},{"taxonomy":"post_tag","embeddable":true,"href":"https:\/\/wimex-group.com\/en\/wp-json\/wp\/v2\/tags?post=2947"}],"curies":[{"name":"wp","href":"https:\/\/api.w.org\/{rel}","templated":true}]}}