{"id":3133,"date":"2022-03-09T13:28:28","date_gmt":"2022-03-09T12:28:28","guid":{"rendered":"https:\/\/www.wimex-group.com\/?p=3133"},"modified":"2022-03-10T15:40:40","modified_gmt":"2022-03-10T14:40:40","slug":"gemeinsam-pflanzen-und-lernen","status":"publish","type":"post","link":"https:\/\/wimex-group.com\/en\/gemeinsam-pflanzen-und-lernen\/","title":{"rendered":"Gemeinsam pflanzen und lernen"},"content":{"rendered":"<p>[et_pb_section fb_built=&#8221;1&#8243; _builder_version=&#8221;4.9.11&#8243; background_image=&#8221;https:\/\/wimex-group.com\/wp-content\/uploads\/2020\/12\/WMX_Intro_Slider_1.jpg&#8221; min_height=&#8221;350px&#8221; min_height_tablet=&#8221;&#8221; min_height_phone=&#8221;250px&#8221; min_height_last_edited=&#8221;on|phone&#8221; max_height=&#8221;350px&#8221; global_colors_info=&#8221;{}&#8221;][\/et_pb_section][et_pb_section fb_built=&#8221;1&#8243; _builder_version=&#8221;3.22&#8243; global_colors_info=&#8221;{}&#8221;][et_pb_row _builder_version=&#8221;4.9.11&#8243; background_size=&#8221;initial&#8221; background_position=&#8221;top_left&#8221; background_repeat=&#8221;repeat&#8221; global_colors_info=&#8221;{}&#8221;][et_pb_column type=&#8221;4_4&#8243; _builder_version=&#8221;3.25&#8243; custom_padding=&#8221;|||&#8221; global_colors_info=&#8221;{}&#8221; custom_padding__hover=&#8221;|||&#8221;][et_pb_text _builder_version=&#8221;4.9.11&#8243; _dynamic_attributes=&#8221;content&#8221; text_font_size=&#8221;4em&#8221; text_line_height=&#8221;1.4em&#8221; text_orientation=&#8221;center&#8221; custom_margin=&#8221;|15%||15%|false|true&#8221; custom_margin_tablet=&#8221;|2%||2%|false|true&#8221; custom_margin_phone=&#8221;|0%||0%|false|true&#8221; custom_margin_last_edited=&#8221;on|phone&#8221; text_font_size_tablet=&#8221;3.6em&#8221; text_font_size_phone=&#8221;2.5em&#8221; text_font_size_last_edited=&#8221;on|tablet&#8221; global_colors_info=&#8221;{}&#8221;]@ET-DC@eyJkeW5hbWljIjp0cnVlLCJjb250ZW50IjoicG9zdF90aXRsZSIsInNldHRpbmdzIjp7ImJlZm9yZSI6IiIsImFmdGVyIjoiIn19@[\/et_pb_text][et_pb_text content_last_edited=&#8221;off|tablet&#8221; _builder_version=&#8221;4.9.11&#8243; _dynamic_attributes=&#8221;content&#8221; text_font=&#8221;Arial||||||||&#8221; text_text_color=&#8221;#0781ce&#8221; text_font_size=&#8221;1.5em&#8221; text_line_height=&#8221;1.4em&#8221; text_orientation=&#8221;center&#8221; text_font_size_tablet=&#8221;1.25em&#8221; text_font_size_phone=&#8221;1.25em&#8221; text_font_size_last_edited=&#8221;on|tablet&#8221; global_colors_info=&#8221;{}&#8221; content__hover_enabled=&#8221;off|desktop&#8221;]@ET-DC@eyJkeW5hbWljIjp0cnVlLCJjb250ZW50IjoicG9zdF9kYXRlIiwic2V0dGluZ3MiOnsiYmVmb3JlIjoiIiwiYWZ0ZXIiOiIiLCJkYXRlX2Zvcm1hdCI6ImRlZmF1bHQiLCJjdXN0b21fZGF0ZV9mb3JtYXQiOiIifX0=@[\/et_pb_text][\/et_pb_column][\/et_pb_row][et_pb_row _builder_version=&#8221;4.9.11&#8243; _module_preset=&#8221;default&#8221; global_colors_info=&#8221;{}&#8221;][et_pb_column type=&#8221;4_4&#8243; _builder_version=&#8221;4.9.11&#8243; _module_preset=&#8221;default&#8221; global_colors_info=&#8221;{}&#8221;][et_pb_image src=&#8221;https:\/\/wimex-group.com\/wp-content\/uploads\/2022\/03\/Aufforstung_2-768&#215;1024-1.jpg&#8221; title_text=&#8221;Aufforstung_2-768&#215;1024&#8243; align=&#8221;center&#8221; _builder_version=&#8221;4.9.11&#8243; _module_preset=&#8221;default&#8221; width=&#8221;36%&#8221; global_colors_info=&#8221;{}&#8221;][\/et_pb_image][\/et_pb_column][\/et_pb_row][et_pb_row _builder_version=&#8221;4.7.7&#8243; background_size=&#8221;initial&#8221; background_position=&#8221;top_left&#8221; background_repeat=&#8221;repeat&#8221; module_alignment=&#8221;center&#8221; custom_margin=&#8221;|auto||411px||&#8221; global_colors_info=&#8221;{}&#8221;][et_pb_column type=&#8221;4_4&#8243; _builder_version=&#8221;3.25&#8243; custom_padding=&#8221;|||&#8221; global_colors_info=&#8221;{}&#8221; custom_padding__hover=&#8221;|||&#8221;][et_pb_text _builder_version=&#8221;4.9.11&#8243; text_font_size=&#8221;1.5em&#8221; custom_margin=&#8221;|15%||15%|false|true&#8221; custom_margin_tablet=&#8221;|5%||5%|false|true&#8221; custom_margin_phone=&#8221;|2%||2%|false|true&#8221; custom_margin_last_edited=&#8221;on|tablet&#8221; custom_padding=&#8221;||0px|||&#8221; hover_enabled=&#8221;0&#8243; text_font_size_tablet=&#8221;&#8221; text_font_size_phone=&#8221;1.3em&#8221; text_font_size_last_edited=&#8221;on|desktop&#8221; global_colors_info=&#8221;{}&#8221; sticky_enabled=&#8221;0&#8243;]<\/p>\n<p><strong>Biologieunterricht mal anders: F\u00fcnfte Klassen der Freien Schule K\u00f6then packen gemeinsam mit Wimex f\u00fcr den Klima- und Artenschutz an<\/strong><\/p>\n<p>REPPICHAU\/K\u00d6THEN. Die Natur im wahren Wortsinn begreifen \u2013 das haben gut 40 M\u00e4dchen und Jungen der Freien Schule K\u00f6then in diesen Tagen gemacht. Warm angezogen\u00a0 gegen den frischen Wind packten sie tatkr\u00e4ftig mit an bei den ersten Pflanzarbeiten f\u00fcr einen neuen sogenannten Feldgeh\u00f6lzstreifen. Eingeladen hatte Johannes Feuerborn von der Wimex Gruppe die beiden f\u00fcnften Klassen. Der Agraringenieur k\u00fcmmert sich um ein Aufforstungsprojekt am Rande des Agrarbetriebes in Reppichau. \u201eHier geht es unter anderem um eine Ma\u00dfnahme f\u00fcr den Klimaschutz. Da lag die Bildungspartnerschaft auf der Hand, denn so wird theoretischer Biologieunterricht pl\u00f6tzlich lebendig\u201c, erl\u00e4utert er. Begleitet von den Klassenlehrkr\u00e4ften Nadine Bendig, Melanie Kammel (Klassenlehrerinnen) und Steffen Kyrian (Geolehrer) legten die Jugendlichen selbst Hand an, verma\u00dfen die richtigen Abst\u00e4nde zwischen den Pflanzen und brachten erste B\u00fcsche dann in den Boden. Zuvor erl\u00e4uterte Johannes Feuerborn den Aufbau des Pflanzguts und zeigte, wie man vorsichtig mit dem empfindlichen Wurzelwerk umgeht. \u201eDie Jungen und M\u00e4dchen machten das sehr umsichtig und waren sehr stolz, was sie an dem Vormittag auch sichtbar geleistet haben\u201c, berichtet der Wimex-Mitarbeiter.<\/p>\n<p><strong>3.400 Jungpflanzen f\u00fcr Umwelt und Klima<\/strong><br \/>Das was die beiden Klassen begonnen haben, wird in den n\u00e4chsten Tagen fortgef\u00fchrt: Denn der Feldgeh\u00f6lzstreifen soll bald eine Fl\u00e4che von 5.000 Quadratmetern einnehmen. Rund 3.400 Jungpflanzen werden dort k\u00fcnftig wachsen. Nach den B\u00fcschen folgen in K\u00fcrze junge Kiefern, Traubeneichen und Winterlinden. Mit dieser umfassenden Pflanzung verfolgt die Wimex Gruppe mehrere Ziele: Zum einen wandeln die Pflanzen Kohlendioxid in Sauerstoff um. \u201ePhotosynthese nennt man das \u2013 diesen wichtigen Beitrag zum Klimaschutz haben wir im Biologieunterricht intensiv behandelt\u201c, berichtet Lehrkraft Melanie Kammel .<\/p>\n<p>Au\u00dferdem bieten die Pflanzen viel Platz f\u00fcr die Artenvielfalt, denn dort finden viele V\u00f6gel und Kleinstlebewesen Unterschlupf. Dar\u00fcberhinaus bremst der Bewuchs, der zus\u00e4tzlich durch Kr\u00e4uter und Gr\u00e4ser eingefasst wird, den Wind in der Ebene der Region aus. \u201eDas sch\u00fctzt auch den Boden vor Erosion und erh\u00e4lt damit dessen Fruchtbarkeit\u201c, z\u00e4hlt der Agrarexperte weitere Pluspunkte auf. Denn bei Wind werden h\u00e4ufig gerade die wertvollen Humusbestandteile des Oberbodens schlicht davongetragen.\u00a0 Damit die Jungpflanzen gut anwurzeln und dann flei\u00dfig wachsen, k\u00fcmmern sich Mitarbeitende der Wimex Gruppe in den n\u00e4chsten Jahren: Sie gie\u00dfen sie regelm\u00e4\u00dfig und sorgen f\u00fcr den Pflegeschnitt des Kraut- und Grasbewuchs. Zus\u00e4tzlich hat Wimex noch Sitzstangen als Angebot f\u00fcr Greifv\u00f6gel organisiert. \u201eIch hoffe, dass die M\u00e4dchen und Jungen im Laufe des Jahres wiederkommen und dann nicht nur frisches Gr\u00fcn an den B\u00fcschen vorfinden, sondern auch einen Rotmilan oder M\u00e4usebussard beobachten k\u00f6nnen\u201c, freut sich Johannes Feuerborn schon jetzt auf k\u00fcnftige Kontakte mit seinen Helferinnen und Helfern von der Freien Schule K\u00f6then.<\/p>\n<p>&nbsp;<\/p>\n<p>\n<script src=\"https:\/\/player.vimeo.com\/api\/player.js\"><\/script>\n<\/p>\n<p>[\/et_pb_text][\/et_pb_column][\/et_pb_row][\/et_pb_section]<\/p>\n","protected":false},"excerpt":{"rendered":"<p>Biologieunterricht mal anders: F\u00fcnfte Klassen der Freien Schule K\u00f6then packen gemeinsam mit Wimex f\u00fcr den Klima- und Artenschutz an REPPICHAU\/K\u00d6THEN. Die Natur im wahren Wortsinn begreifen \u2013 das haben gut 40 M\u00e4dchen und Jungen der Freien Schule K\u00f6then in diesen Tagen gemacht. Warm angezogen\u00a0 gegen den frischen Wind packten sie tatkr\u00e4ftig mit an bei den [&hellip;]<\/p>\n","protected":false},"author":8,"featured_media":3135,"comment_status":"open","ping_status":"open","sticky":false,"template":"","format":"standard","meta":{"_et_pb_use_builder":"on","_et_pb_old_content":"<!-- wp:paragraph -->\n<p>Dank einer Anfrage zweier Hobbysprayer wird das unser altes BALM-Lager in Rosefeld zum Objekt regelm\u00e4\u00dfiger Graffiti-Projekte. Bei dem Graffiti-Duo mit dem K\u00fcnstlernamen DRMLZ handelt es sich um die geb\u00fcrtigen Dessauer Stefan Schneider (42) und Stefan Berndt (36). Die beiden Freunde leben und arbeiten als Senior Designer in Berlin \u2026<\/p>\n<!-- \/wp:paragraph -->\n\n<!-- wp:paragraph -->\n<p>Natate peris vitatem vel idis eseruptum ea acerro mint enihicatist lab ium faccust, cus ex eliquos vid quatqui dolorist iderepu disciaes mod qui dolum quam, que dollest, quam, ut aut aut quidellabor apeliquat.<br>Ictemquam imporep udandissi sum suntem cuptae solliquae peliate cabores erumet il idi temporest, od es voluptis volent omnihiliqui optatent utem nonsequid ut quis reptumque pla doloris vellate mporempostis volest mo ipsam, sim dolore, tetur, simust, sit porae aut quunt quunte non re sim el is alis dentinverias eumque volupta tustis dist, natus dolorite cuptatem exernatur secti asperep udigenimus audit reped quam eiciis quo des qui volectem demperci officia intinvendus aspere idis mo eius de quae pos esequam, ipis doluptatios quuntiis que nis iur, simporrovita cum rese volupta quamus.<br>Iquam arioriost quo quo dolupti odi dolupit re voluptistis volorae sus pro veliquatur a plitat.<\/p>\n<!-- \/wp:paragraph -->\n\n<!-- wp:paragraph -->\n<p>Raturi nectorectis raectum incia con commoluptat offictur?<br>Dae sit officidem nobis aut adit aut maximinctus dissed que core peditatur maximil isinis ante vereptatur, sites que porerum que ma con eos quam renda nienis et lantiusciet vendebit exernatur? Qui nonsequiaes nemos eum id molore lacerch icidem re, consecuptur ma aut pe dolorem poreseq uatemolorat ipidi si bera nis vitionse occatus serum fuga. Namenimust volupta tenime lantur, non nonse quiam rerum hit, sumquam enem cus, sanditiur? Quist autem volor andi dolecto remporum eum am quo moluptat dendam, nemporem rat quidem vendi occulpa nonserum accatio odis il ipiciusam consenem quia et escid que idebit, ut aspidel ibeaquam et.<\/p>\n<!-- \/wp:paragraph -->","_et_gb_content_width":"2880","footnotes":""},"categories":[11,12],"tags":[],"class_list":["post-3133","post","type-post","status-publish","format-standard","has-post-thumbnail","hentry","category-news-startseite","category-pressemitteilung"],"yoast_head":"<!-- This site is optimized with the Yoast SEO plugin v27.3 - https:\/\/yoast.com\/product\/yoast-seo-wordpress\/ -->\n<title>Gemeinsam pflanzen und lernen - wimex-group<\/title>\n<meta name=\"robots\" content=\"index, follow, max-snippet:-1, max-image-preview:large, max-video-preview:-1\" \/>\n<link rel=\"canonical\" href=\"https:\/\/wimex-group.com\/en\/gemeinsam-pflanzen-und-lernen\/\" \/>\n<meta property=\"og:locale\" content=\"en_US\" \/>\n<meta property=\"og:type\" content=\"article\" \/>\n<meta property=\"og:title\" content=\"Gemeinsam pflanzen und lernen - wimex-group\" \/>\n<meta property=\"og:description\" content=\"Biologieunterricht mal anders: F\u00fcnfte Klassen der Freien Schule K\u00f6then packen gemeinsam mit Wimex f\u00fcr den Klima- und Artenschutz an REPPICHAU\/K\u00d6THEN. Die Natur im wahren Wortsinn begreifen \u2013 das haben gut 40 M\u00e4dchen und Jungen der Freien Schule K\u00f6then in diesen Tagen gemacht. Warm angezogen\u00a0 gegen den frischen Wind packten sie tatkr\u00e4ftig mit an bei den [&hellip;]\" \/>\n<meta property=\"og:url\" content=\"https:\/\/wimex-group.com\/en\/gemeinsam-pflanzen-und-lernen\/\" \/>\n<meta property=\"og:site_name\" content=\"wimex-group\" \/>\n<meta property=\"article:published_time\" content=\"2022-03-09T12:28:28+00:00\" \/>\n<meta property=\"article:modified_time\" content=\"2022-03-10T14:40:40+00:00\" \/>\n<meta property=\"og:image\" content=\"https:\/\/wimex-group.com\/wp-content\/uploads\/2022\/03\/Aufforstung_2-768x1024-1.jpg\" \/>\n\t<meta property=\"og:image:width\" content=\"768\" \/>\n\t<meta property=\"og:image:height\" content=\"1024\" \/>\n\t<meta property=\"og:image:type\" content=\"image\/jpeg\" \/>\n<meta name=\"author\" content=\"awagner\" \/>\n<meta name=\"twitter:card\" content=\"summary_large_image\" \/>\n<meta name=\"twitter:label1\" content=\"Written by\" \/>\n\t<meta name=\"twitter:data1\" content=\"awagner\" \/>\n\t<meta name=\"twitter:label2\" content=\"Est. reading time\" \/>\n\t<meta name=\"twitter:data2\" content=\"3 minutes\" \/>\n<script type=\"application\/ld+json\" class=\"yoast-schema-graph\">{\"@context\":\"https:\\\/\\\/schema.org\",\"@graph\":[{\"@type\":\"Article\",\"@id\":\"https:\\\/\\\/wimex-group.com\\\/en\\\/gemeinsam-pflanzen-und-lernen\\\/#article\",\"isPartOf\":{\"@id\":\"https:\\\/\\\/wimex-group.com\\\/en\\\/gemeinsam-pflanzen-und-lernen\\\/\"},\"author\":{\"name\":\"awagner\",\"@id\":\"https:\\\/\\\/wimex-group.com\\\/en\\\/#\\\/schema\\\/person\\\/ee6afc95d910baf75920444c40fdb878\"},\"headline\":\"Gemeinsam pflanzen und lernen\",\"datePublished\":\"2022-03-09T12:28:28+00:00\",\"dateModified\":\"2022-03-10T14:40:40+00:00\",\"mainEntityOfPage\":{\"@id\":\"https:\\\/\\\/wimex-group.com\\\/en\\\/gemeinsam-pflanzen-und-lernen\\\/\"},\"wordCount\":905,\"commentCount\":0,\"image\":{\"@id\":\"https:\\\/\\\/wimex-group.com\\\/en\\\/gemeinsam-pflanzen-und-lernen\\\/#primaryimage\"},\"thumbnailUrl\":\"https:\\\/\\\/wimex-group.com\\\/wp-content\\\/uploads\\\/2022\\\/03\\\/Aufforstung_2-768x1024-1.jpg\",\"articleSection\":[\"News Startseite\",\"PRESSEMITTEILUNG\"],\"inLanguage\":\"en-US\",\"potentialAction\":[{\"@type\":\"CommentAction\",\"name\":\"Comment\",\"target\":[\"https:\\\/\\\/wimex-group.com\\\/en\\\/gemeinsam-pflanzen-und-lernen\\\/#respond\"]}]},{\"@type\":\"WebPage\",\"@id\":\"https:\\\/\\\/wimex-group.com\\\/en\\\/gemeinsam-pflanzen-und-lernen\\\/\",\"url\":\"https:\\\/\\\/wimex-group.com\\\/en\\\/gemeinsam-pflanzen-und-lernen\\\/\",\"name\":\"Gemeinsam pflanzen und lernen - wimex-group\",\"isPartOf\":{\"@id\":\"https:\\\/\\\/wimex-group.com\\\/en\\\/#website\"},\"primaryImageOfPage\":{\"@id\":\"https:\\\/\\\/wimex-group.com\\\/en\\\/gemeinsam-pflanzen-und-lernen\\\/#primaryimage\"},\"image\":{\"@id\":\"https:\\\/\\\/wimex-group.com\\\/en\\\/gemeinsam-pflanzen-und-lernen\\\/#primaryimage\"},\"thumbnailUrl\":\"https:\\\/\\\/wimex-group.com\\\/wp-content\\\/uploads\\\/2022\\\/03\\\/Aufforstung_2-768x1024-1.jpg\",\"datePublished\":\"2022-03-09T12:28:28+00:00\",\"dateModified\":\"2022-03-10T14:40:40+00:00\",\"author\":{\"@id\":\"https:\\\/\\\/wimex-group.com\\\/en\\\/#\\\/schema\\\/person\\\/ee6afc95d910baf75920444c40fdb878\"},\"breadcrumb\":{\"@id\":\"https:\\\/\\\/wimex-group.com\\\/en\\\/gemeinsam-pflanzen-und-lernen\\\/#breadcrumb\"},\"inLanguage\":\"en-US\",\"potentialAction\":[{\"@type\":\"ReadAction\",\"target\":[\"https:\\\/\\\/wimex-group.com\\\/en\\\/gemeinsam-pflanzen-und-lernen\\\/\"]}]},{\"@type\":\"ImageObject\",\"inLanguage\":\"en-US\",\"@id\":\"https:\\\/\\\/wimex-group.com\\\/en\\\/gemeinsam-pflanzen-und-lernen\\\/#primaryimage\",\"url\":\"https:\\\/\\\/wimex-group.com\\\/wp-content\\\/uploads\\\/2022\\\/03\\\/Aufforstung_2-768x1024-1.jpg\",\"contentUrl\":\"https:\\\/\\\/wimex-group.com\\\/wp-content\\\/uploads\\\/2022\\\/03\\\/Aufforstung_2-768x1024-1.jpg\",\"width\":768,\"height\":1024},{\"@type\":\"BreadcrumbList\",\"@id\":\"https:\\\/\\\/wimex-group.com\\\/en\\\/gemeinsam-pflanzen-und-lernen\\\/#breadcrumb\",\"itemListElement\":[{\"@type\":\"ListItem\",\"position\":1,\"name\":\"Startseite\",\"item\":\"https:\\\/\\\/wimex-group.com\\\/en\\\/\"},{\"@type\":\"ListItem\",\"position\":2,\"name\":\"Gemeinsam pflanzen und lernen\"}]},{\"@type\":\"WebSite\",\"@id\":\"https:\\\/\\\/wimex-group.com\\\/en\\\/#website\",\"url\":\"https:\\\/\\\/wimex-group.com\\\/en\\\/\",\"name\":\"wimex-group\",\"description\":\"Wimex Group\",\"potentialAction\":[{\"@type\":\"SearchAction\",\"target\":{\"@type\":\"EntryPoint\",\"urlTemplate\":\"https:\\\/\\\/wimex-group.com\\\/en\\\/?s={search_term_string}\"},\"query-input\":{\"@type\":\"PropertyValueSpecification\",\"valueRequired\":true,\"valueName\":\"search_term_string\"}}],\"inLanguage\":\"en-US\"},{\"@type\":\"Person\",\"@id\":\"https:\\\/\\\/wimex-group.com\\\/en\\\/#\\\/schema\\\/person\\\/ee6afc95d910baf75920444c40fdb878\",\"name\":\"awagner\",\"image\":{\"@type\":\"ImageObject\",\"inLanguage\":\"en-US\",\"@id\":\"https:\\\/\\\/secure.gravatar.com\\\/avatar\\\/4cc49b366b097fb728272907bb70b3638e13c781675d5304f632e6daaa188c56?s=96&d=mm&r=g\",\"url\":\"https:\\\/\\\/secure.gravatar.com\\\/avatar\\\/4cc49b366b097fb728272907bb70b3638e13c781675d5304f632e6daaa188c56?s=96&d=mm&r=g\",\"contentUrl\":\"https:\\\/\\\/secure.gravatar.com\\\/avatar\\\/4cc49b366b097fb728272907bb70b3638e13c781675d5304f632e6daaa188c56?s=96&d=mm&r=g\",\"caption\":\"awagner\"},\"url\":\"https:\\\/\\\/wimex-group.com\\\/en\\\/author\\\/awagner\\\/\"}]}<\/script>\n<!-- \/ Yoast SEO plugin. -->","yoast_head_json":{"title":"Gemeinsam pflanzen und lernen - wimex-group","robots":{"index":"index","follow":"follow","max-snippet":"max-snippet:-1","max-image-preview":"max-image-preview:large","max-video-preview":"max-video-preview:-1"},"canonical":"https:\/\/wimex-group.com\/en\/gemeinsam-pflanzen-und-lernen\/","og_locale":"en_US","og_type":"article","og_title":"Gemeinsam pflanzen und lernen - wimex-group","og_description":"Biologieunterricht mal anders: F\u00fcnfte Klassen der Freien Schule K\u00f6then packen gemeinsam mit Wimex f\u00fcr den Klima- und Artenschutz an REPPICHAU\/K\u00d6THEN. Die Natur im wahren Wortsinn begreifen \u2013 das haben gut 40 M\u00e4dchen und Jungen der Freien Schule K\u00f6then in diesen Tagen gemacht. Warm angezogen\u00a0 gegen den frischen Wind packten sie tatkr\u00e4ftig mit an bei den [&hellip;]","og_url":"https:\/\/wimex-group.com\/en\/gemeinsam-pflanzen-und-lernen\/","og_site_name":"wimex-group","article_published_time":"2022-03-09T12:28:28+00:00","article_modified_time":"2022-03-10T14:40:40+00:00","og_image":[{"width":768,"height":1024,"url":"https:\/\/wimex-group.com\/wp-content\/uploads\/2022\/03\/Aufforstung_2-768x1024-1.jpg","type":"image\/jpeg"}],"author":"awagner","twitter_card":"summary_large_image","twitter_misc":{"Written by":"awagner","Est. reading time":"3 minutes"},"schema":{"@context":"https:\/\/schema.org","@graph":[{"@type":"Article","@id":"https:\/\/wimex-group.com\/en\/gemeinsam-pflanzen-und-lernen\/#article","isPartOf":{"@id":"https:\/\/wimex-group.com\/en\/gemeinsam-pflanzen-und-lernen\/"},"author":{"name":"awagner","@id":"https:\/\/wimex-group.com\/en\/#\/schema\/person\/ee6afc95d910baf75920444c40fdb878"},"headline":"Gemeinsam pflanzen und lernen","datePublished":"2022-03-09T12:28:28+00:00","dateModified":"2022-03-10T14:40:40+00:00","mainEntityOfPage":{"@id":"https:\/\/wimex-group.com\/en\/gemeinsam-pflanzen-und-lernen\/"},"wordCount":905,"commentCount":0,"image":{"@id":"https:\/\/wimex-group.com\/en\/gemeinsam-pflanzen-und-lernen\/#primaryimage"},"thumbnailUrl":"https:\/\/wimex-group.com\/wp-content\/uploads\/2022\/03\/Aufforstung_2-768x1024-1.jpg","articleSection":["News Startseite","PRESSEMITTEILUNG"],"inLanguage":"en-US","potentialAction":[{"@type":"CommentAction","name":"Comment","target":["https:\/\/wimex-group.com\/en\/gemeinsam-pflanzen-und-lernen\/#respond"]}]},{"@type":"WebPage","@id":"https:\/\/wimex-group.com\/en\/gemeinsam-pflanzen-und-lernen\/","url":"https:\/\/wimex-group.com\/en\/gemeinsam-pflanzen-und-lernen\/","name":"Gemeinsam pflanzen und lernen - wimex-group","isPartOf":{"@id":"https:\/\/wimex-group.com\/en\/#website"},"primaryImageOfPage":{"@id":"https:\/\/wimex-group.com\/en\/gemeinsam-pflanzen-und-lernen\/#primaryimage"},"image":{"@id":"https:\/\/wimex-group.com\/en\/gemeinsam-pflanzen-und-lernen\/#primaryimage"},"thumbnailUrl":"https:\/\/wimex-group.com\/wp-content\/uploads\/2022\/03\/Aufforstung_2-768x1024-1.jpg","datePublished":"2022-03-09T12:28:28+00:00","dateModified":"2022-03-10T14:40:40+00:00","author":{"@id":"https:\/\/wimex-group.com\/en\/#\/schema\/person\/ee6afc95d910baf75920444c40fdb878"},"breadcrumb":{"@id":"https:\/\/wimex-group.com\/en\/gemeinsam-pflanzen-und-lernen\/#breadcrumb"},"inLanguage":"en-US","potentialAction":[{"@type":"ReadAction","target":["https:\/\/wimex-group.com\/en\/gemeinsam-pflanzen-und-lernen\/"]}]},{"@type":"ImageObject","inLanguage":"en-US","@id":"https:\/\/wimex-group.com\/en\/gemeinsam-pflanzen-und-lernen\/#primaryimage","url":"https:\/\/wimex-group.com\/wp-content\/uploads\/2022\/03\/Aufforstung_2-768x1024-1.jpg","contentUrl":"https:\/\/wimex-group.com\/wp-content\/uploads\/2022\/03\/Aufforstung_2-768x1024-1.jpg","width":768,"height":1024},{"@type":"BreadcrumbList","@id":"https:\/\/wimex-group.com\/en\/gemeinsam-pflanzen-und-lernen\/#breadcrumb","itemListElement":[{"@type":"ListItem","position":1,"name":"Startseite","item":"https:\/\/wimex-group.com\/en\/"},{"@type":"ListItem","position":2,"name":"Gemeinsam pflanzen und lernen"}]},{"@type":"WebSite","@id":"https:\/\/wimex-group.com\/en\/#website","url":"https:\/\/wimex-group.com\/en\/","name":"wimex-group","description":"Wimex Group","potentialAction":[{"@type":"SearchAction","target":{"@type":"EntryPoint","urlTemplate":"https:\/\/wimex-group.com\/en\/?s={search_term_string}"},"query-input":{"@type":"PropertyValueSpecification","valueRequired":true,"valueName":"search_term_string"}}],"inLanguage":"en-US"},{"@type":"Person","@id":"https:\/\/wimex-group.com\/en\/#\/schema\/person\/ee6afc95d910baf75920444c40fdb878","name":"awagner","image":{"@type":"ImageObject","inLanguage":"en-US","@id":"https:\/\/secure.gravatar.com\/avatar\/4cc49b366b097fb728272907bb70b3638e13c781675d5304f632e6daaa188c56?s=96&d=mm&r=g","url":"https:\/\/secure.gravatar.com\/avatar\/4cc49b366b097fb728272907bb70b3638e13c781675d5304f632e6daaa188c56?s=96&d=mm&r=g","contentUrl":"https:\/\/secure.gravatar.com\/avatar\/4cc49b366b097fb728272907bb70b3638e13c781675d5304f632e6daaa188c56?s=96&d=mm&r=g","caption":"awagner"},"url":"https:\/\/wimex-group.com\/en\/author\/awagner\/"}]}},"_links":{"self":[{"href":"https:\/\/wimex-group.com\/en\/wp-json\/wp\/v2\/posts\/3133","targetHints":{"allow":["GET"]}}],"collection":[{"href":"https:\/\/wimex-group.com\/en\/wp-json\/wp\/v2\/posts"}],"about":[{"href":"https:\/\/wimex-group.com\/en\/wp-json\/wp\/v2\/types\/post"}],"author":[{"embeddable":true,"href":"https:\/\/wimex-group.com\/en\/wp-json\/wp\/v2\/users\/8"}],"replies":[{"embeddable":true,"href":"https:\/\/wimex-group.com\/en\/wp-json\/wp\/v2\/comments?post=3133"}],"version-history":[{"count":5,"href":"https:\/\/wimex-group.com\/en\/wp-json\/wp\/v2\/posts\/3133\/revisions"}],"predecessor-version":[{"id":3147,"href":"https:\/\/wimex-group.com\/en\/wp-json\/wp\/v2\/posts\/3133\/revisions\/3147"}],"wp:featuredmedia":[{"embeddable":true,"href":"https:\/\/wimex-group.com\/en\/wp-json\/wp\/v2\/media\/3135"}],"wp:attachment":[{"href":"https:\/\/wimex-group.com\/en\/wp-json\/wp\/v2\/media?parent=3133"}],"wp:term":[{"taxonomy":"category","embeddable":true,"href":"https:\/\/wimex-group.com\/en\/wp-json\/wp\/v2\/categories?post=3133"},{"taxonomy":"post_tag","embeddable":true,"href":"https:\/\/wimex-group.com\/en\/wp-json\/wp\/v2\/tags?post=3133"}],"curies":[{"name":"wp","href":"https:\/\/api.w.org\/{rel}","templated":true}]}}