{"id":3163,"date":"2022-06-01T08:49:00","date_gmt":"2022-06-01T06:49:00","guid":{"rendered":"https:\/\/www.wimex-group.com\/?p=3163"},"modified":"2022-06-24T08:50:35","modified_gmt":"2022-06-24T06:50:35","slug":"leopold-graf-von-drechsel-ist-60","status":"publish","type":"post","link":"https:\/\/wimex-group.com\/en\/leopold-graf-von-drechsel-ist-60\/","title":{"rendered":"Leopold Graf von Drechsel ist 60"},"content":{"rendered":"\n[et_pb_section fb_built=&#8221;1&#8243; _builder_version=&#8221;4.9.11&#8243; background_image=&#8221;https:\/\/wimex-group.com\/wp-content\/uploads\/2020\/12\/WMX_Intro_Slider_1.jpg&#8221; min_height=&#8221;350px&#8221; min_height_tablet=&#8221;&#8221; min_height_phone=&#8221;250px&#8221; min_height_last_edited=&#8221;on|phone&#8221; max_height=&#8221;350px&#8221; global_colors_info=&#8221;{}&#8221;][\/et_pb_section][et_pb_section fb_built=&#8221;1&#8243; _builder_version=&#8221;3.22&#8243; global_colors_info=&#8221;{}&#8221;][et_pb_row _builder_version=&#8221;4.9.11&#8243; background_size=&#8221;initial&#8221; background_position=&#8221;top_left&#8221; background_repeat=&#8221;repeat&#8221; global_colors_info=&#8221;{}&#8221;][et_pb_column type=&#8221;4_4&#8243; _builder_version=&#8221;3.25&#8243; custom_padding=&#8221;|||&#8221; global_colors_info=&#8221;{}&#8221; custom_padding__hover=&#8221;|||&#8221;][et_pb_text _builder_version=&#8221;4.9.11&#8243; _dynamic_attributes=&#8221;content&#8221; text_font_size=&#8221;4em&#8221; text_line_height=&#8221;1.4em&#8221; text_orientation=&#8221;center&#8221; custom_margin=&#8221;|15%||15%|false|true&#8221; custom_margin_tablet=&#8221;|2%||2%|false|true&#8221; custom_margin_phone=&#8221;|0%||0%|false|true&#8221; custom_margin_last_edited=&#8221;on|phone&#8221; text_font_size_tablet=&#8221;3.6em&#8221; text_font_size_phone=&#8221;2.5em&#8221; text_font_size_last_edited=&#8221;on|tablet&#8221; global_colors_info=&#8221;{}&#8221;]@ET-DC@eyJkeW5hbWljIjp0cnVlLCJjb250ZW50IjoicG9zdF90aXRsZSIsInNldHRpbmdzIjp7ImJlZm9yZSI6IiIsImFmdGVyIjoiIn19@[\/et_pb_text][et_pb_text content_last_edited=&#8221;off|tablet&#8221; _builder_version=&#8221;4.9.11&#8243; _dynamic_attributes=&#8221;content&#8221; text_font=&#8221;Arial||||||||&#8221; text_text_color=&#8221;#0781ce&#8221; text_font_size=&#8221;1.5em&#8221; text_line_height=&#8221;1.4em&#8221; text_orientation=&#8221;center&#8221; text_font_size_tablet=&#8221;1.25em&#8221; text_font_size_phone=&#8221;1.25em&#8221; text_font_size_last_edited=&#8221;on|tablet&#8221; global_colors_info=&#8221;{}&#8221; content__hover_enabled=&#8221;off|desktop&#8221;]@ET-DC@eyJkeW5hbWljIjp0cnVlLCJjb250ZW50IjoicG9zdF9kYXRlIiwic2V0dGluZ3MiOnsiYmVmb3JlIjoiIiwiYWZ0ZXIiOiIiLCJkYXRlX2Zvcm1hdCI6ImRlZmF1bHQiLCJjdXN0b21fZGF0ZV9mb3JtYXQiOiIifX0=@[\/et_pb_text][\/et_pb_column][\/et_pb_row][et_pb_row _builder_version=&#8221;4.9.11&#8243; _module_preset=&#8221;default&#8221; global_colors_info=&#8221;{}&#8221;][et_pb_column type=&#8221;4_4&#8243; _builder_version=&#8221;4.9.11&#8243; _module_preset=&#8221;default&#8221; global_colors_info=&#8221;{}&#8221;][et_pb_image src=&#8221;https:\/\/wimex-group.com\/wp-content\/uploads\/2022\/06\/Wimex_Gruppe_Graf_von_Drechsel.jpg&#8221; title_text=&#8221;Wimex_Gruppe_Graf_von_Drechsel&#8221; align=&#8221;center&#8221; _builder_version=&#8221;4.9.11&#8243; _module_preset=&#8221;default&#8221; width=&#8221;51%&#8221; hover_enabled=&#8221;0&#8243; global_colors_info=&#8221;{}&#8221; sticky_enabled=&#8221;0&#8243;][\/et_pb_image][\/et_pb_column][\/et_pb_row][et_pb_row _builder_version=&#8221;4.7.7&#8243; background_size=&#8221;initial&#8221; background_position=&#8221;top_left&#8221; background_repeat=&#8221;repeat&#8221; module_alignment=&#8221;center&#8221; custom_margin=&#8221;|auto||411px||&#8221; global_colors_info=&#8221;{}&#8221;][et_pb_column type=&#8221;4_4&#8243; _builder_version=&#8221;3.25&#8243; custom_padding=&#8221;|||&#8221; global_colors_info=&#8221;{}&#8221; custom_padding__hover=&#8221;|||&#8221;][et_pb_text _builder_version=&#8221;4.9.11&#8243; text_font_size=&#8221;1.5em&#8221; custom_margin=&#8221;|15%||15%|false|true&#8221; custom_margin_tablet=&#8221;|5%||5%|false|true&#8221; custom_margin_phone=&#8221;|2%||2%|false|true&#8221; custom_margin_last_edited=&#8221;on|tablet&#8221; custom_padding=&#8221;||0px|||&#8221; hover_enabled=&#8221;0&#8243; text_font_size_tablet=&#8221;&#8221; text_font_size_phone=&#8221;1.3em&#8221; text_font_size_last_edited=&#8221;on|desktop&#8221; global_colors_info=&#8221;{}&#8221; sticky_enabled=&#8221;0&#8243;]<p><strong>Pionier der deutschen Gefl\u00fcgelwirtschaft engagiert sich seit Jahrzehnten <\/strong><\/p>\n<p>REGENSTAUF\/BAASDORF. Im Kreise von Freunden und langj\u00e4hrigen Weggef\u00e4hrten hat Leopold Graf von Drechsel in seinem Heimatort Karlstein bei Regenstauf in diesen Tagen seinen 60. Geburtstag gefeiert. Der Jubilar z\u00e4hlt zu den Pionieren der deutschen Gefl\u00fcgelwirtschaft und genie\u00dft dar\u00fcber hinaus international hohe Anerkennung. Den Grundstein f\u00fcr dieses Engagement legte bereits sein Elternhaus, denn sein Vater z\u00e4hlte bereits in den 1960er Jahren zu den bekannten Gr\u00f6\u00dfen der Gefl\u00fcgelerzeugung in Bayern. Nach einer kaufm\u00e4nnischen Ausbildung und dem Studium der Volkswirtschaft engagierte sich Leopold Graf von Drechsel im land- und forstwirtschaftlichen Bereich. Ein wichtiger Meilenstein war der Einstieg beim Agrarunternehmen Wimex im Jahr 1987, dessen Geschicke er bis heute gemeinsam mit Ulrich Wagner und Finanzexperte Ralph Weickert gestaltet. Die dreigliedrige Gesch\u00e4ftsleitung war 2019 mit dem Wechsel des Gr\u00fcnders Gerhard Wagner in den Beirat eingef\u00fchrt worden. \u201eUns war damals wichtig, das Unternehmen auch f\u00fcr die n\u00e4chste Generation strukturell gut f\u00fcr die Zukunft aufzustellen\u201c, erl\u00e4utert Leopold Graf von Drechsel diesen Schritt. Denn die Wimex Gruppe hat sich seit der Gr\u00fcndung 1985 zu einem Agrarunternehmen mit rund 1.300 Mitarbeitenden in den Gesch\u00e4ftsfeldern Gefl\u00fcgel, Gem\u00fcse und Obst sowie Energie entwickelt. Diese greifen \u00fcber einen Wertsch\u00f6pfungsnetzwerk stark ineinander. Der Gefl\u00fcgelbereich ist und bleibt das Herzst\u00fcck des Unternehmens, das gr\u00f6\u00dfter Produzent von Bruteiern und Mastk\u00fcken in Europa ist. Dazu tr\u00e4gt auch das Tochterunternehmen Cobb Germany seit rund 25 Jahren bei. Dieses ist unter anderem in osteurop\u00e4ischen L\u00e4ndern mit der Elterntiergenetik Cobb 500 ein wichtiger Partner von Vermehrern.<br \/>Zus\u00e4tzlich zu seiner hauptamtlichen T\u00e4tigkeit engagiert sich Leopold Graf von Drechsel an vielen Stellen ehrenamtlich, unter anderem mehrere Jahre an der Spitze des Zentralverband der Deutschen Gefl\u00fcgelwirtschaft (ZDG). Weitere Positionen im Genossenschaftsbereich sowie die Pr\u00e4sidentschaft beim European Poultry Club (EPC) f\u00fcllt er auch weiterhin mit Expertise und Herzblut aus.<\/p>\n<p>&nbsp;<\/p>\n<p><strong>\u00a0<\/strong><\/p>\n<p>\n<script src=\"https:\/\/player.vimeo.com\/api\/player.js\"><\/script>\n<\/p>[\/et_pb_text][\/et_pb_column][\/et_pb_row][\/et_pb_section]\n","protected":false},"excerpt":{"rendered":"<p>Pionier der deutschen Gefl\u00fcgelwirtschaft engagiert sich seit Jahrzehnten REGENSTAUF\/BAASDORF. Im Kreise von Freunden und langj\u00e4hrigen Weggef\u00e4hrten hat Leopold Graf von Drechsel in seinem Heimatort Karlstein bei Regenstauf in diesen Tagen seinen 60. Geburtstag gefeiert. Der Jubilar z\u00e4hlt zu den Pionieren der deutschen Gefl\u00fcgelwirtschaft und genie\u00dft dar\u00fcber hinaus international hohe Anerkennung. Den Grundstein f\u00fcr dieses Engagement [&hellip;]<\/p>\n","protected":false},"author":4,"featured_media":3165,"comment_status":"open","ping_status":"open","sticky":false,"template":"","format":"standard","meta":{"_et_pb_use_builder":"on","_et_pb_old_content":"<!-- wp:paragraph -->\n<p>Dank einer Anfrage zweier Hobbysprayer wird das unser altes BALM-Lager in Rosefeld zum Objekt regelm\u00e4\u00dfiger Graffiti-Projekte. Bei dem Graffiti-Duo mit dem K\u00fcnstlernamen DRMLZ handelt es sich um die geb\u00fcrtigen Dessauer Stefan Schneider (42) und Stefan Berndt (36). Die beiden Freunde leben und arbeiten als Senior Designer in Berlin \u2026<\/p>\n<!-- \/wp:paragraph -->\n\n<!-- wp:paragraph -->\n<p>Natate peris vitatem vel idis eseruptum ea acerro mint enihicatist lab ium faccust, cus ex eliquos vid quatqui dolorist iderepu disciaes mod qui dolum quam, que dollest, quam, ut aut aut quidellabor apeliquat.<br>Ictemquam imporep udandissi sum suntem cuptae solliquae peliate cabores erumet il idi temporest, od es voluptis volent omnihiliqui optatent utem nonsequid ut quis reptumque pla doloris vellate mporempostis volest mo ipsam, sim dolore, tetur, simust, sit porae aut quunt quunte non re sim el is alis dentinverias eumque volupta tustis dist, natus dolorite cuptatem exernatur secti asperep udigenimus audit reped quam eiciis quo des qui volectem demperci officia intinvendus aspere idis mo eius de quae pos esequam, ipis doluptatios quuntiis que nis iur, simporrovita cum rese volupta quamus.<br>Iquam arioriost quo quo dolupti odi dolupit re voluptistis volorae sus pro veliquatur a plitat.<\/p>\n<!-- \/wp:paragraph -->\n\n<!-- wp:paragraph -->\n<p>Raturi nectorectis raectum incia con commoluptat offictur?<br>Dae sit officidem nobis aut adit aut maximinctus dissed que core peditatur maximil isinis ante vereptatur, sites que porerum que ma con eos quam renda nienis et lantiusciet vendebit exernatur? Qui nonsequiaes nemos eum id molore lacerch icidem re, consecuptur ma aut pe dolorem poreseq uatemolorat ipidi si bera nis vitionse occatus serum fuga. Namenimust volupta tenime lantur, non nonse quiam rerum hit, sumquam enem cus, sanditiur? Quist autem volor andi dolecto remporum eum am quo moluptat dendam, nemporem rat quidem vendi occulpa nonserum accatio odis il ipiciusam consenem quia et escid que idebit, ut aspidel ibeaquam et.<\/p>\n<!-- \/wp:paragraph -->","_et_gb_content_width":"2880","footnotes":""},"categories":[11,12],"tags":[],"class_list":["post-3163","post","type-post","status-publish","format-standard","has-post-thumbnail","hentry","category-news-startseite","category-pressemitteilung"],"yoast_head":"<!-- This site is optimized with the Yoast SEO plugin v27.3 - https:\/\/yoast.com\/product\/yoast-seo-wordpress\/ -->\n<title>Leopold Graf von Drechsel ist 60 - wimex-group<\/title>\n<meta name=\"robots\" content=\"index, follow, max-snippet:-1, max-image-preview:large, max-video-preview:-1\" \/>\n<link rel=\"canonical\" href=\"https:\/\/wimex-group.com\/en\/leopold-graf-von-drechsel-ist-60\/\" \/>\n<meta property=\"og:locale\" content=\"en_US\" \/>\n<meta property=\"og:type\" content=\"article\" \/>\n<meta property=\"og:title\" content=\"Leopold Graf von Drechsel ist 60 - wimex-group\" \/>\n<meta property=\"og:description\" content=\"Pionier der deutschen Gefl\u00fcgelwirtschaft engagiert sich seit Jahrzehnten REGENSTAUF\/BAASDORF. Im Kreise von Freunden und langj\u00e4hrigen Weggef\u00e4hrten hat Leopold Graf von Drechsel in seinem Heimatort Karlstein bei Regenstauf in diesen Tagen seinen 60. Geburtstag gefeiert. Der Jubilar z\u00e4hlt zu den Pionieren der deutschen Gefl\u00fcgelwirtschaft und genie\u00dft dar\u00fcber hinaus international hohe Anerkennung. Den Grundstein f\u00fcr dieses Engagement [&hellip;]\" \/>\n<meta property=\"og:url\" content=\"https:\/\/wimex-group.com\/en\/leopold-graf-von-drechsel-ist-60\/\" \/>\n<meta property=\"og:site_name\" content=\"wimex-group\" \/>\n<meta property=\"article:published_time\" content=\"2022-06-01T06:49:00+00:00\" \/>\n<meta property=\"article:modified_time\" content=\"2022-06-24T06:50:35+00:00\" \/>\n<meta property=\"og:image\" content=\"https:\/\/wimex-group.com\/wp-content\/uploads\/2022\/06\/Wimex_Gruppe_Graf_von_Drechsel.jpg\" \/>\n\t<meta property=\"og:image:width\" content=\"1200\" \/>\n\t<meta property=\"og:image:height\" content=\"1200\" \/>\n\t<meta property=\"og:image:type\" content=\"image\/jpeg\" \/>\n<meta name=\"author\" content=\"Christian M\u00f6sbauer\" \/>\n<meta name=\"twitter:card\" content=\"summary_large_image\" \/>\n<meta name=\"twitter:label1\" content=\"Written by\" \/>\n\t<meta name=\"twitter:data1\" content=\"Christian M\u00f6sbauer\" \/>\n\t<meta name=\"twitter:label2\" content=\"Est. reading time\" \/>\n\t<meta name=\"twitter:data2\" content=\"2 minutes\" \/>\n<script type=\"application\/ld+json\" class=\"yoast-schema-graph\">{\"@context\":\"https:\\\/\\\/schema.org\",\"@graph\":[{\"@type\":\"Article\",\"@id\":\"https:\\\/\\\/wimex-group.com\\\/en\\\/leopold-graf-von-drechsel-ist-60\\\/#article\",\"isPartOf\":{\"@id\":\"https:\\\/\\\/wimex-group.com\\\/en\\\/leopold-graf-von-drechsel-ist-60\\\/\"},\"author\":{\"name\":\"Christian M\u00f6sbauer\",\"@id\":\"https:\\\/\\\/wimex-group.com\\\/en\\\/#\\\/schema\\\/person\\\/a40389b6c8655911f422d861623474cb\"},\"headline\":\"Leopold Graf von Drechsel ist 60\",\"datePublished\":\"2022-06-01T06:49:00+00:00\",\"dateModified\":\"2022-06-24T06:50:35+00:00\",\"mainEntityOfPage\":{\"@id\":\"https:\\\/\\\/wimex-group.com\\\/en\\\/leopold-graf-von-drechsel-ist-60\\\/\"},\"wordCount\":750,\"commentCount\":0,\"image\":{\"@id\":\"https:\\\/\\\/wimex-group.com\\\/en\\\/leopold-graf-von-drechsel-ist-60\\\/#primaryimage\"},\"thumbnailUrl\":\"https:\\\/\\\/wimex-group.com\\\/wp-content\\\/uploads\\\/2022\\\/06\\\/Wimex_Gruppe_Graf_von_Drechsel.jpg\",\"articleSection\":[\"News Startseite\",\"PRESSEMITTEILUNG\"],\"inLanguage\":\"en-US\",\"potentialAction\":[{\"@type\":\"CommentAction\",\"name\":\"Comment\",\"target\":[\"https:\\\/\\\/wimex-group.com\\\/en\\\/leopold-graf-von-drechsel-ist-60\\\/#respond\"]}]},{\"@type\":\"WebPage\",\"@id\":\"https:\\\/\\\/wimex-group.com\\\/en\\\/leopold-graf-von-drechsel-ist-60\\\/\",\"url\":\"https:\\\/\\\/wimex-group.com\\\/en\\\/leopold-graf-von-drechsel-ist-60\\\/\",\"name\":\"Leopold Graf von Drechsel ist 60 - wimex-group\",\"isPartOf\":{\"@id\":\"https:\\\/\\\/wimex-group.com\\\/en\\\/#website\"},\"primaryImageOfPage\":{\"@id\":\"https:\\\/\\\/wimex-group.com\\\/en\\\/leopold-graf-von-drechsel-ist-60\\\/#primaryimage\"},\"image\":{\"@id\":\"https:\\\/\\\/wimex-group.com\\\/en\\\/leopold-graf-von-drechsel-ist-60\\\/#primaryimage\"},\"thumbnailUrl\":\"https:\\\/\\\/wimex-group.com\\\/wp-content\\\/uploads\\\/2022\\\/06\\\/Wimex_Gruppe_Graf_von_Drechsel.jpg\",\"datePublished\":\"2022-06-01T06:49:00+00:00\",\"dateModified\":\"2022-06-24T06:50:35+00:00\",\"author\":{\"@id\":\"https:\\\/\\\/wimex-group.com\\\/en\\\/#\\\/schema\\\/person\\\/a40389b6c8655911f422d861623474cb\"},\"breadcrumb\":{\"@id\":\"https:\\\/\\\/wimex-group.com\\\/en\\\/leopold-graf-von-drechsel-ist-60\\\/#breadcrumb\"},\"inLanguage\":\"en-US\",\"potentialAction\":[{\"@type\":\"ReadAction\",\"target\":[\"https:\\\/\\\/wimex-group.com\\\/en\\\/leopold-graf-von-drechsel-ist-60\\\/\"]}]},{\"@type\":\"ImageObject\",\"inLanguage\":\"en-US\",\"@id\":\"https:\\\/\\\/wimex-group.com\\\/en\\\/leopold-graf-von-drechsel-ist-60\\\/#primaryimage\",\"url\":\"https:\\\/\\\/wimex-group.com\\\/wp-content\\\/uploads\\\/2022\\\/06\\\/Wimex_Gruppe_Graf_von_Drechsel.jpg\",\"contentUrl\":\"https:\\\/\\\/wimex-group.com\\\/wp-content\\\/uploads\\\/2022\\\/06\\\/Wimex_Gruppe_Graf_von_Drechsel.jpg\",\"width\":1200,\"height\":1200},{\"@type\":\"BreadcrumbList\",\"@id\":\"https:\\\/\\\/wimex-group.com\\\/en\\\/leopold-graf-von-drechsel-ist-60\\\/#breadcrumb\",\"itemListElement\":[{\"@type\":\"ListItem\",\"position\":1,\"name\":\"Startseite\",\"item\":\"https:\\\/\\\/wimex-group.com\\\/en\\\/\"},{\"@type\":\"ListItem\",\"position\":2,\"name\":\"Leopold Graf von Drechsel ist 60\"}]},{\"@type\":\"WebSite\",\"@id\":\"https:\\\/\\\/wimex-group.com\\\/en\\\/#website\",\"url\":\"https:\\\/\\\/wimex-group.com\\\/en\\\/\",\"name\":\"wimex-group\",\"description\":\"Wimex Group\",\"potentialAction\":[{\"@type\":\"SearchAction\",\"target\":{\"@type\":\"EntryPoint\",\"urlTemplate\":\"https:\\\/\\\/wimex-group.com\\\/en\\\/?s={search_term_string}\"},\"query-input\":{\"@type\":\"PropertyValueSpecification\",\"valueRequired\":true,\"valueName\":\"search_term_string\"}}],\"inLanguage\":\"en-US\"},{\"@type\":\"Person\",\"@id\":\"https:\\\/\\\/wimex-group.com\\\/en\\\/#\\\/schema\\\/person\\\/a40389b6c8655911f422d861623474cb\",\"name\":\"Christian M\u00f6sbauer\",\"image\":{\"@type\":\"ImageObject\",\"inLanguage\":\"en-US\",\"@id\":\"https:\\\/\\\/secure.gravatar.com\\\/avatar\\\/06875c1b4a92386eb292687c3b8d5bc5ccc1556d275ae04eb27236e2a8d3d9d5?s=96&d=mm&r=g\",\"url\":\"https:\\\/\\\/secure.gravatar.com\\\/avatar\\\/06875c1b4a92386eb292687c3b8d5bc5ccc1556d275ae04eb27236e2a8d3d9d5?s=96&d=mm&r=g\",\"contentUrl\":\"https:\\\/\\\/secure.gravatar.com\\\/avatar\\\/06875c1b4a92386eb292687c3b8d5bc5ccc1556d275ae04eb27236e2a8d3d9d5?s=96&d=mm&r=g\",\"caption\":\"Christian M\u00f6sbauer\"},\"url\":\"https:\\\/\\\/wimex-group.com\\\/en\\\/author\\\/cmoesbauer\\\/\"}]}<\/script>\n<!-- \/ Yoast SEO plugin. -->","yoast_head_json":{"title":"Leopold Graf von Drechsel ist 60 - wimex-group","robots":{"index":"index","follow":"follow","max-snippet":"max-snippet:-1","max-image-preview":"max-image-preview:large","max-video-preview":"max-video-preview:-1"},"canonical":"https:\/\/wimex-group.com\/en\/leopold-graf-von-drechsel-ist-60\/","og_locale":"en_US","og_type":"article","og_title":"Leopold Graf von Drechsel ist 60 - wimex-group","og_description":"Pionier der deutschen Gefl\u00fcgelwirtschaft engagiert sich seit Jahrzehnten REGENSTAUF\/BAASDORF. Im Kreise von Freunden und langj\u00e4hrigen Weggef\u00e4hrten hat Leopold Graf von Drechsel in seinem Heimatort Karlstein bei Regenstauf in diesen Tagen seinen 60. Geburtstag gefeiert. Der Jubilar z\u00e4hlt zu den Pionieren der deutschen Gefl\u00fcgelwirtschaft und genie\u00dft dar\u00fcber hinaus international hohe Anerkennung. Den Grundstein f\u00fcr dieses Engagement [&hellip;]","og_url":"https:\/\/wimex-group.com\/en\/leopold-graf-von-drechsel-ist-60\/","og_site_name":"wimex-group","article_published_time":"2022-06-01T06:49:00+00:00","article_modified_time":"2022-06-24T06:50:35+00:00","og_image":[{"width":1200,"height":1200,"url":"https:\/\/wimex-group.com\/wp-content\/uploads\/2022\/06\/Wimex_Gruppe_Graf_von_Drechsel.jpg","type":"image\/jpeg"}],"author":"Christian M\u00f6sbauer","twitter_card":"summary_large_image","twitter_misc":{"Written by":"Christian M\u00f6sbauer","Est. reading time":"2 minutes"},"schema":{"@context":"https:\/\/schema.org","@graph":[{"@type":"Article","@id":"https:\/\/wimex-group.com\/en\/leopold-graf-von-drechsel-ist-60\/#article","isPartOf":{"@id":"https:\/\/wimex-group.com\/en\/leopold-graf-von-drechsel-ist-60\/"},"author":{"name":"Christian M\u00f6sbauer","@id":"https:\/\/wimex-group.com\/en\/#\/schema\/person\/a40389b6c8655911f422d861623474cb"},"headline":"Leopold Graf von Drechsel ist 60","datePublished":"2022-06-01T06:49:00+00:00","dateModified":"2022-06-24T06:50:35+00:00","mainEntityOfPage":{"@id":"https:\/\/wimex-group.com\/en\/leopold-graf-von-drechsel-ist-60\/"},"wordCount":750,"commentCount":0,"image":{"@id":"https:\/\/wimex-group.com\/en\/leopold-graf-von-drechsel-ist-60\/#primaryimage"},"thumbnailUrl":"https:\/\/wimex-group.com\/wp-content\/uploads\/2022\/06\/Wimex_Gruppe_Graf_von_Drechsel.jpg","articleSection":["News Startseite","PRESSEMITTEILUNG"],"inLanguage":"en-US","potentialAction":[{"@type":"CommentAction","name":"Comment","target":["https:\/\/wimex-group.com\/en\/leopold-graf-von-drechsel-ist-60\/#respond"]}]},{"@type":"WebPage","@id":"https:\/\/wimex-group.com\/en\/leopold-graf-von-drechsel-ist-60\/","url":"https:\/\/wimex-group.com\/en\/leopold-graf-von-drechsel-ist-60\/","name":"Leopold Graf von Drechsel ist 60 - wimex-group","isPartOf":{"@id":"https:\/\/wimex-group.com\/en\/#website"},"primaryImageOfPage":{"@id":"https:\/\/wimex-group.com\/en\/leopold-graf-von-drechsel-ist-60\/#primaryimage"},"image":{"@id":"https:\/\/wimex-group.com\/en\/leopold-graf-von-drechsel-ist-60\/#primaryimage"},"thumbnailUrl":"https:\/\/wimex-group.com\/wp-content\/uploads\/2022\/06\/Wimex_Gruppe_Graf_von_Drechsel.jpg","datePublished":"2022-06-01T06:49:00+00:00","dateModified":"2022-06-24T06:50:35+00:00","author":{"@id":"https:\/\/wimex-group.com\/en\/#\/schema\/person\/a40389b6c8655911f422d861623474cb"},"breadcrumb":{"@id":"https:\/\/wimex-group.com\/en\/leopold-graf-von-drechsel-ist-60\/#breadcrumb"},"inLanguage":"en-US","potentialAction":[{"@type":"ReadAction","target":["https:\/\/wimex-group.com\/en\/leopold-graf-von-drechsel-ist-60\/"]}]},{"@type":"ImageObject","inLanguage":"en-US","@id":"https:\/\/wimex-group.com\/en\/leopold-graf-von-drechsel-ist-60\/#primaryimage","url":"https:\/\/wimex-group.com\/wp-content\/uploads\/2022\/06\/Wimex_Gruppe_Graf_von_Drechsel.jpg","contentUrl":"https:\/\/wimex-group.com\/wp-content\/uploads\/2022\/06\/Wimex_Gruppe_Graf_von_Drechsel.jpg","width":1200,"height":1200},{"@type":"BreadcrumbList","@id":"https:\/\/wimex-group.com\/en\/leopold-graf-von-drechsel-ist-60\/#breadcrumb","itemListElement":[{"@type":"ListItem","position":1,"name":"Startseite","item":"https:\/\/wimex-group.com\/en\/"},{"@type":"ListItem","position":2,"name":"Leopold Graf von Drechsel ist 60"}]},{"@type":"WebSite","@id":"https:\/\/wimex-group.com\/en\/#website","url":"https:\/\/wimex-group.com\/en\/","name":"wimex-group","description":"Wimex Group","potentialAction":[{"@type":"SearchAction","target":{"@type":"EntryPoint","urlTemplate":"https:\/\/wimex-group.com\/en\/?s={search_term_string}"},"query-input":{"@type":"PropertyValueSpecification","valueRequired":true,"valueName":"search_term_string"}}],"inLanguage":"en-US"},{"@type":"Person","@id":"https:\/\/wimex-group.com\/en\/#\/schema\/person\/a40389b6c8655911f422d861623474cb","name":"Christian M\u00f6sbauer","image":{"@type":"ImageObject","inLanguage":"en-US","@id":"https:\/\/secure.gravatar.com\/avatar\/06875c1b4a92386eb292687c3b8d5bc5ccc1556d275ae04eb27236e2a8d3d9d5?s=96&d=mm&r=g","url":"https:\/\/secure.gravatar.com\/avatar\/06875c1b4a92386eb292687c3b8d5bc5ccc1556d275ae04eb27236e2a8d3d9d5?s=96&d=mm&r=g","contentUrl":"https:\/\/secure.gravatar.com\/avatar\/06875c1b4a92386eb292687c3b8d5bc5ccc1556d275ae04eb27236e2a8d3d9d5?s=96&d=mm&r=g","caption":"Christian M\u00f6sbauer"},"url":"https:\/\/wimex-group.com\/en\/author\/cmoesbauer\/"}]}},"_links":{"self":[{"href":"https:\/\/wimex-group.com\/en\/wp-json\/wp\/v2\/posts\/3163","targetHints":{"allow":["GET"]}}],"collection":[{"href":"https:\/\/wimex-group.com\/en\/wp-json\/wp\/v2\/posts"}],"about":[{"href":"https:\/\/wimex-group.com\/en\/wp-json\/wp\/v2\/types\/post"}],"author":[{"embeddable":true,"href":"https:\/\/wimex-group.com\/en\/wp-json\/wp\/v2\/users\/4"}],"replies":[{"embeddable":true,"href":"https:\/\/wimex-group.com\/en\/wp-json\/wp\/v2\/comments?post=3163"}],"version-history":[{"count":3,"href":"https:\/\/wimex-group.com\/en\/wp-json\/wp\/v2\/posts\/3163\/revisions"}],"predecessor-version":[{"id":3168,"href":"https:\/\/wimex-group.com\/en\/wp-json\/wp\/v2\/posts\/3163\/revisions\/3168"}],"wp:featuredmedia":[{"embeddable":true,"href":"https:\/\/wimex-group.com\/en\/wp-json\/wp\/v2\/media\/3165"}],"wp:attachment":[{"href":"https:\/\/wimex-group.com\/en\/wp-json\/wp\/v2\/media?parent=3163"}],"wp:term":[{"taxonomy":"category","embeddable":true,"href":"https:\/\/wimex-group.com\/en\/wp-json\/wp\/v2\/categories?post=3163"},{"taxonomy":"post_tag","embeddable":true,"href":"https:\/\/wimex-group.com\/en\/wp-json\/wp\/v2\/tags?post=3163"}],"curies":[{"name":"wp","href":"https:\/\/api.w.org\/{rel}","templated":true}]}}