{"id":3177,"date":"2022-07-14T09:03:00","date_gmt":"2022-07-14T07:03:00","guid":{"rendered":"https:\/\/www.wimex-group.com\/?p=3177"},"modified":"2022-08-18T09:04:10","modified_gmt":"2022-08-18T07:04:10","slug":"maislabyrinth-mit-friedenstaube-oeffnet-am-15-juli-seine-pforten","status":"publish","type":"post","link":"https:\/\/wimex-group.com\/en\/maislabyrinth-mit-friedenstaube-oeffnet-am-15-juli-seine-pforten\/","title":{"rendered":"Maislabyrinth mit Friedenstaube \u00f6ffnet am 15. Juli seine Pforten"},"content":{"rendered":"<p>[et_pb_section fb_built=&#8221;1&#8243; _builder_version=&#8221;4.9.11&#8243; background_image=&#8221;https:\/\/wimex-group.com\/wp-content\/uploads\/2020\/12\/WMX_Intro_Slider_1.jpg&#8221; min_height=&#8221;350px&#8221; min_height_tablet=&#8221;&#8221; min_height_phone=&#8221;250px&#8221; min_height_last_edited=&#8221;on|phone&#8221; max_height=&#8221;350px&#8221; global_colors_info=&#8221;{}&#8221;][\/et_pb_section][et_pb_section fb_built=&#8221;1&#8243; _builder_version=&#8221;3.22&#8243; global_colors_info=&#8221;{}&#8221;][et_pb_row _builder_version=&#8221;4.9.11&#8243; background_size=&#8221;initial&#8221; background_position=&#8221;top_left&#8221; background_repeat=&#8221;repeat&#8221; global_colors_info=&#8221;{}&#8221;][et_pb_column type=&#8221;4_4&#8243; _builder_version=&#8221;3.25&#8243; custom_padding=&#8221;|||&#8221; global_colors_info=&#8221;{}&#8221; custom_padding__hover=&#8221;|||&#8221;][et_pb_text _builder_version=&#8221;4.9.11&#8243; _dynamic_attributes=&#8221;content&#8221; text_font_size=&#8221;4em&#8221; text_line_height=&#8221;1.4em&#8221; text_orientation=&#8221;center&#8221; custom_margin=&#8221;|15%||15%|false|true&#8221; custom_margin_tablet=&#8221;|2%||2%|false|true&#8221; custom_margin_phone=&#8221;|0%||0%|false|true&#8221; custom_margin_last_edited=&#8221;on|phone&#8221; text_font_size_tablet=&#8221;3.6em&#8221; text_font_size_phone=&#8221;2.5em&#8221; text_font_size_last_edited=&#8221;on|tablet&#8221; global_colors_info=&#8221;{}&#8221;]@ET-DC@eyJkeW5hbWljIjp0cnVlLCJjb250ZW50IjoicG9zdF90aXRsZSIsInNldHRpbmdzIjp7ImJlZm9yZSI6IiIsImFmdGVyIjoiIn19@[\/et_pb_text][et_pb_text content_last_edited=&#8221;off|tablet&#8221; _builder_version=&#8221;4.9.11&#8243; _dynamic_attributes=&#8221;content&#8221; text_font=&#8221;Arial||||||||&#8221; text_text_color=&#8221;#0781ce&#8221; text_font_size=&#8221;1.5em&#8221; text_line_height=&#8221;1.4em&#8221; text_orientation=&#8221;center&#8221; text_font_size_tablet=&#8221;1.25em&#8221; text_font_size_phone=&#8221;1.25em&#8221; text_font_size_last_edited=&#8221;on|tablet&#8221; global_colors_info=&#8221;{}&#8221; content__hover_enabled=&#8221;off|desktop&#8221;]@ET-DC@eyJkeW5hbWljIjp0cnVlLCJjb250ZW50IjoicG9zdF9kYXRlIiwic2V0dGluZ3MiOnsiYmVmb3JlIjoiIiwiYWZ0ZXIiOiIiLCJkYXRlX2Zvcm1hdCI6ImRlZmF1bHQiLCJjdXN0b21fZGF0ZV9mb3JtYXQiOiIifX0=@[\/et_pb_text][\/et_pb_column][\/et_pb_row][et_pb_row _builder_version=&#8221;4.9.11&#8243; _module_preset=&#8221;default&#8221; global_colors_info=&#8221;{}&#8221;][et_pb_column type=&#8221;4_4&#8243; _builder_version=&#8221;4.9.11&#8243; _module_preset=&#8221;default&#8221; global_colors_info=&#8221;{}&#8221;][et_pb_image src=&#8221;https:\/\/wimex-group.com\/wp-content\/uploads\/2022\/08\/Maislabyrinth_Halle_2022_web.jpg&#8221; title_text=&#8221;default&#8221; align=&#8221;center&#8221; _builder_version=&#8221;4.9.11&#8243; _module_preset=&#8221;default&#8221; width=&#8221;51%&#8221; hover_enabled=&#8221;0&#8243; global_colors_info=&#8221;{}&#8221; sticky_enabled=&#8221;0&#8243;][\/et_pb_image][\/et_pb_column][\/et_pb_row][et_pb_row _builder_version=&#8221;4.7.7&#8243; background_size=&#8221;initial&#8221; background_position=&#8221;top_left&#8221; background_repeat=&#8221;repeat&#8221; module_alignment=&#8221;center&#8221; custom_margin=&#8221;|auto||411px||&#8221; global_colors_info=&#8221;{}&#8221;][et_pb_column type=&#8221;4_4&#8243; _builder_version=&#8221;3.25&#8243; custom_padding=&#8221;|||&#8221; global_colors_info=&#8221;{}&#8221; custom_padding__hover=&#8221;|||&#8221;][et_pb_text _builder_version=&#8221;4.9.11&#8243; text_font_size=&#8221;1.5em&#8221; custom_margin=&#8221;|15%||15%|false|true&#8221; custom_margin_tablet=&#8221;|5%||5%|false|true&#8221; custom_margin_phone=&#8221;|2%||2%|false|true&#8221; custom_margin_last_edited=&#8221;on|tablet&#8221; custom_padding=&#8221;||0px|||&#8221; hover_enabled=&#8221;0&#8243; text_font_size_tablet=&#8221;&#8221; text_font_size_phone=&#8221;1.3em&#8221; text_font_size_last_edited=&#8221;on|desktop&#8221; global_colors_info=&#8221;{}&#8221; sticky_enabled=&#8221;0&#8243;]<\/p>\n<p><em>Ausflugsziel direkt am Petersberg \u2013 Gewinn geht an UNICEF f\u00fcr Kinder in der Ukraine <\/em><\/p>\n<p>PETERSBERG\/HALLE. Bereits etwas fr\u00fcher als im Vorjahr beginnt am 15. Juli die Maislabyrinth-Saison in Petersberg bei Halle. Ab diesem Freitag lockt das von der Wimex Gruppe auf 35.000 Quadratmetern errichtete Ausflugsziel Familien und Menschen jeden Alters, um unbeschwerte und zugleich spannende Stunden in der Natur zu verbringen. Von 10 bis 18 Uhr ist der Irrgarten t\u00e4glich au\u00dfer montags ge\u00f6ffnet. Die Irrwege des Labyrinths bilden eine Weltkarte mit Friedenstaube ab, wie Aufnahmen aus der Vogelperspektive zeigen. \u201eLetzten Sommer war unser Maislabyrinth ein gro\u00dfer Besuchermagnet. Wir sind sicher, die Menschen rund um Halle haben auch dieses Jahr viel Freude bei uns. Nicht zuletzt, weil wir mit unserem Labyrinth-Motiv ein Zeichen des Friedens und der Solidarit\u00e4t mit den Menschen in der Ukraine setzen\u201c, erkl\u00e4rt Frank Kr\u00fcger, Betriebsleiter Landwirtschaft von der Wimex Gruppe. Das familiengef\u00fchrte Unternehmen spendet den Gewinn aus dem Maislabyrinth an das UNICEF Nothilfeprogramm f\u00fcr Kinder aus der Ukraine.<\/p>\n<p><strong>Unterwegs auf verschlungenen Wegen<\/strong><\/p>\n<p>Die bereits zwei Meter hoch gewachsenen Maispflanzen verbergen so manches Geheimnis, das Besucherinnen und Besucher zum R\u00e4tseln und Entdecken herausfordert. Sieben Stationen gilt es auf den einer Weltkarte nachempfundenen Wegen zu finden. An jeder Station erfahren die G\u00e4ste Wissenswertes zum Thema Landwirtschaft \u2013 und zwar, wie sie in den verschiedenen Kontinenten der Welt funktioniert. Die gesamte Wegl\u00e4nge im Labyrinth umfasst 6,5 Kilometer, clevere Besucher legen nat\u00fcrlich weniger an Strecke zur\u00fcck.<\/p>\n<p><strong>Familienspa\u00df rund um den Petersberg<\/strong><\/p>\n<p>Das Maislabyrinth liegt etwa zehn Kilometer n\u00f6rdlich von Halle am Rand der Gemeinde Petersberg, etwa drei Kilometer vom letztj\u00e4hrigen Standort entfernt. Der Parkplatz ist kostenlos, der Eintritt \u2013 das Labyrinth hat Dienstag bis Sonntag von 10 bis 18 Uhr ge\u00f6ffnet \u2013 kostet Erwachsene vier Euro, Kinder und Jugendliche zwischen 3 und 17 Jahren drei Euro. Festes Schuhwerk ist von Vorteil, Hunde sind an der Leine erlaubt. Ein Getr\u00e4nkeverkauf wird vor Ort angeboten. Aufgrund der unmittelbaren N\u00e4he zu den weiteren am Petersberg befindlichen Freizeitattraktionen liegt ein Besuch in der Ferien- und Urlaubszeit f\u00fcr Familien geradezu auf der Hand. Auch zum Feiern von Kindergeburtstagen oder f\u00fcr einen Stopp bei einer gem\u00fctlichen Fahrradtour in der Region ist das Maislabyrinth ein vielgenutztes Ziel. Tagesaktuelle Informationen, etwa f\u00fcr witterungsbedingte \u00c4nderungen, gibt es auf der Webseite <a href=\"http:\/\/www.maislabyrinth-halle.de\">www.maislabyrinth-halle.de<\/a> und auf den zugeh\u00f6rigen Social-Media-Kan\u00e4len.<\/p>\n<p><script src=\"https:\/\/player.vimeo.com\/api\/player.js\"><\/script><\/p>\n<p>[\/et_pb_text][\/et_pb_column][\/et_pb_row][\/et_pb_section]<\/p>\n","protected":false},"excerpt":{"rendered":"<p>Ausflugsziel direkt am Petersberg \u2013 Gewinn geht an UNICEF f\u00fcr Kinder in der Ukraine PETERSBERG\/HALLE. Bereits etwas fr\u00fcher als im Vorjahr beginnt am 15. Juli die Maislabyrinth-Saison in Petersberg bei Halle. Ab diesem Freitag lockt das von der Wimex Gruppe auf 35.000 Quadratmetern errichtete Ausflugsziel Familien und Menschen jeden Alters, um unbeschwerte und zugleich spannende [&hellip;]<\/p>\n","protected":false},"author":4,"featured_media":3182,"comment_status":"open","ping_status":"open","sticky":false,"template":"","format":"standard","meta":{"_et_pb_use_builder":"on","_et_pb_old_content":"<!-- wp:paragraph -->\n<p>Dank einer Anfrage zweier Hobbysprayer wird das unser altes BALM-Lager in Rosefeld zum Objekt regelm\u00e4\u00dfiger Graffiti-Projekte. Bei dem Graffiti-Duo mit dem K\u00fcnstlernamen DRMLZ handelt es sich um die geb\u00fcrtigen Dessauer Stefan Schneider (42) und Stefan Berndt (36). Die beiden Freunde leben und arbeiten als Senior Designer in Berlin \u2026<\/p>\n<!-- \/wp:paragraph -->\n\n<!-- wp:paragraph -->\n<p>Natate peris vitatem vel idis eseruptum ea acerro mint enihicatist lab ium faccust, cus ex eliquos vid quatqui dolorist iderepu disciaes mod qui dolum quam, que dollest, quam, ut aut aut quidellabor apeliquat.<br>Ictemquam imporep udandissi sum suntem cuptae solliquae peliate cabores erumet il idi temporest, od es voluptis volent omnihiliqui optatent utem nonsequid ut quis reptumque pla doloris vellate mporempostis volest mo ipsam, sim dolore, tetur, simust, sit porae aut quunt quunte non re sim el is alis dentinverias eumque volupta tustis dist, natus dolorite cuptatem exernatur secti asperep udigenimus audit reped quam eiciis quo des qui volectem demperci officia intinvendus aspere idis mo eius de quae pos esequam, ipis doluptatios quuntiis que nis iur, simporrovita cum rese volupta quamus.<br>Iquam arioriost quo quo dolupti odi dolupit re voluptistis volorae sus pro veliquatur a plitat.<\/p>\n<!-- \/wp:paragraph -->\n\n<!-- wp:paragraph -->\n<p>Raturi nectorectis raectum incia con commoluptat offictur?<br>Dae sit officidem nobis aut adit aut maximinctus dissed que core peditatur maximil isinis ante vereptatur, sites que porerum que ma con eos quam renda nienis et lantiusciet vendebit exernatur? Qui nonsequiaes nemos eum id molore lacerch icidem re, consecuptur ma aut pe dolorem poreseq uatemolorat ipidi si bera nis vitionse occatus serum fuga. Namenimust volupta tenime lantur, non nonse quiam rerum hit, sumquam enem cus, sanditiur? Quist autem volor andi dolecto remporum eum am quo moluptat dendam, nemporem rat quidem vendi occulpa nonserum accatio odis il ipiciusam consenem quia et escid que idebit, ut aspidel ibeaquam et.<\/p>\n<!-- \/wp:paragraph -->","_et_gb_content_width":"2880","footnotes":""},"categories":[11,12],"tags":[],"class_list":["post-3177","post","type-post","status-publish","format-standard","has-post-thumbnail","hentry","category-news-startseite","category-pressemitteilung"],"yoast_head":"<!-- This site is optimized with the Yoast SEO plugin v27.3 - https:\/\/yoast.com\/product\/yoast-seo-wordpress\/ -->\n<title>Maislabyrinth mit Friedenstaube \u00f6ffnet am 15. Juli seine Pforten - wimex-group<\/title>\n<meta name=\"robots\" content=\"index, follow, max-snippet:-1, max-image-preview:large, max-video-preview:-1\" \/>\n<link rel=\"canonical\" href=\"https:\/\/wimex-group.com\/en\/maislabyrinth-mit-friedenstaube-oeffnet-am-15-juli-seine-pforten\/\" \/>\n<meta property=\"og:locale\" content=\"en_US\" \/>\n<meta property=\"og:type\" content=\"article\" \/>\n<meta property=\"og:title\" content=\"Maislabyrinth mit Friedenstaube \u00f6ffnet am 15. Juli seine Pforten - wimex-group\" \/>\n<meta property=\"og:description\" content=\"Ausflugsziel direkt am Petersberg \u2013 Gewinn geht an UNICEF f\u00fcr Kinder in der Ukraine PETERSBERG\/HALLE. Bereits etwas fr\u00fcher als im Vorjahr beginnt am 15. Juli die Maislabyrinth-Saison in Petersberg bei Halle. Ab diesem Freitag lockt das von der Wimex Gruppe auf 35.000 Quadratmetern errichtete Ausflugsziel Familien und Menschen jeden Alters, um unbeschwerte und zugleich spannende [&hellip;]\" \/>\n<meta property=\"og:url\" content=\"https:\/\/wimex-group.com\/en\/maislabyrinth-mit-friedenstaube-oeffnet-am-15-juli-seine-pforten\/\" \/>\n<meta property=\"og:site_name\" content=\"wimex-group\" \/>\n<meta property=\"article:published_time\" content=\"2022-07-14T07:03:00+00:00\" \/>\n<meta property=\"article:modified_time\" content=\"2022-08-18T07:04:10+00:00\" \/>\n<meta property=\"og:image\" content=\"https:\/\/wimex-group.com\/wp-content\/uploads\/2022\/08\/Maislabyrinth_Halle_2022_web.jpg\" \/>\n\t<meta property=\"og:image:width\" content=\"1200\" \/>\n\t<meta property=\"og:image:height\" content=\"900\" \/>\n\t<meta property=\"og:image:type\" content=\"image\/jpeg\" \/>\n<meta name=\"author\" content=\"Christian M\u00f6sbauer\" \/>\n<meta name=\"twitter:card\" content=\"summary_large_image\" \/>\n<meta name=\"twitter:label1\" content=\"Written by\" \/>\n\t<meta name=\"twitter:data1\" content=\"Christian M\u00f6sbauer\" \/>\n\t<meta name=\"twitter:label2\" content=\"Est. reading time\" \/>\n\t<meta name=\"twitter:data2\" content=\"3 minutes\" \/>\n<script type=\"application\/ld+json\" class=\"yoast-schema-graph\">{\"@context\":\"https:\\\/\\\/schema.org\",\"@graph\":[{\"@type\":\"Article\",\"@id\":\"https:\\\/\\\/wimex-group.com\\\/en\\\/maislabyrinth-mit-friedenstaube-oeffnet-am-15-juli-seine-pforten\\\/#article\",\"isPartOf\":{\"@id\":\"https:\\\/\\\/wimex-group.com\\\/en\\\/maislabyrinth-mit-friedenstaube-oeffnet-am-15-juli-seine-pforten\\\/\"},\"author\":{\"name\":\"Christian M\u00f6sbauer\",\"@id\":\"https:\\\/\\\/wimex-group.com\\\/en\\\/#\\\/schema\\\/person\\\/a40389b6c8655911f422d861623474cb\"},\"headline\":\"Maislabyrinth mit Friedenstaube \u00f6ffnet am 15. Juli seine Pforten\",\"datePublished\":\"2022-07-14T07:03:00+00:00\",\"dateModified\":\"2022-08-18T07:04:10+00:00\",\"mainEntityOfPage\":{\"@id\":\"https:\\\/\\\/wimex-group.com\\\/en\\\/maislabyrinth-mit-friedenstaube-oeffnet-am-15-juli-seine-pforten\\\/\"},\"wordCount\":815,\"commentCount\":0,\"image\":{\"@id\":\"https:\\\/\\\/wimex-group.com\\\/en\\\/maislabyrinth-mit-friedenstaube-oeffnet-am-15-juli-seine-pforten\\\/#primaryimage\"},\"thumbnailUrl\":\"https:\\\/\\\/wimex-group.com\\\/wp-content\\\/uploads\\\/2022\\\/08\\\/Maislabyrinth_Halle_2022_web.jpg\",\"articleSection\":[\"News Startseite\",\"PRESSEMITTEILUNG\"],\"inLanguage\":\"en-US\",\"potentialAction\":[{\"@type\":\"CommentAction\",\"name\":\"Comment\",\"target\":[\"https:\\\/\\\/wimex-group.com\\\/en\\\/maislabyrinth-mit-friedenstaube-oeffnet-am-15-juli-seine-pforten\\\/#respond\"]}]},{\"@type\":\"WebPage\",\"@id\":\"https:\\\/\\\/wimex-group.com\\\/en\\\/maislabyrinth-mit-friedenstaube-oeffnet-am-15-juli-seine-pforten\\\/\",\"url\":\"https:\\\/\\\/wimex-group.com\\\/en\\\/maislabyrinth-mit-friedenstaube-oeffnet-am-15-juli-seine-pforten\\\/\",\"name\":\"Maislabyrinth mit Friedenstaube \u00f6ffnet am 15. Juli seine Pforten - wimex-group\",\"isPartOf\":{\"@id\":\"https:\\\/\\\/wimex-group.com\\\/en\\\/#website\"},\"primaryImageOfPage\":{\"@id\":\"https:\\\/\\\/wimex-group.com\\\/en\\\/maislabyrinth-mit-friedenstaube-oeffnet-am-15-juli-seine-pforten\\\/#primaryimage\"},\"image\":{\"@id\":\"https:\\\/\\\/wimex-group.com\\\/en\\\/maislabyrinth-mit-friedenstaube-oeffnet-am-15-juli-seine-pforten\\\/#primaryimage\"},\"thumbnailUrl\":\"https:\\\/\\\/wimex-group.com\\\/wp-content\\\/uploads\\\/2022\\\/08\\\/Maislabyrinth_Halle_2022_web.jpg\",\"datePublished\":\"2022-07-14T07:03:00+00:00\",\"dateModified\":\"2022-08-18T07:04:10+00:00\",\"author\":{\"@id\":\"https:\\\/\\\/wimex-group.com\\\/en\\\/#\\\/schema\\\/person\\\/a40389b6c8655911f422d861623474cb\"},\"breadcrumb\":{\"@id\":\"https:\\\/\\\/wimex-group.com\\\/en\\\/maislabyrinth-mit-friedenstaube-oeffnet-am-15-juli-seine-pforten\\\/#breadcrumb\"},\"inLanguage\":\"en-US\",\"potentialAction\":[{\"@type\":\"ReadAction\",\"target\":[\"https:\\\/\\\/wimex-group.com\\\/en\\\/maislabyrinth-mit-friedenstaube-oeffnet-am-15-juli-seine-pforten\\\/\"]}]},{\"@type\":\"ImageObject\",\"inLanguage\":\"en-US\",\"@id\":\"https:\\\/\\\/wimex-group.com\\\/en\\\/maislabyrinth-mit-friedenstaube-oeffnet-am-15-juli-seine-pforten\\\/#primaryimage\",\"url\":\"https:\\\/\\\/wimex-group.com\\\/wp-content\\\/uploads\\\/2022\\\/08\\\/Maislabyrinth_Halle_2022_web.jpg\",\"contentUrl\":\"https:\\\/\\\/wimex-group.com\\\/wp-content\\\/uploads\\\/2022\\\/08\\\/Maislabyrinth_Halle_2022_web.jpg\",\"width\":1200,\"height\":900,\"caption\":\"default\"},{\"@type\":\"BreadcrumbList\",\"@id\":\"https:\\\/\\\/wimex-group.com\\\/en\\\/maislabyrinth-mit-friedenstaube-oeffnet-am-15-juli-seine-pforten\\\/#breadcrumb\",\"itemListElement\":[{\"@type\":\"ListItem\",\"position\":1,\"name\":\"Startseite\",\"item\":\"https:\\\/\\\/wimex-group.com\\\/en\\\/\"},{\"@type\":\"ListItem\",\"position\":2,\"name\":\"Maislabyrinth mit Friedenstaube \u00f6ffnet am 15. Juli seine Pforten\"}]},{\"@type\":\"WebSite\",\"@id\":\"https:\\\/\\\/wimex-group.com\\\/en\\\/#website\",\"url\":\"https:\\\/\\\/wimex-group.com\\\/en\\\/\",\"name\":\"wimex-group\",\"description\":\"Wimex Group\",\"potentialAction\":[{\"@type\":\"SearchAction\",\"target\":{\"@type\":\"EntryPoint\",\"urlTemplate\":\"https:\\\/\\\/wimex-group.com\\\/en\\\/?s={search_term_string}\"},\"query-input\":{\"@type\":\"PropertyValueSpecification\",\"valueRequired\":true,\"valueName\":\"search_term_string\"}}],\"inLanguage\":\"en-US\"},{\"@type\":\"Person\",\"@id\":\"https:\\\/\\\/wimex-group.com\\\/en\\\/#\\\/schema\\\/person\\\/a40389b6c8655911f422d861623474cb\",\"name\":\"Christian M\u00f6sbauer\",\"image\":{\"@type\":\"ImageObject\",\"inLanguage\":\"en-US\",\"@id\":\"https:\\\/\\\/secure.gravatar.com\\\/avatar\\\/06875c1b4a92386eb292687c3b8d5bc5ccc1556d275ae04eb27236e2a8d3d9d5?s=96&d=mm&r=g\",\"url\":\"https:\\\/\\\/secure.gravatar.com\\\/avatar\\\/06875c1b4a92386eb292687c3b8d5bc5ccc1556d275ae04eb27236e2a8d3d9d5?s=96&d=mm&r=g\",\"contentUrl\":\"https:\\\/\\\/secure.gravatar.com\\\/avatar\\\/06875c1b4a92386eb292687c3b8d5bc5ccc1556d275ae04eb27236e2a8d3d9d5?s=96&d=mm&r=g\",\"caption\":\"Christian M\u00f6sbauer\"},\"url\":\"https:\\\/\\\/wimex-group.com\\\/en\\\/author\\\/cmoesbauer\\\/\"}]}<\/script>\n<!-- \/ Yoast SEO plugin. -->","yoast_head_json":{"title":"Maislabyrinth mit Friedenstaube \u00f6ffnet am 15. Juli seine Pforten - wimex-group","robots":{"index":"index","follow":"follow","max-snippet":"max-snippet:-1","max-image-preview":"max-image-preview:large","max-video-preview":"max-video-preview:-1"},"canonical":"https:\/\/wimex-group.com\/en\/maislabyrinth-mit-friedenstaube-oeffnet-am-15-juli-seine-pforten\/","og_locale":"en_US","og_type":"article","og_title":"Maislabyrinth mit Friedenstaube \u00f6ffnet am 15. Juli seine Pforten - wimex-group","og_description":"Ausflugsziel direkt am Petersberg \u2013 Gewinn geht an UNICEF f\u00fcr Kinder in der Ukraine PETERSBERG\/HALLE. Bereits etwas fr\u00fcher als im Vorjahr beginnt am 15. Juli die Maislabyrinth-Saison in Petersberg bei Halle. Ab diesem Freitag lockt das von der Wimex Gruppe auf 35.000 Quadratmetern errichtete Ausflugsziel Familien und Menschen jeden Alters, um unbeschwerte und zugleich spannende [&hellip;]","og_url":"https:\/\/wimex-group.com\/en\/maislabyrinth-mit-friedenstaube-oeffnet-am-15-juli-seine-pforten\/","og_site_name":"wimex-group","article_published_time":"2022-07-14T07:03:00+00:00","article_modified_time":"2022-08-18T07:04:10+00:00","og_image":[{"width":1200,"height":900,"url":"https:\/\/wimex-group.com\/wp-content\/uploads\/2022\/08\/Maislabyrinth_Halle_2022_web.jpg","type":"image\/jpeg"}],"author":"Christian M\u00f6sbauer","twitter_card":"summary_large_image","twitter_misc":{"Written by":"Christian M\u00f6sbauer","Est. reading time":"3 minutes"},"schema":{"@context":"https:\/\/schema.org","@graph":[{"@type":"Article","@id":"https:\/\/wimex-group.com\/en\/maislabyrinth-mit-friedenstaube-oeffnet-am-15-juli-seine-pforten\/#article","isPartOf":{"@id":"https:\/\/wimex-group.com\/en\/maislabyrinth-mit-friedenstaube-oeffnet-am-15-juli-seine-pforten\/"},"author":{"name":"Christian M\u00f6sbauer","@id":"https:\/\/wimex-group.com\/en\/#\/schema\/person\/a40389b6c8655911f422d861623474cb"},"headline":"Maislabyrinth mit Friedenstaube \u00f6ffnet am 15. Juli seine Pforten","datePublished":"2022-07-14T07:03:00+00:00","dateModified":"2022-08-18T07:04:10+00:00","mainEntityOfPage":{"@id":"https:\/\/wimex-group.com\/en\/maislabyrinth-mit-friedenstaube-oeffnet-am-15-juli-seine-pforten\/"},"wordCount":815,"commentCount":0,"image":{"@id":"https:\/\/wimex-group.com\/en\/maislabyrinth-mit-friedenstaube-oeffnet-am-15-juli-seine-pforten\/#primaryimage"},"thumbnailUrl":"https:\/\/wimex-group.com\/wp-content\/uploads\/2022\/08\/Maislabyrinth_Halle_2022_web.jpg","articleSection":["News Startseite","PRESSEMITTEILUNG"],"inLanguage":"en-US","potentialAction":[{"@type":"CommentAction","name":"Comment","target":["https:\/\/wimex-group.com\/en\/maislabyrinth-mit-friedenstaube-oeffnet-am-15-juli-seine-pforten\/#respond"]}]},{"@type":"WebPage","@id":"https:\/\/wimex-group.com\/en\/maislabyrinth-mit-friedenstaube-oeffnet-am-15-juli-seine-pforten\/","url":"https:\/\/wimex-group.com\/en\/maislabyrinth-mit-friedenstaube-oeffnet-am-15-juli-seine-pforten\/","name":"Maislabyrinth mit Friedenstaube \u00f6ffnet am 15. Juli seine Pforten - wimex-group","isPartOf":{"@id":"https:\/\/wimex-group.com\/en\/#website"},"primaryImageOfPage":{"@id":"https:\/\/wimex-group.com\/en\/maislabyrinth-mit-friedenstaube-oeffnet-am-15-juli-seine-pforten\/#primaryimage"},"image":{"@id":"https:\/\/wimex-group.com\/en\/maislabyrinth-mit-friedenstaube-oeffnet-am-15-juli-seine-pforten\/#primaryimage"},"thumbnailUrl":"https:\/\/wimex-group.com\/wp-content\/uploads\/2022\/08\/Maislabyrinth_Halle_2022_web.jpg","datePublished":"2022-07-14T07:03:00+00:00","dateModified":"2022-08-18T07:04:10+00:00","author":{"@id":"https:\/\/wimex-group.com\/en\/#\/schema\/person\/a40389b6c8655911f422d861623474cb"},"breadcrumb":{"@id":"https:\/\/wimex-group.com\/en\/maislabyrinth-mit-friedenstaube-oeffnet-am-15-juli-seine-pforten\/#breadcrumb"},"inLanguage":"en-US","potentialAction":[{"@type":"ReadAction","target":["https:\/\/wimex-group.com\/en\/maislabyrinth-mit-friedenstaube-oeffnet-am-15-juli-seine-pforten\/"]}]},{"@type":"ImageObject","inLanguage":"en-US","@id":"https:\/\/wimex-group.com\/en\/maislabyrinth-mit-friedenstaube-oeffnet-am-15-juli-seine-pforten\/#primaryimage","url":"https:\/\/wimex-group.com\/wp-content\/uploads\/2022\/08\/Maislabyrinth_Halle_2022_web.jpg","contentUrl":"https:\/\/wimex-group.com\/wp-content\/uploads\/2022\/08\/Maislabyrinth_Halle_2022_web.jpg","width":1200,"height":900,"caption":"default"},{"@type":"BreadcrumbList","@id":"https:\/\/wimex-group.com\/en\/maislabyrinth-mit-friedenstaube-oeffnet-am-15-juli-seine-pforten\/#breadcrumb","itemListElement":[{"@type":"ListItem","position":1,"name":"Startseite","item":"https:\/\/wimex-group.com\/en\/"},{"@type":"ListItem","position":2,"name":"Maislabyrinth mit Friedenstaube \u00f6ffnet am 15. Juli seine Pforten"}]},{"@type":"WebSite","@id":"https:\/\/wimex-group.com\/en\/#website","url":"https:\/\/wimex-group.com\/en\/","name":"wimex-group","description":"Wimex Group","potentialAction":[{"@type":"SearchAction","target":{"@type":"EntryPoint","urlTemplate":"https:\/\/wimex-group.com\/en\/?s={search_term_string}"},"query-input":{"@type":"PropertyValueSpecification","valueRequired":true,"valueName":"search_term_string"}}],"inLanguage":"en-US"},{"@type":"Person","@id":"https:\/\/wimex-group.com\/en\/#\/schema\/person\/a40389b6c8655911f422d861623474cb","name":"Christian M\u00f6sbauer","image":{"@type":"ImageObject","inLanguage":"en-US","@id":"https:\/\/secure.gravatar.com\/avatar\/06875c1b4a92386eb292687c3b8d5bc5ccc1556d275ae04eb27236e2a8d3d9d5?s=96&d=mm&r=g","url":"https:\/\/secure.gravatar.com\/avatar\/06875c1b4a92386eb292687c3b8d5bc5ccc1556d275ae04eb27236e2a8d3d9d5?s=96&d=mm&r=g","contentUrl":"https:\/\/secure.gravatar.com\/avatar\/06875c1b4a92386eb292687c3b8d5bc5ccc1556d275ae04eb27236e2a8d3d9d5?s=96&d=mm&r=g","caption":"Christian M\u00f6sbauer"},"url":"https:\/\/wimex-group.com\/en\/author\/cmoesbauer\/"}]}},"_links":{"self":[{"href":"https:\/\/wimex-group.com\/en\/wp-json\/wp\/v2\/posts\/3177","targetHints":{"allow":["GET"]}}],"collection":[{"href":"https:\/\/wimex-group.com\/en\/wp-json\/wp\/v2\/posts"}],"about":[{"href":"https:\/\/wimex-group.com\/en\/wp-json\/wp\/v2\/types\/post"}],"author":[{"embeddable":true,"href":"https:\/\/wimex-group.com\/en\/wp-json\/wp\/v2\/users\/4"}],"replies":[{"embeddable":true,"href":"https:\/\/wimex-group.com\/en\/wp-json\/wp\/v2\/comments?post=3177"}],"version-history":[{"count":3,"href":"https:\/\/wimex-group.com\/en\/wp-json\/wp\/v2\/posts\/3177\/revisions"}],"predecessor-version":[{"id":3186,"href":"https:\/\/wimex-group.com\/en\/wp-json\/wp\/v2\/posts\/3177\/revisions\/3186"}],"wp:featuredmedia":[{"embeddable":true,"href":"https:\/\/wimex-group.com\/en\/wp-json\/wp\/v2\/media\/3182"}],"wp:attachment":[{"href":"https:\/\/wimex-group.com\/en\/wp-json\/wp\/v2\/media?parent=3177"}],"wp:term":[{"taxonomy":"category","embeddable":true,"href":"https:\/\/wimex-group.com\/en\/wp-json\/wp\/v2\/categories?post=3177"},{"taxonomy":"post_tag","embeddable":true,"href":"https:\/\/wimex-group.com\/en\/wp-json\/wp\/v2\/tags?post=3177"}],"curies":[{"name":"wp","href":"https:\/\/api.w.org\/{rel}","templated":true}]}}