{"id":3397,"date":"2023-05-08T15:36:53","date_gmt":"2023-05-08T13:36:53","guid":{"rendered":"https:\/\/www.wimex-group.com\/?p=3397"},"modified":"2023-05-08T15:42:35","modified_gmt":"2023-05-08T13:42:35","slug":"nachhaltigkeit-im-hightech-glashaus","status":"publish","type":"post","link":"https:\/\/wimex-group.com\/en\/nachhaltigkeit-im-hightech-glashaus\/","title":{"rendered":"Nachhaltigkeit im Hightech-Glashaus"},"content":{"rendered":"<p>[et_pb_section fb_built=&#8221;1&#8243; _builder_version=&#8221;4.16&#8243; background_image=&#8221;https:\/\/wimex-group.com\/wp-content\/uploads\/2020\/12\/WMX_Intro_Slider_1.jpg&#8221; min_height=&#8221;350px&#8221; min_height_tablet=&#8221;&#8221; min_height_phone=&#8221;250px&#8221; min_height_last_edited=&#8221;on|phone&#8221; max_height=&#8221;350px&#8221; global_colors_info=&#8221;{}&#8221;][\/et_pb_section][et_pb_section fb_built=&#8221;1&#8243; _builder_version=&#8221;4.16&#8243; global_colors_info=&#8221;{}&#8221;][et_pb_row _builder_version=&#8221;4.16&#8243; background_size=&#8221;initial&#8221; background_position=&#8221;top_left&#8221; background_repeat=&#8221;repeat&#8221; global_colors_info=&#8221;{}&#8221;][et_pb_column type=&#8221;4_4&#8243; _builder_version=&#8221;4.16&#8243; custom_padding=&#8221;|||&#8221; global_colors_info=&#8221;{}&#8221; custom_padding__hover=&#8221;|||&#8221;][et_pb_text _builder_version=&#8221;4.16&#8243; _dynamic_attributes=&#8221;content&#8221; text_font_size=&#8221;4em&#8221; text_line_height=&#8221;1.4em&#8221; text_orientation=&#8221;center&#8221; custom_margin=&#8221;|15%||15%|false|true&#8221; custom_margin_tablet=&#8221;|2%||2%|false|true&#8221; custom_margin_phone=&#8221;|0%||0%|false|true&#8221; custom_margin_last_edited=&#8221;on|phone&#8221; text_font_size_tablet=&#8221;3.6em&#8221; text_font_size_phone=&#8221;2.5em&#8221; text_font_size_last_edited=&#8221;on|tablet&#8221; global_colors_info=&#8221;{}&#8221;]@ET-DC@eyJkeW5hbWljIjp0cnVlLCJjb250ZW50IjoicG9zdF90aXRsZSIsInNldHRpbmdzIjp7ImJlZm9yZSI6IiIsImFmdGVyIjoiIn19@[\/et_pb_text][et_pb_text content_last_edited=&#8221;off|tablet&#8221; _builder_version=&#8221;4.16&#8243; _dynamic_attributes=&#8221;content&#8221; text_font=&#8221;Arial||||||||&#8221; text_text_color=&#8221;#0781ce&#8221; text_font_size=&#8221;1.5em&#8221; text_line_height=&#8221;1.4em&#8221; text_orientation=&#8221;center&#8221; text_font_size_tablet=&#8221;1.25em&#8221; text_font_size_phone=&#8221;1.25em&#8221; text_font_size_last_edited=&#8221;on|tablet&#8221; global_colors_info=&#8221;{}&#8221; content__hover_enabled=&#8221;off|desktop&#8221;]@ET-DC@eyJkeW5hbWljIjp0cnVlLCJjb250ZW50IjoicG9zdF9kYXRlIiwic2V0dGluZ3MiOnsiYmVmb3JlIjoiIiwiYWZ0ZXIiOiIiLCJkYXRlX2Zvcm1hdCI6ImRlZmF1bHQiLCJjdXN0b21fZGF0ZV9mb3JtYXQiOiIifX0=@[\/et_pb_text][\/et_pb_column][\/et_pb_row][et_pb_row _builder_version=&#8221;4.20.2&#8243; _module_preset=&#8221;default&#8221; global_colors_info=&#8221;{}&#8221;][et_pb_column type=&#8221;4_4&#8243; _builder_version=&#8221;4.20.2&#8243; _module_preset=&#8221;default&#8221; global_colors_info=&#8221;{}&#8221;][et_pb_blurb image=&#8221;https:\/\/wimex-group.com\/wp-content\/uploads\/2023\/05\/052023_Landtagspraesident_Gewaechshaus-768&#215;1024.jpeg&#8221; _builder_version=&#8221;4.20.2&#8243; _module_preset=&#8221;default&#8221; hover_enabled=&#8221;0&#8243; global_colors_info=&#8221;{}&#8221; title_text=&#8221;052023_Landtagspr\u00e4sident_Gew\u00e4chshaus&#8221; sticky_enabled=&#8221;0&#8243;]<\/p>\n<p>Beim Rundgang durch das B\u00f6rdegarten-Gew\u00e4chshaus in Osterweddingen bei Magdeburg (von li.nach re.): Michael Tepfer (Leiter Strategische Unternehmensentwicklung bei der Wimex Gruppe), Landtagspr\u00e4sident Dr. Gunnar Schellenberger und Jos Houwen (Betriebsleiter Gew\u00e4chshaus)<\/p>\n<p>[\/et_pb_blurb][\/et_pb_column][\/et_pb_row][et_pb_row _builder_version=&#8221;4.16&#8243; background_size=&#8221;initial&#8221; background_position=&#8221;top_left&#8221; background_repeat=&#8221;repeat&#8221; module_alignment=&#8221;center&#8221; custom_margin=&#8221;|-1px||411px||&#8221; global_colors_info=&#8221;{}&#8221;][et_pb_column type=&#8221;4_4&#8243; _builder_version=&#8221;4.16&#8243; custom_padding=&#8221;|||&#8221; global_colors_info=&#8221;{}&#8221; custom_padding__hover=&#8221;|||&#8221;][et_pb_text _builder_version=&#8221;4.20.2&#8243; text_font_size=&#8221;1.5em&#8221; custom_margin=&#8221;|15%||15%|false|true&#8221; custom_margin_tablet=&#8221;|5%||5%|false|true&#8221; custom_margin_phone=&#8221;|2%||2%|false|true&#8221; custom_margin_last_edited=&#8221;on|tablet&#8221; custom_padding=&#8221;||0px|||&#8221; text_font_size_tablet=&#8221;&#8221; text_font_size_phone=&#8221;1.3em&#8221; text_font_size_last_edited=&#8221;on|desktop&#8221; global_colors_info=&#8221;{}&#8221;]<\/p>\n<p><em>Landtagspr\u00e4sident Dr. Gunnar Schellenberger besucht Gew\u00e4chshaus bei Magdeburg \u2013 B\u00f6rdegarten optimiert hier ressourcenschonenden Anbau von Gem\u00fcse und Biokr\u00e4utern<\/em><\/p>\n<p>OSTERWEDDINGEN. Was die mit Hightech gesteuerte, nachhaltige Produktion in einer der gr\u00f6\u00dften Gew\u00e4chshausanlagen Europas leisten kann, davon hat sich Dr. Gunnar Schellenberger, Pr\u00e4sident des Landtags Sachsen-Anhalt, jetzt mit eigenen Augen \u00fcberzeugt. Er war einer Einladung der Wimex Gruppe gefolgt, die in dem hochmodernen Glashaus in Osterweddingen bei Magdeburg Gem\u00fcse und Biokr\u00e4uter produziert und unter dem Namen B\u00f6rdegarten in die Gesch\u00e4fte des regionalen Einzelhandels bringt. Michael Tepfer, Leiter Strategische Unternehmensentwicklung bei der Wimex Gruppe, und Betriebsleiter Jos Houwen informierten die Besucher bei einem Rundgang \u00fcber die hocheffiziente und ressourcenschonende Erzeugung von Gem\u00fcse und Biokr\u00e4utern sowie \u00fcber die aktuelle Nachhaltigkeitsstrategie des Unternehmens. Besonders beeindruckt zeigte sich Landtagspr\u00e4sident Dr. Gunnar Schellenberger davon, dass das Gew\u00e4chshaus vom direkten Nachbarn Abw\u00e4rme und Dachfl\u00e4chenwasser bezieht \u2013 und so wertvolles Trinkwasser und Energie spart.<\/p>\n<p>Aktuell bietet das Gew\u00e4chshaus vor den Toren Magdeburgs auf einer Fl\u00e4che von rund 63.000 Quadratmetern (die Gr\u00f6\u00dfe von neun Fu\u00dfballfeldern), optimale Bedingungen f\u00fcr die nachhaltige Produktion von Gem\u00fcse \u2013 und dazu von j\u00e4hrlich rund 3,3 Millionen T\u00f6pfen Biokr\u00e4utern wie Petersilie, Basilikum, Schnittlauch, Rosmarin, Dill und Minze. Beispielhaft f\u00fcr den ressourcenschonenden Anbau sind die t\u00e4glich bis zu 50.000 St\u00fcck in Osterweddingen geernteten klimapositiven Schlangengurken. Sie binden bei ihrem Wachstum mehr CO<sub>2<\/sub>, als durch ihren Anbau entsteht. Damit erspart die Gurkenproduktion von B\u00f6rdegarten der Umwelt j\u00e4hrlich rund 919 Tonnen des klimasch\u00e4dlichen Treibhausgases. \u201eM\u00f6glich machen das unter anderem hochmoderne Sensoren im Glashaus. Sie steuern vollautomatisch Temperatur, Wasserversorgung, Beschattung und Frischluftzuf\u00fchrung. Auch die wichtigen Pflanzenn\u00e4hrstoffe werden genau abgestimmt und auf Kultur und Vegetationsstand dosiert\u201c, erl\u00e4uterte Michael Tepfer. Jede Schlangengurke, die in Osterweddingen unter Hightech-Bedingungen geerntet werde, ben\u00f6tige etwa 4,5 Liter Wasser zum Wachsen. Beim Anbau im Freiland oder in weniger professionellen Glash\u00e4usern w\u00e4re nahezu die dreifache Menge Wasser notwendig \u2013 fast 10 Liter Wasser w\u00fcrden pro Gurke eingespart. \u201eDer Betrieb unseres B\u00f6rdegarten-Gew\u00e4chshauses ist damit ein \u00f6kologischer Meilenstein\u201c, sagte Michael Tepfer. \u201eDenn wenn wir auf kleinerem CO<sub>2<\/sub>-Fu\u00df leben, sind wir ein Vorbild \u2013 f\u00fcr unsere Kunden und f\u00fcr unsere Kinder.\u201c<\/p>\n<p><strong>So wird der Einsatz von Energie und Rohstoffen optimiert<\/strong><br \/>Nicht nur die Pflege und Hege der Pflanzen wird im Osterweddinger Glashaus immer weiter optimiert, sondern auch der Energie- und Rohstoffeinsatz f\u00fcr das gesamte Geb\u00e4ude. \u201eKlimaneutrale Abw\u00e4rme aus dem Produktionsprozess unseres Nachbarn f\/glass beheizt das Gew\u00e4chshaus in der \u00dcbergangs- und Winterzeit \u2013 und verl\u00e4ngert damit die Saison f\u00fcr die dort angebauten Kulturen\u201c, erl\u00e4uterte Betriebsleiter Jos Houwen. \u201eDas Kohlendioxid, das unsere Pflanzen zum Wachsen brauchen und mit dem sie im Zuge der Photosynthese Biomasse aufbauen, leiten wir gezielt als ausgewaschenes CO<sub>2<\/sub> aus Industrieprozessen in das Gew\u00e4chshaus ein.\u201c Damit \u00e4ndere sich die Luftzusammensetzung im Geb\u00e4ude leicht im Vergleich zur Au\u00dfenluft, der CO<sub>2<\/sub>-Gehalt erh\u00f6he sich von rund 0,04 auf ungef\u00e4hr 0,06 Volumen-Prozent. \u201eUnd auch das Wasser f\u00fcr die Bew\u00e4sserung stammt zum \u00fcberwiegenden Teil aus nachhaltigen Quellen\u201c, betonte Michael Tepfer. \u201eDen Niederschlag auf dem gesamten Areal fangen wir auf und ziehen ihn f\u00fcr die Versorgung der Pflanzen heran; zus\u00e4tzlich wird Niederschlagswasser von den Dachfl\u00e4chen des benachbarten Unternehmens f\/glass genutzt, so konnten wir rund 20 Millionen Liter Trinkwasser aus dem \u00f6ffentlichen Netz ersetzen. Die Dachfl\u00e4chenwasser\u00fcberleitung von amazon, einem weiteren Nachbarbetrieb, ist gerade in Planung.\u201c<br \/>\u201eHier findet echte regionale Innovation statt \u2013 und das direkt vor den Toren der Landeshauptstadt\u201c, res\u00fcmierte Landtagspr\u00e4sident Dr. Gunnar Schellenberger anschlie\u00dfend. \u201eUnd ein paar gr\u00fcne Tipps f\u00fcr mein Gew\u00e4chshaus daheim nehme ich auch gern mit. Mal sehen, wie sich das dann auf meine Gurkenernte auswirkt.\u201c<\/p>\n<p>[\/et_pb_text][\/et_pb_column][\/et_pb_row][\/et_pb_section]<\/p>\n","protected":false},"excerpt":{"rendered":"<p>Beim Rundgang durch das B\u00f6rdegarten-Gew\u00e4chshaus in Osterweddingen bei Magdeburg (von li.nach re.): Michael Tepfer (Leiter Strategische Unternehmensentwicklung bei der Wimex Gruppe), Landtagspr\u00e4sident Dr. Gunnar Schellenberger und Jos Houwen (Betriebsleiter Gew\u00e4chshaus)Landtagspr\u00e4sident Dr. Gunnar Schellenberger besucht Gew\u00e4chshaus bei Magdeburg \u2013 B\u00f6rdegarten optimiert hier ressourcenschonenden Anbau von Gem\u00fcse und Biokr\u00e4utern OSTERWEDDINGEN. Was die mit Hightech gesteuerte, nachhaltige Produktion [&hellip;]<\/p>\n","protected":false},"author":9,"featured_media":3398,"comment_status":"open","ping_status":"open","sticky":false,"template":"","format":"standard","meta":{"_et_pb_use_builder":"on","_et_pb_old_content":"<!-- wp:paragraph -->\n<p>Dank einer Anfrage zweier Hobbysprayer wird das unser altes BALM-Lager in Rosefeld zum Objekt regelm\u00e4\u00dfiger Graffiti-Projekte. Bei dem Graffiti-Duo mit dem K\u00fcnstlernamen DRMLZ handelt es sich um die geb\u00fcrtigen Dessauer Stefan Schneider (42) und Stefan Berndt (36). Die beiden Freunde leben und arbeiten als Senior Designer in Berlin \u2026<\/p>\n<!-- \/wp:paragraph -->\n\n<!-- wp:paragraph -->\n<p>Natate peris vitatem vel idis eseruptum ea acerro mint enihicatist lab ium faccust, cus ex eliquos vid quatqui dolorist iderepu disciaes mod qui dolum quam, que dollest, quam, ut aut aut quidellabor apeliquat.<br>Ictemquam imporep udandissi sum suntem cuptae solliquae peliate cabores erumet il idi temporest, od es voluptis volent omnihiliqui optatent utem nonsequid ut quis reptumque pla doloris vellate mporempostis volest mo ipsam, sim dolore, tetur, simust, sit porae aut quunt quunte non re sim el is alis dentinverias eumque volupta tustis dist, natus dolorite cuptatem exernatur secti asperep udigenimus audit reped quam eiciis quo des qui volectem demperci officia intinvendus aspere idis mo eius de quae pos esequam, ipis doluptatios quuntiis que nis iur, simporrovita cum rese volupta quamus.<br>Iquam arioriost quo quo dolupti odi dolupit re voluptistis volorae sus pro veliquatur a plitat.<\/p>\n<!-- \/wp:paragraph -->\n\n<!-- wp:paragraph -->\n<p>Raturi nectorectis raectum incia con commoluptat offictur?<br>Dae sit officidem nobis aut adit aut maximinctus dissed que core peditatur maximil isinis ante vereptatur, sites que porerum que ma con eos quam renda nienis et lantiusciet vendebit exernatur? Qui nonsequiaes nemos eum id molore lacerch icidem re, consecuptur ma aut pe dolorem poreseq uatemolorat ipidi si bera nis vitionse occatus serum fuga. Namenimust volupta tenime lantur, non nonse quiam rerum hit, sumquam enem cus, sanditiur? Quist autem volor andi dolecto remporum eum am quo moluptat dendam, nemporem rat quidem vendi occulpa nonserum accatio odis il ipiciusam consenem quia et escid que idebit, ut aspidel ibeaquam et.<\/p>\n<!-- \/wp:paragraph -->","_et_gb_content_width":"2880","footnotes":""},"categories":[11,12],"tags":[],"class_list":["post-3397","post","type-post","status-publish","format-standard","has-post-thumbnail","hentry","category-news-startseite","category-pressemitteilung"],"yoast_head":"<!-- This site is optimized with the Yoast SEO plugin v27.3 - https:\/\/yoast.com\/product\/yoast-seo-wordpress\/ -->\n<title>Nachhaltigkeit im Hightech-Glashaus - wimex-group<\/title>\n<meta name=\"robots\" content=\"index, follow, max-snippet:-1, max-image-preview:large, max-video-preview:-1\" \/>\n<link rel=\"canonical\" href=\"https:\/\/wimex-group.com\/en\/nachhaltigkeit-im-hightech-glashaus\/\" \/>\n<meta property=\"og:locale\" content=\"en_US\" \/>\n<meta property=\"og:type\" content=\"article\" \/>\n<meta property=\"og:title\" content=\"Nachhaltigkeit im Hightech-Glashaus - wimex-group\" \/>\n<meta property=\"og:description\" content=\"Beim Rundgang durch das B\u00f6rdegarten-Gew\u00e4chshaus in Osterweddingen bei Magdeburg (von li.nach re.): Michael Tepfer (Leiter Strategische Unternehmensentwicklung bei der Wimex Gruppe), Landtagspr\u00e4sident Dr. Gunnar Schellenberger und Jos Houwen (Betriebsleiter Gew\u00e4chshaus)Landtagspr\u00e4sident Dr. Gunnar Schellenberger besucht Gew\u00e4chshaus bei Magdeburg \u2013 B\u00f6rdegarten optimiert hier ressourcenschonenden Anbau von Gem\u00fcse und Biokr\u00e4utern OSTERWEDDINGEN. Was die mit Hightech gesteuerte, nachhaltige Produktion [&hellip;]\" \/>\n<meta property=\"og:url\" content=\"https:\/\/wimex-group.com\/en\/nachhaltigkeit-im-hightech-glashaus\/\" \/>\n<meta property=\"og:site_name\" content=\"wimex-group\" \/>\n<meta property=\"article:published_time\" content=\"2023-05-08T13:36:53+00:00\" \/>\n<meta property=\"article:modified_time\" content=\"2023-05-08T13:42:35+00:00\" \/>\n<meta property=\"og:image\" content=\"https:\/\/wimex-group.com\/wp-content\/uploads\/2023\/05\/052023_Landtagspraesident_Gewaechshaus-scaled.jpeg\" \/>\n\t<meta property=\"og:image:width\" content=\"1920\" \/>\n\t<meta property=\"og:image:height\" content=\"2560\" \/>\n\t<meta property=\"og:image:type\" content=\"image\/jpeg\" \/>\n<meta name=\"author\" content=\"Carolin Zeitler\" \/>\n<meta name=\"twitter:card\" content=\"summary_large_image\" \/>\n<meta name=\"twitter:label1\" content=\"Written by\" \/>\n\t<meta name=\"twitter:data1\" content=\"Carolin Zeitler\" \/>\n\t<meta name=\"twitter:label2\" content=\"Est. reading time\" \/>\n\t<meta name=\"twitter:data2\" content=\"2 minutes\" \/>\n<script type=\"application\/ld+json\" class=\"yoast-schema-graph\">{\"@context\":\"https:\\\/\\\/schema.org\",\"@graph\":[{\"@type\":\"Article\",\"@id\":\"https:\\\/\\\/wimex-group.com\\\/en\\\/nachhaltigkeit-im-hightech-glashaus\\\/#article\",\"isPartOf\":{\"@id\":\"https:\\\/\\\/wimex-group.com\\\/en\\\/nachhaltigkeit-im-hightech-glashaus\\\/\"},\"author\":{\"name\":\"Carolin Zeitler\",\"@id\":\"https:\\\/\\\/wimex-group.com\\\/en\\\/#\\\/schema\\\/person\\\/021998babb56631d9e15d580909d2a98\"},\"headline\":\"Nachhaltigkeit im Hightech-Glashaus\",\"datePublished\":\"2023-05-08T13:36:53+00:00\",\"dateModified\":\"2023-05-08T13:42:35+00:00\",\"mainEntityOfPage\":{\"@id\":\"https:\\\/\\\/wimex-group.com\\\/en\\\/nachhaltigkeit-im-hightech-glashaus\\\/\"},\"wordCount\":1080,\"commentCount\":0,\"image\":{\"@id\":\"https:\\\/\\\/wimex-group.com\\\/en\\\/nachhaltigkeit-im-hightech-glashaus\\\/#primaryimage\"},\"thumbnailUrl\":\"https:\\\/\\\/wimex-group.com\\\/wp-content\\\/uploads\\\/2023\\\/05\\\/052023_Landtagspraesident_Gewaechshaus-scaled.jpeg\",\"articleSection\":[\"News Startseite\",\"PRESSEMITTEILUNG\"],\"inLanguage\":\"en-US\",\"potentialAction\":[{\"@type\":\"CommentAction\",\"name\":\"Comment\",\"target\":[\"https:\\\/\\\/wimex-group.com\\\/en\\\/nachhaltigkeit-im-hightech-glashaus\\\/#respond\"]}]},{\"@type\":\"WebPage\",\"@id\":\"https:\\\/\\\/wimex-group.com\\\/en\\\/nachhaltigkeit-im-hightech-glashaus\\\/\",\"url\":\"https:\\\/\\\/wimex-group.com\\\/en\\\/nachhaltigkeit-im-hightech-glashaus\\\/\",\"name\":\"Nachhaltigkeit im Hightech-Glashaus - wimex-group\",\"isPartOf\":{\"@id\":\"https:\\\/\\\/wimex-group.com\\\/en\\\/#website\"},\"primaryImageOfPage\":{\"@id\":\"https:\\\/\\\/wimex-group.com\\\/en\\\/nachhaltigkeit-im-hightech-glashaus\\\/#primaryimage\"},\"image\":{\"@id\":\"https:\\\/\\\/wimex-group.com\\\/en\\\/nachhaltigkeit-im-hightech-glashaus\\\/#primaryimage\"},\"thumbnailUrl\":\"https:\\\/\\\/wimex-group.com\\\/wp-content\\\/uploads\\\/2023\\\/05\\\/052023_Landtagspraesident_Gewaechshaus-scaled.jpeg\",\"datePublished\":\"2023-05-08T13:36:53+00:00\",\"dateModified\":\"2023-05-08T13:42:35+00:00\",\"author\":{\"@id\":\"https:\\\/\\\/wimex-group.com\\\/en\\\/#\\\/schema\\\/person\\\/021998babb56631d9e15d580909d2a98\"},\"breadcrumb\":{\"@id\":\"https:\\\/\\\/wimex-group.com\\\/en\\\/nachhaltigkeit-im-hightech-glashaus\\\/#breadcrumb\"},\"inLanguage\":\"en-US\",\"potentialAction\":[{\"@type\":\"ReadAction\",\"target\":[\"https:\\\/\\\/wimex-group.com\\\/en\\\/nachhaltigkeit-im-hightech-glashaus\\\/\"]}]},{\"@type\":\"ImageObject\",\"inLanguage\":\"en-US\",\"@id\":\"https:\\\/\\\/wimex-group.com\\\/en\\\/nachhaltigkeit-im-hightech-glashaus\\\/#primaryimage\",\"url\":\"https:\\\/\\\/wimex-group.com\\\/wp-content\\\/uploads\\\/2023\\\/05\\\/052023_Landtagspraesident_Gewaechshaus-scaled.jpeg\",\"contentUrl\":\"https:\\\/\\\/wimex-group.com\\\/wp-content\\\/uploads\\\/2023\\\/05\\\/052023_Landtagspraesident_Gewaechshaus-scaled.jpeg\",\"width\":1920,\"height\":2560,\"caption\":\"Wimex_Gruppe_Landtagspr\u00e4sident_im_Gew\u00e4chshaus\"},{\"@type\":\"BreadcrumbList\",\"@id\":\"https:\\\/\\\/wimex-group.com\\\/en\\\/nachhaltigkeit-im-hightech-glashaus\\\/#breadcrumb\",\"itemListElement\":[{\"@type\":\"ListItem\",\"position\":1,\"name\":\"Startseite\",\"item\":\"https:\\\/\\\/wimex-group.com\\\/en\\\/\"},{\"@type\":\"ListItem\",\"position\":2,\"name\":\"Nachhaltigkeit im Hightech-Glashaus\"}]},{\"@type\":\"WebSite\",\"@id\":\"https:\\\/\\\/wimex-group.com\\\/en\\\/#website\",\"url\":\"https:\\\/\\\/wimex-group.com\\\/en\\\/\",\"name\":\"wimex-group\",\"description\":\"Wimex Group\",\"potentialAction\":[{\"@type\":\"SearchAction\",\"target\":{\"@type\":\"EntryPoint\",\"urlTemplate\":\"https:\\\/\\\/wimex-group.com\\\/en\\\/?s={search_term_string}\"},\"query-input\":{\"@type\":\"PropertyValueSpecification\",\"valueRequired\":true,\"valueName\":\"search_term_string\"}}],\"inLanguage\":\"en-US\"},{\"@type\":\"Person\",\"@id\":\"https:\\\/\\\/wimex-group.com\\\/en\\\/#\\\/schema\\\/person\\\/021998babb56631d9e15d580909d2a98\",\"name\":\"Carolin Zeitler\",\"image\":{\"@type\":\"ImageObject\",\"inLanguage\":\"en-US\",\"@id\":\"https:\\\/\\\/secure.gravatar.com\\\/avatar\\\/70690699c4b78e0d1071212bc109d105862d1995272d53ee30249072cb614a4c?s=96&d=mm&r=g\",\"url\":\"https:\\\/\\\/secure.gravatar.com\\\/avatar\\\/70690699c4b78e0d1071212bc109d105862d1995272d53ee30249072cb614a4c?s=96&d=mm&r=g\",\"contentUrl\":\"https:\\\/\\\/secure.gravatar.com\\\/avatar\\\/70690699c4b78e0d1071212bc109d105862d1995272d53ee30249072cb614a4c?s=96&d=mm&r=g\",\"caption\":\"Carolin Zeitler\"},\"url\":\"https:\\\/\\\/wimex-group.com\\\/en\\\/author\\\/carolin-zeitler\\\/\"}]}<\/script>\n<!-- \/ Yoast SEO plugin. -->","yoast_head_json":{"title":"Nachhaltigkeit im Hightech-Glashaus - wimex-group","robots":{"index":"index","follow":"follow","max-snippet":"max-snippet:-1","max-image-preview":"max-image-preview:large","max-video-preview":"max-video-preview:-1"},"canonical":"https:\/\/wimex-group.com\/en\/nachhaltigkeit-im-hightech-glashaus\/","og_locale":"en_US","og_type":"article","og_title":"Nachhaltigkeit im Hightech-Glashaus - wimex-group","og_description":"Beim Rundgang durch das B\u00f6rdegarten-Gew\u00e4chshaus in Osterweddingen bei Magdeburg (von li.nach re.): Michael Tepfer (Leiter Strategische Unternehmensentwicklung bei der Wimex Gruppe), Landtagspr\u00e4sident Dr. Gunnar Schellenberger und Jos Houwen (Betriebsleiter Gew\u00e4chshaus)Landtagspr\u00e4sident Dr. Gunnar Schellenberger besucht Gew\u00e4chshaus bei Magdeburg \u2013 B\u00f6rdegarten optimiert hier ressourcenschonenden Anbau von Gem\u00fcse und Biokr\u00e4utern OSTERWEDDINGEN. Was die mit Hightech gesteuerte, nachhaltige Produktion [&hellip;]","og_url":"https:\/\/wimex-group.com\/en\/nachhaltigkeit-im-hightech-glashaus\/","og_site_name":"wimex-group","article_published_time":"2023-05-08T13:36:53+00:00","article_modified_time":"2023-05-08T13:42:35+00:00","og_image":[{"width":1920,"height":2560,"url":"https:\/\/wimex-group.com\/wp-content\/uploads\/2023\/05\/052023_Landtagspraesident_Gewaechshaus-scaled.jpeg","type":"image\/jpeg"}],"author":"Carolin Zeitler","twitter_card":"summary_large_image","twitter_misc":{"Written by":"Carolin Zeitler","Est. reading time":"2 minutes"},"schema":{"@context":"https:\/\/schema.org","@graph":[{"@type":"Article","@id":"https:\/\/wimex-group.com\/en\/nachhaltigkeit-im-hightech-glashaus\/#article","isPartOf":{"@id":"https:\/\/wimex-group.com\/en\/nachhaltigkeit-im-hightech-glashaus\/"},"author":{"name":"Carolin Zeitler","@id":"https:\/\/wimex-group.com\/en\/#\/schema\/person\/021998babb56631d9e15d580909d2a98"},"headline":"Nachhaltigkeit im Hightech-Glashaus","datePublished":"2023-05-08T13:36:53+00:00","dateModified":"2023-05-08T13:42:35+00:00","mainEntityOfPage":{"@id":"https:\/\/wimex-group.com\/en\/nachhaltigkeit-im-hightech-glashaus\/"},"wordCount":1080,"commentCount":0,"image":{"@id":"https:\/\/wimex-group.com\/en\/nachhaltigkeit-im-hightech-glashaus\/#primaryimage"},"thumbnailUrl":"https:\/\/wimex-group.com\/wp-content\/uploads\/2023\/05\/052023_Landtagspraesident_Gewaechshaus-scaled.jpeg","articleSection":["News Startseite","PRESSEMITTEILUNG"],"inLanguage":"en-US","potentialAction":[{"@type":"CommentAction","name":"Comment","target":["https:\/\/wimex-group.com\/en\/nachhaltigkeit-im-hightech-glashaus\/#respond"]}]},{"@type":"WebPage","@id":"https:\/\/wimex-group.com\/en\/nachhaltigkeit-im-hightech-glashaus\/","url":"https:\/\/wimex-group.com\/en\/nachhaltigkeit-im-hightech-glashaus\/","name":"Nachhaltigkeit im Hightech-Glashaus - wimex-group","isPartOf":{"@id":"https:\/\/wimex-group.com\/en\/#website"},"primaryImageOfPage":{"@id":"https:\/\/wimex-group.com\/en\/nachhaltigkeit-im-hightech-glashaus\/#primaryimage"},"image":{"@id":"https:\/\/wimex-group.com\/en\/nachhaltigkeit-im-hightech-glashaus\/#primaryimage"},"thumbnailUrl":"https:\/\/wimex-group.com\/wp-content\/uploads\/2023\/05\/052023_Landtagspraesident_Gewaechshaus-scaled.jpeg","datePublished":"2023-05-08T13:36:53+00:00","dateModified":"2023-05-08T13:42:35+00:00","author":{"@id":"https:\/\/wimex-group.com\/en\/#\/schema\/person\/021998babb56631d9e15d580909d2a98"},"breadcrumb":{"@id":"https:\/\/wimex-group.com\/en\/nachhaltigkeit-im-hightech-glashaus\/#breadcrumb"},"inLanguage":"en-US","potentialAction":[{"@type":"ReadAction","target":["https:\/\/wimex-group.com\/en\/nachhaltigkeit-im-hightech-glashaus\/"]}]},{"@type":"ImageObject","inLanguage":"en-US","@id":"https:\/\/wimex-group.com\/en\/nachhaltigkeit-im-hightech-glashaus\/#primaryimage","url":"https:\/\/wimex-group.com\/wp-content\/uploads\/2023\/05\/052023_Landtagspraesident_Gewaechshaus-scaled.jpeg","contentUrl":"https:\/\/wimex-group.com\/wp-content\/uploads\/2023\/05\/052023_Landtagspraesident_Gewaechshaus-scaled.jpeg","width":1920,"height":2560,"caption":"Wimex_Gruppe_Landtagspr\u00e4sident_im_Gew\u00e4chshaus"},{"@type":"BreadcrumbList","@id":"https:\/\/wimex-group.com\/en\/nachhaltigkeit-im-hightech-glashaus\/#breadcrumb","itemListElement":[{"@type":"ListItem","position":1,"name":"Startseite","item":"https:\/\/wimex-group.com\/en\/"},{"@type":"ListItem","position":2,"name":"Nachhaltigkeit im Hightech-Glashaus"}]},{"@type":"WebSite","@id":"https:\/\/wimex-group.com\/en\/#website","url":"https:\/\/wimex-group.com\/en\/","name":"wimex-group","description":"Wimex Group","potentialAction":[{"@type":"SearchAction","target":{"@type":"EntryPoint","urlTemplate":"https:\/\/wimex-group.com\/en\/?s={search_term_string}"},"query-input":{"@type":"PropertyValueSpecification","valueRequired":true,"valueName":"search_term_string"}}],"inLanguage":"en-US"},{"@type":"Person","@id":"https:\/\/wimex-group.com\/en\/#\/schema\/person\/021998babb56631d9e15d580909d2a98","name":"Carolin Zeitler","image":{"@type":"ImageObject","inLanguage":"en-US","@id":"https:\/\/secure.gravatar.com\/avatar\/70690699c4b78e0d1071212bc109d105862d1995272d53ee30249072cb614a4c?s=96&d=mm&r=g","url":"https:\/\/secure.gravatar.com\/avatar\/70690699c4b78e0d1071212bc109d105862d1995272d53ee30249072cb614a4c?s=96&d=mm&r=g","contentUrl":"https:\/\/secure.gravatar.com\/avatar\/70690699c4b78e0d1071212bc109d105862d1995272d53ee30249072cb614a4c?s=96&d=mm&r=g","caption":"Carolin Zeitler"},"url":"https:\/\/wimex-group.com\/en\/author\/carolin-zeitler\/"}]}},"_links":{"self":[{"href":"https:\/\/wimex-group.com\/en\/wp-json\/wp\/v2\/posts\/3397","targetHints":{"allow":["GET"]}}],"collection":[{"href":"https:\/\/wimex-group.com\/en\/wp-json\/wp\/v2\/posts"}],"about":[{"href":"https:\/\/wimex-group.com\/en\/wp-json\/wp\/v2\/types\/post"}],"author":[{"embeddable":true,"href":"https:\/\/wimex-group.com\/en\/wp-json\/wp\/v2\/users\/9"}],"replies":[{"embeddable":true,"href":"https:\/\/wimex-group.com\/en\/wp-json\/wp\/v2\/comments?post=3397"}],"version-history":[{"count":6,"href":"https:\/\/wimex-group.com\/en\/wp-json\/wp\/v2\/posts\/3397\/revisions"}],"predecessor-version":[{"id":3407,"href":"https:\/\/wimex-group.com\/en\/wp-json\/wp\/v2\/posts\/3397\/revisions\/3407"}],"wp:featuredmedia":[{"embeddable":true,"href":"https:\/\/wimex-group.com\/en\/wp-json\/wp\/v2\/media\/3398"}],"wp:attachment":[{"href":"https:\/\/wimex-group.com\/en\/wp-json\/wp\/v2\/media?parent=3397"}],"wp:term":[{"taxonomy":"category","embeddable":true,"href":"https:\/\/wimex-group.com\/en\/wp-json\/wp\/v2\/categories?post=3397"},{"taxonomy":"post_tag","embeddable":true,"href":"https:\/\/wimex-group.com\/en\/wp-json\/wp\/v2\/tags?post=3397"}],"curies":[{"name":"wp","href":"https:\/\/api.w.org\/{rel}","templated":true}]}}