{"id":3650,"date":"2023-08-31T13:57:23","date_gmt":"2023-08-31T11:57:23","guid":{"rendered":"https:\/\/www.wimex-group.com\/?p=3650"},"modified":"2023-08-31T13:57:23","modified_gmt":"2023-08-31T11:57:23","slug":"seit-30-jahren-ein-teil-der-wimex-familie","status":"publish","type":"post","link":"https:\/\/wimex-group.com\/en\/seit-30-jahren-ein-teil-der-wimex-familie\/","title":{"rendered":"Seit 30 Jahren ein Teil der Wimex Familie \u2013 Wir gratulieren!"},"content":{"rendered":"<p>[et_pb_section fb_built=&#8221;1&#8243; _builder_version=&#8221;4.16&#8243; background_image=&#8221;https:\/\/wimex-group.com\/wp-content\/uploads\/2020\/12\/WMX_Intro_Slider_1.jpg&#8221; min_height=&#8221;350px&#8221; min_height_tablet=&#8221;&#8221; min_height_phone=&#8221;250px&#8221; min_height_last_edited=&#8221;on|phone&#8221; max_height=&#8221;350px&#8221; global_colors_info=&#8221;{}&#8221;][\/et_pb_section][et_pb_section fb_built=&#8221;1&#8243; _builder_version=&#8221;4.16&#8243; global_colors_info=&#8221;{}&#8221;][et_pb_row _builder_version=&#8221;4.16&#8243; background_size=&#8221;initial&#8221; background_position=&#8221;top_left&#8221; background_repeat=&#8221;repeat&#8221; global_colors_info=&#8221;{}&#8221;][et_pb_column type=&#8221;4_4&#8243; _builder_version=&#8221;4.16&#8243; custom_padding=&#8221;|||&#8221; global_colors_info=&#8221;{}&#8221; custom_padding__hover=&#8221;|||&#8221;][et_pb_text _builder_version=&#8221;4.16&#8243; _dynamic_attributes=&#8221;content&#8221; text_font_size=&#8221;4em&#8221; text_line_height=&#8221;1.4em&#8221; text_orientation=&#8221;center&#8221; custom_margin=&#8221;|15%||15%|false|true&#8221; custom_margin_tablet=&#8221;|2%||2%|false|true&#8221; custom_margin_phone=&#8221;|0%||0%|false|true&#8221; custom_margin_last_edited=&#8221;on|phone&#8221; text_font_size_tablet=&#8221;3.6em&#8221; text_font_size_phone=&#8221;2.5em&#8221; text_font_size_last_edited=&#8221;on|tablet&#8221; global_colors_info=&#8221;{}&#8221;]@ET-DC@eyJkeW5hbWljIjp0cnVlLCJjb250ZW50IjoicG9zdF90aXRsZSIsInNldHRpbmdzIjp7ImJlZm9yZSI6IiIsImFmdGVyIjoiIn19@[\/et_pb_text][et_pb_text content_last_edited=&#8221;off|tablet&#8221; _builder_version=&#8221;4.16&#8243; _dynamic_attributes=&#8221;content&#8221; text_font=&#8221;Arial||||||||&#8221; text_text_color=&#8221;#0781ce&#8221; text_font_size=&#8221;1.5em&#8221; text_line_height=&#8221;1.4em&#8221; text_orientation=&#8221;center&#8221; text_font_size_tablet=&#8221;1.25em&#8221; text_font_size_phone=&#8221;1.25em&#8221; text_font_size_last_edited=&#8221;on|tablet&#8221; global_colors_info=&#8221;{}&#8221; content__hover_enabled=&#8221;off|desktop&#8221;]@ET-DC@eyJkeW5hbWljIjp0cnVlLCJjb250ZW50IjoicG9zdF9kYXRlIiwic2V0dGluZ3MiOnsiYmVmb3JlIjoiIiwiYWZ0ZXIiOiIiLCJkYXRlX2Zvcm1hdCI6ImRlZmF1bHQiLCJjdXN0b21fZGF0ZV9mb3JtYXQiOiIifX0=@[\/et_pb_text][\/et_pb_column][\/et_pb_row][et_pb_row _builder_version=&#8221;4.16&#8243; background_size=&#8221;initial&#8221; background_position=&#8221;top_left&#8221; background_repeat=&#8221;repeat&#8221; module_alignment=&#8221;center&#8221; custom_margin=&#8221;|-1px||411px||&#8221; global_colors_info=&#8221;{}&#8221;][et_pb_column type=&#8221;4_4&#8243; _builder_version=&#8221;4.16&#8243; custom_padding=&#8221;|||&#8221; global_colors_info=&#8221;{}&#8221; custom_padding__hover=&#8221;|||&#8221;][et_pb_text _builder_version=&#8221;4.20.2&#8243; text_font_size=&#8221;1.5em&#8221; custom_margin=&#8221;|15%||15%|false|true&#8221; custom_margin_tablet=&#8221;|5%||5%|false|true&#8221; custom_margin_phone=&#8221;|2%||2%|false|true&#8221; custom_margin_last_edited=&#8221;on|tablet&#8221; custom_padding=&#8221;||0px|||&#8221; hover_enabled=&#8221;0&#8243; text_font_size_tablet=&#8221;&#8221; text_font_size_phone=&#8221;1.3em&#8221; text_font_size_last_edited=&#8221;on|desktop&#8221; global_colors_info=&#8221;{}&#8221; sticky_enabled=&#8221;0&#8243;]<\/p>\n<p>Angefangen als Praktikantin ist unsere Mitarbeiterin Katrin Sauerer bereits seit 30 Jahren ein Teil der Wimex Familie.<\/p>\n<p>Mittlerweile ist Frau Sauerer Personal Assistant unseres Gesch\u00e4ftsf\u00fchrers Leopold Graf von Drechsel und leitet ihr eigenes Team am Standort Regenstauf.<\/p>\n<p>[\/et_pb_text][et_pb_blurb image=&#8221;https:\/\/wimex-group.com\/wp-content\/uploads\/2023\/08\/082023_Jubilaeum_Sauerer.jpg&#8221; _builder_version=&#8221;4.20.2&#8243; _module_preset=&#8221;default&#8221; hover_enabled=&#8221;0&#8243; global_colors_info=&#8221;{}&#8221; title_text=&#8221;082023_Jubil\u00e4um_Sauerer&#8221; sticky_enabled=&#8221;0&#8243;]<\/p>\n<p>Gesch\u00e4ftsf\u00fchrer Leopold Graf von Drechsel gratuliert Katrin Sauerer zum 30-j\u00e4hrigen Jubil\u00e4um.<\/p>\n<p>[\/et_pb_blurb][et_pb_text _builder_version=&#8221;4.20.2&#8243; text_font_size=&#8221;1.5em&#8221; custom_margin=&#8221;|15%||15%|false|true&#8221; custom_margin_tablet=&#8221;|5%||5%|false|true&#8221; custom_margin_phone=&#8221;|2%||2%|false|true&#8221; custom_margin_last_edited=&#8221;on|tablet&#8221; custom_padding=&#8221;||0px|||&#8221; hover_enabled=&#8221;0&#8243; text_font_size_tablet=&#8221;&#8221; text_font_size_phone=&#8221;1.3em&#8221; text_font_size_last_edited=&#8221;on|desktop&#8221; global_colors_info=&#8221;{}&#8221; sticky_enabled=&#8221;0&#8243;]<\/p>\n<p>Wir w\u00fcnschen unserer langj\u00e4hrigen Mitarbeiterin Frau Katrin Sauerer weiterhin alles Gute und freuen uns auf viele weitere Jahre der Zusammenarbeit.<\/p>\n<p>Sie m\u00f6chten auch ein Teil der Wimex Familie werden? Hier finden Sie unsere <a href=\"https:\/\/karriere.wimex-group.com\/\">Stellenangebote<\/a>.<\/p>\n<p>[\/et_pb_text][\/et_pb_column][\/et_pb_row][\/et_pb_section]<\/p>\n","protected":false},"excerpt":{"rendered":"<p>Angefangen als Praktikantin ist unsere Mitarbeiterin Katrin Sauerer bereits seit 30 Jahren ein Teil der Wimex Familie. Mittlerweile ist Frau Sauerer Personal Assistant unseres Gesch\u00e4ftsf\u00fchrers Leopold Graf von Drechsel und leitet ihr eigenes Team am Standort Regenstauf.Gesch\u00e4ftsf\u00fchrer Leopold Graf von Drechsel gratuliert Katrin Sauerer zum 30-j\u00e4hrigen Jubil\u00e4um.Wir w\u00fcnschen unserer langj\u00e4hrigen Mitarbeiterin Frau Katrin Sauerer weiterhin [&hellip;]<\/p>\n","protected":false},"author":9,"featured_media":3651,"comment_status":"open","ping_status":"open","sticky":false,"template":"","format":"standard","meta":{"_et_pb_use_builder":"on","_et_pb_old_content":"<!-- wp:paragraph -->\n<p>Dank einer Anfrage zweier Hobbysprayer wird das unser altes BALM-Lager in Rosefeld zum Objekt regelm\u00e4\u00dfiger Graffiti-Projekte. Bei dem Graffiti-Duo mit dem K\u00fcnstlernamen DRMLZ handelt es sich um die geb\u00fcrtigen Dessauer Stefan Schneider (42) und Stefan Berndt (36). Die beiden Freunde leben und arbeiten als Senior Designer in Berlin \u2026<\/p>\n<!-- \/wp:paragraph -->\n\n<!-- wp:paragraph -->\n<p>Natate peris vitatem vel idis eseruptum ea acerro mint enihicatist lab ium faccust, cus ex eliquos vid quatqui dolorist iderepu disciaes mod qui dolum quam, que dollest, quam, ut aut aut quidellabor apeliquat.<br>Ictemquam imporep udandissi sum suntem cuptae solliquae peliate cabores erumet il idi temporest, od es voluptis volent omnihiliqui optatent utem nonsequid ut quis reptumque pla doloris vellate mporempostis volest mo ipsam, sim dolore, tetur, simust, sit porae aut quunt quunte non re sim el is alis dentinverias eumque volupta tustis dist, natus dolorite cuptatem exernatur secti asperep udigenimus audit reped quam eiciis quo des qui volectem demperci officia intinvendus aspere idis mo eius de quae pos esequam, ipis doluptatios quuntiis que nis iur, simporrovita cum rese volupta quamus.<br>Iquam arioriost quo quo dolupti odi dolupit re voluptistis volorae sus pro veliquatur a plitat.<\/p>\n<!-- \/wp:paragraph -->\n\n<!-- wp:paragraph -->\n<p>Raturi nectorectis raectum incia con commoluptat offictur?<br>Dae sit officidem nobis aut adit aut maximinctus dissed que core peditatur maximil isinis ante vereptatur, sites que porerum que ma con eos quam renda nienis et lantiusciet vendebit exernatur? Qui nonsequiaes nemos eum id molore lacerch icidem re, consecuptur ma aut pe dolorem poreseq uatemolorat ipidi si bera nis vitionse occatus serum fuga. Namenimust volupta tenime lantur, non nonse quiam rerum hit, sumquam enem cus, sanditiur? Quist autem volor andi dolecto remporum eum am quo moluptat dendam, nemporem rat quidem vendi occulpa nonserum accatio odis il ipiciusam consenem quia et escid que idebit, ut aspidel ibeaquam et.<\/p>\n<!-- \/wp:paragraph -->","_et_gb_content_width":"2880","footnotes":""},"categories":[11],"tags":[],"class_list":["post-3650","post","type-post","status-publish","format-standard","has-post-thumbnail","hentry","category-news-startseite"],"yoast_head":"<!-- This site is optimized with the Yoast SEO plugin v27.3 - https:\/\/yoast.com\/product\/yoast-seo-wordpress\/ -->\n<title>Seit 30 Jahren ein Teil der Wimex Familie \u2013 Wir gratulieren! - wimex-group<\/title>\n<meta name=\"robots\" content=\"index, follow, max-snippet:-1, max-image-preview:large, max-video-preview:-1\" \/>\n<link rel=\"canonical\" href=\"https:\/\/wimex-group.com\/en\/seit-30-jahren-ein-teil-der-wimex-familie\/\" \/>\n<meta property=\"og:locale\" content=\"en_US\" \/>\n<meta property=\"og:type\" content=\"article\" \/>\n<meta property=\"og:title\" content=\"Seit 30 Jahren ein Teil der Wimex Familie \u2013 Wir gratulieren! - wimex-group\" \/>\n<meta property=\"og:description\" content=\"Angefangen als Praktikantin ist unsere Mitarbeiterin Katrin Sauerer bereits seit 30 Jahren ein Teil der Wimex Familie. Mittlerweile ist Frau Sauerer Personal Assistant unseres Gesch\u00e4ftsf\u00fchrers Leopold Graf von Drechsel und leitet ihr eigenes Team am Standort Regenstauf.Gesch\u00e4ftsf\u00fchrer Leopold Graf von Drechsel gratuliert Katrin Sauerer zum 30-j\u00e4hrigen Jubil\u00e4um.Wir w\u00fcnschen unserer langj\u00e4hrigen Mitarbeiterin Frau Katrin Sauerer weiterhin [&hellip;]\" \/>\n<meta property=\"og:url\" content=\"https:\/\/wimex-group.com\/en\/seit-30-jahren-ein-teil-der-wimex-familie\/\" \/>\n<meta property=\"og:site_name\" content=\"wimex-group\" \/>\n<meta property=\"article:published_time\" content=\"2023-08-31T11:57:23+00:00\" \/>\n<meta property=\"og:image\" content=\"https:\/\/wimex-group.com\/wp-content\/uploads\/2023\/08\/082023_Jubilaeum_Sauerer.jpg\" \/>\n\t<meta property=\"og:image:width\" content=\"1620\" \/>\n\t<meta property=\"og:image:height\" content=\"1080\" \/>\n\t<meta property=\"og:image:type\" content=\"image\/jpeg\" \/>\n<meta name=\"author\" content=\"Carolin Zeitler\" \/>\n<meta name=\"twitter:card\" content=\"summary_large_image\" \/>\n<meta name=\"twitter:label1\" content=\"Written by\" \/>\n\t<meta name=\"twitter:data1\" content=\"Carolin Zeitler\" \/>\n\t<meta name=\"twitter:label2\" content=\"Est. reading time\" \/>\n\t<meta name=\"twitter:data2\" content=\"2 minutes\" \/>\n<script type=\"application\/ld+json\" class=\"yoast-schema-graph\">{\"@context\":\"https:\\\/\\\/schema.org\",\"@graph\":[{\"@type\":\"Article\",\"@id\":\"https:\\\/\\\/wimex-group.com\\\/en\\\/seit-30-jahren-ein-teil-der-wimex-familie\\\/#article\",\"isPartOf\":{\"@id\":\"https:\\\/\\\/wimex-group.com\\\/en\\\/seit-30-jahren-ein-teil-der-wimex-familie\\\/\"},\"author\":{\"name\":\"Carolin Zeitler\",\"@id\":\"https:\\\/\\\/wimex-group.com\\\/en\\\/#\\\/schema\\\/person\\\/021998babb56631d9e15d580909d2a98\"},\"headline\":\"Seit 30 Jahren ein Teil der Wimex Familie \u2013 Wir gratulieren!\",\"datePublished\":\"2023-08-31T11:57:23+00:00\",\"mainEntityOfPage\":{\"@id\":\"https:\\\/\\\/wimex-group.com\\\/en\\\/seit-30-jahren-ein-teil-der-wimex-familie\\\/\"},\"wordCount\":541,\"commentCount\":0,\"image\":{\"@id\":\"https:\\\/\\\/wimex-group.com\\\/en\\\/seit-30-jahren-ein-teil-der-wimex-familie\\\/#primaryimage\"},\"thumbnailUrl\":\"https:\\\/\\\/wimex-group.com\\\/wp-content\\\/uploads\\\/2023\\\/08\\\/082023_Jubilaeum_Sauerer.jpg\",\"articleSection\":[\"News Startseite\"],\"inLanguage\":\"en-US\",\"potentialAction\":[{\"@type\":\"CommentAction\",\"name\":\"Comment\",\"target\":[\"https:\\\/\\\/wimex-group.com\\\/en\\\/seit-30-jahren-ein-teil-der-wimex-familie\\\/#respond\"]}]},{\"@type\":\"WebPage\",\"@id\":\"https:\\\/\\\/wimex-group.com\\\/en\\\/seit-30-jahren-ein-teil-der-wimex-familie\\\/\",\"url\":\"https:\\\/\\\/wimex-group.com\\\/en\\\/seit-30-jahren-ein-teil-der-wimex-familie\\\/\",\"name\":\"Seit 30 Jahren ein Teil der Wimex Familie \u2013 Wir gratulieren! - wimex-group\",\"isPartOf\":{\"@id\":\"https:\\\/\\\/wimex-group.com\\\/en\\\/#website\"},\"primaryImageOfPage\":{\"@id\":\"https:\\\/\\\/wimex-group.com\\\/en\\\/seit-30-jahren-ein-teil-der-wimex-familie\\\/#primaryimage\"},\"image\":{\"@id\":\"https:\\\/\\\/wimex-group.com\\\/en\\\/seit-30-jahren-ein-teil-der-wimex-familie\\\/#primaryimage\"},\"thumbnailUrl\":\"https:\\\/\\\/wimex-group.com\\\/wp-content\\\/uploads\\\/2023\\\/08\\\/082023_Jubilaeum_Sauerer.jpg\",\"datePublished\":\"2023-08-31T11:57:23+00:00\",\"author\":{\"@id\":\"https:\\\/\\\/wimex-group.com\\\/en\\\/#\\\/schema\\\/person\\\/021998babb56631d9e15d580909d2a98\"},\"breadcrumb\":{\"@id\":\"https:\\\/\\\/wimex-group.com\\\/en\\\/seit-30-jahren-ein-teil-der-wimex-familie\\\/#breadcrumb\"},\"inLanguage\":\"en-US\",\"potentialAction\":[{\"@type\":\"ReadAction\",\"target\":[\"https:\\\/\\\/wimex-group.com\\\/en\\\/seit-30-jahren-ein-teil-der-wimex-familie\\\/\"]}]},{\"@type\":\"ImageObject\",\"inLanguage\":\"en-US\",\"@id\":\"https:\\\/\\\/wimex-group.com\\\/en\\\/seit-30-jahren-ein-teil-der-wimex-familie\\\/#primaryimage\",\"url\":\"https:\\\/\\\/wimex-group.com\\\/wp-content\\\/uploads\\\/2023\\\/08\\\/082023_Jubilaeum_Sauerer.jpg\",\"contentUrl\":\"https:\\\/\\\/wimex-group.com\\\/wp-content\\\/uploads\\\/2023\\\/08\\\/082023_Jubilaeum_Sauerer.jpg\",\"width\":1620,\"height\":1080,\"caption\":\"Gesch\u00e4ftsf\u00fchrer Graf von Drechsel gratuliert Katrin Sauerer zum 30-j\u00e4hrigen Jubil\u00e4um.\"},{\"@type\":\"BreadcrumbList\",\"@id\":\"https:\\\/\\\/wimex-group.com\\\/en\\\/seit-30-jahren-ein-teil-der-wimex-familie\\\/#breadcrumb\",\"itemListElement\":[{\"@type\":\"ListItem\",\"position\":1,\"name\":\"Startseite\",\"item\":\"https:\\\/\\\/wimex-group.com\\\/en\\\/\"},{\"@type\":\"ListItem\",\"position\":2,\"name\":\"Seit 30 Jahren ein Teil der Wimex Familie \u2013 Wir gratulieren!\"}]},{\"@type\":\"WebSite\",\"@id\":\"https:\\\/\\\/wimex-group.com\\\/en\\\/#website\",\"url\":\"https:\\\/\\\/wimex-group.com\\\/en\\\/\",\"name\":\"wimex-group\",\"description\":\"Wimex Group\",\"potentialAction\":[{\"@type\":\"SearchAction\",\"target\":{\"@type\":\"EntryPoint\",\"urlTemplate\":\"https:\\\/\\\/wimex-group.com\\\/en\\\/?s={search_term_string}\"},\"query-input\":{\"@type\":\"PropertyValueSpecification\",\"valueRequired\":true,\"valueName\":\"search_term_string\"}}],\"inLanguage\":\"en-US\"},{\"@type\":\"Person\",\"@id\":\"https:\\\/\\\/wimex-group.com\\\/en\\\/#\\\/schema\\\/person\\\/021998babb56631d9e15d580909d2a98\",\"name\":\"Carolin Zeitler\",\"image\":{\"@type\":\"ImageObject\",\"inLanguage\":\"en-US\",\"@id\":\"https:\\\/\\\/secure.gravatar.com\\\/avatar\\\/70690699c4b78e0d1071212bc109d105862d1995272d53ee30249072cb614a4c?s=96&d=mm&r=g\",\"url\":\"https:\\\/\\\/secure.gravatar.com\\\/avatar\\\/70690699c4b78e0d1071212bc109d105862d1995272d53ee30249072cb614a4c?s=96&d=mm&r=g\",\"contentUrl\":\"https:\\\/\\\/secure.gravatar.com\\\/avatar\\\/70690699c4b78e0d1071212bc109d105862d1995272d53ee30249072cb614a4c?s=96&d=mm&r=g\",\"caption\":\"Carolin Zeitler\"},\"url\":\"https:\\\/\\\/wimex-group.com\\\/en\\\/author\\\/carolin-zeitler\\\/\"}]}<\/script>\n<!-- \/ Yoast SEO plugin. -->","yoast_head_json":{"title":"Seit 30 Jahren ein Teil der Wimex Familie \u2013 Wir gratulieren! - wimex-group","robots":{"index":"index","follow":"follow","max-snippet":"max-snippet:-1","max-image-preview":"max-image-preview:large","max-video-preview":"max-video-preview:-1"},"canonical":"https:\/\/wimex-group.com\/en\/seit-30-jahren-ein-teil-der-wimex-familie\/","og_locale":"en_US","og_type":"article","og_title":"Seit 30 Jahren ein Teil der Wimex Familie \u2013 Wir gratulieren! - wimex-group","og_description":"Angefangen als Praktikantin ist unsere Mitarbeiterin Katrin Sauerer bereits seit 30 Jahren ein Teil der Wimex Familie. Mittlerweile ist Frau Sauerer Personal Assistant unseres Gesch\u00e4ftsf\u00fchrers Leopold Graf von Drechsel und leitet ihr eigenes Team am Standort Regenstauf.Gesch\u00e4ftsf\u00fchrer Leopold Graf von Drechsel gratuliert Katrin Sauerer zum 30-j\u00e4hrigen Jubil\u00e4um.Wir w\u00fcnschen unserer langj\u00e4hrigen Mitarbeiterin Frau Katrin Sauerer weiterhin [&hellip;]","og_url":"https:\/\/wimex-group.com\/en\/seit-30-jahren-ein-teil-der-wimex-familie\/","og_site_name":"wimex-group","article_published_time":"2023-08-31T11:57:23+00:00","og_image":[{"width":1620,"height":1080,"url":"https:\/\/wimex-group.com\/wp-content\/uploads\/2023\/08\/082023_Jubilaeum_Sauerer.jpg","type":"image\/jpeg"}],"author":"Carolin Zeitler","twitter_card":"summary_large_image","twitter_misc":{"Written by":"Carolin Zeitler","Est. reading time":"2 minutes"},"schema":{"@context":"https:\/\/schema.org","@graph":[{"@type":"Article","@id":"https:\/\/wimex-group.com\/en\/seit-30-jahren-ein-teil-der-wimex-familie\/#article","isPartOf":{"@id":"https:\/\/wimex-group.com\/en\/seit-30-jahren-ein-teil-der-wimex-familie\/"},"author":{"name":"Carolin Zeitler","@id":"https:\/\/wimex-group.com\/en\/#\/schema\/person\/021998babb56631d9e15d580909d2a98"},"headline":"Seit 30 Jahren ein Teil der Wimex Familie \u2013 Wir gratulieren!","datePublished":"2023-08-31T11:57:23+00:00","mainEntityOfPage":{"@id":"https:\/\/wimex-group.com\/en\/seit-30-jahren-ein-teil-der-wimex-familie\/"},"wordCount":541,"commentCount":0,"image":{"@id":"https:\/\/wimex-group.com\/en\/seit-30-jahren-ein-teil-der-wimex-familie\/#primaryimage"},"thumbnailUrl":"https:\/\/wimex-group.com\/wp-content\/uploads\/2023\/08\/082023_Jubilaeum_Sauerer.jpg","articleSection":["News Startseite"],"inLanguage":"en-US","potentialAction":[{"@type":"CommentAction","name":"Comment","target":["https:\/\/wimex-group.com\/en\/seit-30-jahren-ein-teil-der-wimex-familie\/#respond"]}]},{"@type":"WebPage","@id":"https:\/\/wimex-group.com\/en\/seit-30-jahren-ein-teil-der-wimex-familie\/","url":"https:\/\/wimex-group.com\/en\/seit-30-jahren-ein-teil-der-wimex-familie\/","name":"Seit 30 Jahren ein Teil der Wimex Familie \u2013 Wir gratulieren! - wimex-group","isPartOf":{"@id":"https:\/\/wimex-group.com\/en\/#website"},"primaryImageOfPage":{"@id":"https:\/\/wimex-group.com\/en\/seit-30-jahren-ein-teil-der-wimex-familie\/#primaryimage"},"image":{"@id":"https:\/\/wimex-group.com\/en\/seit-30-jahren-ein-teil-der-wimex-familie\/#primaryimage"},"thumbnailUrl":"https:\/\/wimex-group.com\/wp-content\/uploads\/2023\/08\/082023_Jubilaeum_Sauerer.jpg","datePublished":"2023-08-31T11:57:23+00:00","author":{"@id":"https:\/\/wimex-group.com\/en\/#\/schema\/person\/021998babb56631d9e15d580909d2a98"},"breadcrumb":{"@id":"https:\/\/wimex-group.com\/en\/seit-30-jahren-ein-teil-der-wimex-familie\/#breadcrumb"},"inLanguage":"en-US","potentialAction":[{"@type":"ReadAction","target":["https:\/\/wimex-group.com\/en\/seit-30-jahren-ein-teil-der-wimex-familie\/"]}]},{"@type":"ImageObject","inLanguage":"en-US","@id":"https:\/\/wimex-group.com\/en\/seit-30-jahren-ein-teil-der-wimex-familie\/#primaryimage","url":"https:\/\/wimex-group.com\/wp-content\/uploads\/2023\/08\/082023_Jubilaeum_Sauerer.jpg","contentUrl":"https:\/\/wimex-group.com\/wp-content\/uploads\/2023\/08\/082023_Jubilaeum_Sauerer.jpg","width":1620,"height":1080,"caption":"Gesch\u00e4ftsf\u00fchrer Graf von Drechsel gratuliert Katrin Sauerer zum 30-j\u00e4hrigen Jubil\u00e4um."},{"@type":"BreadcrumbList","@id":"https:\/\/wimex-group.com\/en\/seit-30-jahren-ein-teil-der-wimex-familie\/#breadcrumb","itemListElement":[{"@type":"ListItem","position":1,"name":"Startseite","item":"https:\/\/wimex-group.com\/en\/"},{"@type":"ListItem","position":2,"name":"Seit 30 Jahren ein Teil der Wimex Familie \u2013 Wir gratulieren!"}]},{"@type":"WebSite","@id":"https:\/\/wimex-group.com\/en\/#website","url":"https:\/\/wimex-group.com\/en\/","name":"wimex-group","description":"Wimex Group","potentialAction":[{"@type":"SearchAction","target":{"@type":"EntryPoint","urlTemplate":"https:\/\/wimex-group.com\/en\/?s={search_term_string}"},"query-input":{"@type":"PropertyValueSpecification","valueRequired":true,"valueName":"search_term_string"}}],"inLanguage":"en-US"},{"@type":"Person","@id":"https:\/\/wimex-group.com\/en\/#\/schema\/person\/021998babb56631d9e15d580909d2a98","name":"Carolin Zeitler","image":{"@type":"ImageObject","inLanguage":"en-US","@id":"https:\/\/secure.gravatar.com\/avatar\/70690699c4b78e0d1071212bc109d105862d1995272d53ee30249072cb614a4c?s=96&d=mm&r=g","url":"https:\/\/secure.gravatar.com\/avatar\/70690699c4b78e0d1071212bc109d105862d1995272d53ee30249072cb614a4c?s=96&d=mm&r=g","contentUrl":"https:\/\/secure.gravatar.com\/avatar\/70690699c4b78e0d1071212bc109d105862d1995272d53ee30249072cb614a4c?s=96&d=mm&r=g","caption":"Carolin Zeitler"},"url":"https:\/\/wimex-group.com\/en\/author\/carolin-zeitler\/"}]}},"_links":{"self":[{"href":"https:\/\/wimex-group.com\/en\/wp-json\/wp\/v2\/posts\/3650","targetHints":{"allow":["GET"]}}],"collection":[{"href":"https:\/\/wimex-group.com\/en\/wp-json\/wp\/v2\/posts"}],"about":[{"href":"https:\/\/wimex-group.com\/en\/wp-json\/wp\/v2\/types\/post"}],"author":[{"embeddable":true,"href":"https:\/\/wimex-group.com\/en\/wp-json\/wp\/v2\/users\/9"}],"replies":[{"embeddable":true,"href":"https:\/\/wimex-group.com\/en\/wp-json\/wp\/v2\/comments?post=3650"}],"version-history":[{"count":5,"href":"https:\/\/wimex-group.com\/en\/wp-json\/wp\/v2\/posts\/3650\/revisions"}],"predecessor-version":[{"id":3658,"href":"https:\/\/wimex-group.com\/en\/wp-json\/wp\/v2\/posts\/3650\/revisions\/3658"}],"wp:featuredmedia":[{"embeddable":true,"href":"https:\/\/wimex-group.com\/en\/wp-json\/wp\/v2\/media\/3651"}],"wp:attachment":[{"href":"https:\/\/wimex-group.com\/en\/wp-json\/wp\/v2\/media?parent=3650"}],"wp:term":[{"taxonomy":"category","embeddable":true,"href":"https:\/\/wimex-group.com\/en\/wp-json\/wp\/v2\/categories?post=3650"},{"taxonomy":"post_tag","embeddable":true,"href":"https:\/\/wimex-group.com\/en\/wp-json\/wp\/v2\/tags?post=3650"}],"curies":[{"name":"wp","href":"https:\/\/api.w.org\/{rel}","templated":true}]}}