{"id":5504,"date":"2025-05-15T13:32:18","date_gmt":"2025-05-15T11:32:18","guid":{"rendered":"https:\/\/www.wimex-group.com\/?p=5504"},"modified":"2025-05-15T13:32:19","modified_gmt":"2025-05-15T11:32:19","slug":"meilenstein-fuer-energiepark-reppichau-erster-grosstransformator-wird-montiert","status":"publish","type":"post","link":"https:\/\/wimex-group.com\/en\/meilenstein-fuer-energiepark-reppichau-erster-grosstransformator-wird-montiert\/","title":{"rendered":"Meilenstein f\u00fcr Energiepark Reppichau: Erster Gro\u00dftransformator wird montiert"},"content":{"rendered":"<p>[et_pb_section fb_built=&#8221;1&#8243; _builder_version=&#8221;4.16&#8243; background_image=&#8221;https:\/\/wimex-group.com\/wp-content\/uploads\/2020\/12\/WMX_Intro_Slider_1.jpg&#8221; min_height=&#8221;350px&#8221; min_height_tablet=&#8221;&#8221; min_height_phone=&#8221;250px&#8221; min_height_last_edited=&#8221;on|phone&#8221; max_height=&#8221;350px&#8221; global_colors_info=&#8221;{}&#8221;][\/et_pb_section][et_pb_section fb_built=&#8221;1&#8243; _builder_version=&#8221;4.16&#8243; custom_padding=&#8221;||0px|||&#8221; global_colors_info=&#8221;{}&#8221;][et_pb_row _builder_version=&#8221;4.16&#8243; background_size=&#8221;initial&#8221; background_position=&#8221;top_left&#8221; background_repeat=&#8221;repeat&#8221; global_colors_info=&#8221;{}&#8221;][et_pb_column type=&#8221;4_4&#8243; _builder_version=&#8221;4.16&#8243; custom_padding=&#8221;|||&#8221; global_colors_info=&#8221;{}&#8221; custom_padding__hover=&#8221;|||&#8221;][et_pb_text _builder_version=&#8221;4.16&#8243; _dynamic_attributes=&#8221;content&#8221; text_font_size=&#8221;4em&#8221; text_line_height=&#8221;1.4em&#8221; text_orientation=&#8221;center&#8221; custom_margin=&#8221;|15%||15%|false|true&#8221; custom_margin_tablet=&#8221;|2%||2%|false|true&#8221; custom_margin_phone=&#8221;|0%||0%|false|true&#8221; custom_margin_last_edited=&#8221;on|phone&#8221; text_font_size_tablet=&#8221;3.6em&#8221; text_font_size_phone=&#8221;2.5em&#8221; text_font_size_last_edited=&#8221;on|tablet&#8221; global_colors_info=&#8221;{}&#8221;]@ET-DC@eyJkeW5hbWljIjp0cnVlLCJjb250ZW50IjoicG9zdF90aXRsZSIsInNldHRpbmdzIjp7ImJlZm9yZSI6IiIsImFmdGVyIjoiIn19@[\/et_pb_text][et_pb_text content_last_edited=&#8221;off|tablet&#8221; _builder_version=&#8221;4.16&#8243; _dynamic_attributes=&#8221;content&#8221; text_font=&#8221;Arial||||||||&#8221; text_text_color=&#8221;#0781ce&#8221; text_font_size=&#8221;1.5em&#8221; text_line_height=&#8221;1.4em&#8221; text_orientation=&#8221;center&#8221; text_font_size_tablet=&#8221;1.25em&#8221; text_font_size_phone=&#8221;1.25em&#8221; text_font_size_last_edited=&#8221;on|tablet&#8221; global_colors_info=&#8221;{}&#8221; content__hover_enabled=&#8221;off|desktop&#8221;]@ET-DC@eyJkeW5hbWljIjp0cnVlLCJjb250ZW50IjoicG9zdF9kYXRlIiwic2V0dGluZ3MiOnsiYmVmb3JlIjoiIiwiYWZ0ZXIiOiIiLCJkYXRlX2Zvcm1hdCI6ImRlZmF1bHQiLCJjdXN0b21fZGF0ZV9mb3JtYXQiOiIifX0=@[\/et_pb_text][\/et_pb_column][\/et_pb_row][et_pb_row _builder_version=&#8221;4.16&#8243; background_size=&#8221;initial&#8221; background_position=&#8221;top_left&#8221; background_repeat=&#8221;repeat&#8221; module_alignment=&#8221;center&#8221; custom_margin=&#8221;|-1px||411px||&#8221; global_colors_info=&#8221;{}&#8221;][et_pb_column type=&#8221;4_4&#8243; _builder_version=&#8221;4.16&#8243; custom_padding=&#8221;|||&#8221; global_colors_info=&#8221;{}&#8221; custom_padding__hover=&#8221;|||&#8221;][et_pb_text _builder_version=&#8221;4.27.4&#8243; text_font_size=&#8221;1.5em&#8221; custom_margin=&#8221;|15%||15%|false|true&#8221; custom_margin_tablet=&#8221;|5%||5%|false|true&#8221; custom_margin_phone=&#8221;|2%||2%|false|true&#8221; custom_margin_last_edited=&#8221;on|tablet&#8221; custom_padding=&#8221;||0px|||&#8221; hover_enabled=&#8221;0&#8243; text_font_size_tablet=&#8221;&#8221; text_font_size_phone=&#8221;1.3em&#8221; text_font_size_last_edited=&#8221;on|desktop&#8221; global_colors_info=&#8221;{}&#8221; sticky_enabled=&#8221;0&#8243;]<\/p>\n<p><em>Pressemitteilung<\/em><\/p>\n<p>Im Energiepark Reppichau wird mit der Installation des ersten Outdoor-Gro\u00dftransformators ein wichtiger Meilenstein erreicht. Das Photovoltaik-Gro\u00dfprojekt in Sachsen-Anhaltliegt liegt damit voll im Plan und n\u00e4hert sich mit 75\u202fMegawattpeak (MWp) installierter Leistung der f\u00fcr Ende Juni 2025 geplanten Fertigstellung. Der Energiepark ist ein Beispiel daf\u00fcr, wie die Energiewende effizient gelingen kann.<\/p>\n<p><strong>PV-Gro\u00dfanlage w\u00e4chst im Rekordtempo<\/strong><\/p>\n<p>Auf rund 100 Hektar Fl\u00e4che entsteht mit dem Energiepark Reppichau derzeit eines der gr\u00f6\u00dften EEG-gef\u00f6rderten PV-Projekte in Mitteldeutschland. Vier von sechs Baufeldern sind bereits vollst\u00e4ndig installiert, die Unterkonstruktion ist zu 100\u202f% gerammt, und die Mittelspannungstrasse (MS-Trasse) errichtet. Der Bau des Umspannwerks schreitet ebenfalls z\u00fcgig voran: Der notwendige Abzweigmast zum Anschluss an die bestehende 110 kV Freileitung f\u00fcr das neue Umspannwerk ist aufgestellt und die Transformatorenfundamente sind gesetzt. Auch die Gro\u00dftransformatorenpr\u00fcfung ist abgeschlossen, und die erste Trafomontage steht kurz bevor. Wenn im Sommer 2025 die 75\u202fMWp installierter Leistung vollst\u00e4ndig ans Netz gehen, k\u00f6nnen damit ca. 20.000 Vier-Personen-Haushalte mit gr\u00fcnem Strom versorgt werden.<\/p>\n<p>\u201eWir freuen uns sehr, dass unser Projekt in Reppichau in allen Gewerken planm\u00e4\u00dfig voranschreitet. Die Zusammenarbeit aller Beteiligten funktioniert hervorragend \u2013 das ist gelebte Projektqualit\u00e4t und der Beweis, dass auch in Deutschland ambitionierte Infrastrukturprojekte im Zeit- und Budgetplan fertig gestellt werden k\u00f6nnen,\u201c so Niels Keunecke, Gesch\u00e4ftsf\u00fchrer der meistro R.E. GmbH. \u201eF\u00fcr uns als meistro Gruppe ist dieses Projekt ein strategischer Meilenstein \u2013 und ein starkes Zeichen daf\u00fcr, wie resiliente, gr\u00fcne Infrastruktur in Deutschland wirtschaftlich sinnvoll gelingen kann.\u201c<\/p>\n<p><strong>Effizientes und skalierbares Projekt-Setup<\/strong><\/p>\n<p>Die PV-Anlage wird von der Energiepark Reppichau GmbH &amp; Co. KG (EPR) realisiert \u2013 einem Joint Venture der Unternehmen meistro Energie GmbH, ISM Gruppe und Wimex Group. Die meistro Energie GmbH \u00fcbernimmt in der Konstellation die Rolle des Direktvermarkters und Energieversorgers, w\u00e4hrend die ISM Gruppe f\u00fcr Planung, Errichtung und Betrieb verantwortlich ist. Die Wimex Group stellt als Projektinitiator einen Gro\u00dfteil der Fl\u00e4chen bereit, koordiniert das Konsortium und kommuniziert mit den Stakeholdern in der Region.<\/p>\n<p>\u201eReppichau ist ein Beispiel daf\u00fcr, wie gro\u00dfformatige Photovoltaikprojekte effizient und strukturiert realisiert werden k\u00f6nnen. Der pr\u00e4zise Baufortschritt ist das Ergebnis eines starken Teams und klarer Prozesse\u201c, bilanziert Tobias Schmidt, Gesch\u00e4ftsf\u00fchrer der ISM Gruppe.<\/p>\n<p>Die Investitionssumme liegt im mittleren zweistelligen Millionenbereich. Eingesetzt werden Module und Wechselrichter der neuesten Generation. Neben der EEG-Verg\u00fctung werden Teile des erzeugten Stroms \u00fcber Power Purchase Agreements (PPAs) vermarktet \u2013 beispielsweise zur direkten Versorgung von Kunden der meistro Gruppe. Auch die Wimex Group wird k\u00fcnftig einen Teil des erzeugten Stroms \u00fcber das virtuelle Bilanzkreismanagement von meistro selbst nutzen, um die eigene Energieversorgung nachhaltiger und unabh\u00e4ngiger zu gestalten.<\/p>\n<p><strong>Klimafreundliche Direktvermarktung f\u00fcr Unternehmen<\/strong><\/p>\n<p>\u201eDurch Direktvermarktung und ma\u00dfgeschneiderte Power Purchase Agreements beliefern wir unsere B2B-Kunden und Industriepartner zuverl\u00e4ssig mit CO2-freiem Strom aus dem Energiepark Reppichau \u2013 planbar, nachhaltig und zu wirtschaftlich attraktiven Konditionen\u201c, sagt Franziska Huber, Gesch\u00e4ftsf\u00fchrerin der meistro Energie GmbH. \u201eDank unseres virtuellen Bilanzkreismodells k\u00f6nnen wir dabei sicherstellen, dass der gelieferte Strom nicht nur wirtschaftlich attraktiv ist, sondern auch den h\u00f6chsten ESG-Standards entspricht. In einem Marktumfeld, in dem nur wenige Energieversorger diese Anforderungen erf\u00fcllen, schaffen wir damit neue Chancen f\u00fcr eine nachhaltige und zukunftsorientierte Energieversorgung \u2013 unabh\u00e4ngig von der Unternehmensgr\u00f6\u00dfe.\u201c<\/p>\n<p><strong>Nachhaltige Fl\u00e4chennutzung mit R\u00fccksicht auf die Region<\/strong><\/p>\n<p>Ein weiterer Fokus der Planung lag auf nachhaltiger Fl\u00e4chennutzung: F\u00fcr das Projekt wurden landwirtschaftlich minderwertige B\u00f6den mit Ackerzahlen zwischen 20 und 35 ausgew\u00e4hlt \u2013 fernab von hochwertigen und fruchtbaren Anbaufl\u00e4chen. Die N\u00e4he zur Bahntrasse und die hohe Akzeptanz in der Gemeinde Osternienburger Land haben die Umsetzung zus\u00e4tzlich erleichtert.<\/p>\n<p><strong>\u00dcber die Projektpartner:<\/strong><\/p>\n<ul>\n<li>Die meistro Energie GmbH investiert in gro\u00dffl\u00e4chige PV-Projekte zur nachhaltigen Energieversorgung und \u00fcbernimmt die Direktvermarktung des erzeugten Stroms.<\/li>\n<li>Die ISM Gruppe \u00fcbernimmt die technische Gesamtverantwortung f\u00fcr Planung, Bau und Betrieb der Anlage.<\/li>\n<li>Die Wimex Group stellt wesentliche Fl\u00e4chen zur Verf\u00fcgung, koordiniert die Umsetzung und wird k\u00fcnftig auch selbst Teile des erzeugten Stroms direkt nutzen.<\/li>\n<\/ul>\n<p>Gemeinsam realisieren die Partner mit dem Energiepark Reppichau ihr erstes gemeinsames Vorzeigeprojekt der Energiewende.<\/p>\n<p>[\/et_pb_text][\/et_pb_column][\/et_pb_row][et_pb_row _builder_version=&#8221;4.27.4&#8243; _module_preset=&#8221;default&#8221; min_height=&#8221;766.5px&#8221; custom_margin=&#8221;|auto|12px|auto||&#8221; custom_padding=&#8221;||0px|||&#8221; global_colors_info=&#8221;{}&#8221;][et_pb_column type=&#8221;4_4&#8243; _builder_version=&#8221;4.27.4&#8243; _module_preset=&#8221;default&#8221; global_colors_info=&#8221;{}&#8221;][et_pb_image src=&#8221;https:\/\/wimex-group.com\/wp-content\/uploads\/2025\/05\/052025_PM_Reppichau.png&#8221; title_text=&#8221;052025_PM_Reppichau&#8221; url=&#8221;@ET-DC@eyJkeW5hbWljIjp0cnVlLCJjb250ZW50IjoicG9zdF9saW5rX3VybF9hdHRhY2htZW50Iiwic2V0dGluZ3MiOnsicG9zdF9pZCI6IjUxMTgifX0=@&#8221; _builder_version=&#8221;4.27.4&#8243; _dynamic_attributes=&#8221;url&#8221; _module_preset=&#8221;default&#8221; width=&#8221;100%&#8221; module_alignment=&#8221;center&#8221; custom_margin=&#8221;-9px|-136px||0px|false|false&#8221; custom_padding=&#8221;|0px|0px|0px|false|false&#8221; hover_enabled=&#8221;0&#8243; global_colors_info=&#8221;{}&#8221; sticky_enabled=&#8221;0&#8243;][\/et_pb_image][et_pb_text _builder_version=&#8221;4.27.4&#8243; text_font_size=&#8221;1.5em&#8221; custom_margin=&#8221;|15%||15%|false|true&#8221; custom_margin_tablet=&#8221;|5%||5%|false|true&#8221; custom_margin_phone=&#8221;|2%||2%|false|true&#8221; custom_margin_last_edited=&#8221;on|tablet&#8221; custom_padding=&#8221;||0px|||&#8221; hover_enabled=&#8221;0&#8243; text_font_size_tablet=&#8221;&#8221; text_font_size_phone=&#8221;1.3em&#8221; text_font_size_last_edited=&#8221;on|desktop&#8221; global_colors_info=&#8221;{}&#8221; sticky_enabled=&#8221;0&#8243;]<\/p>\n<p><em>Foto: ISM Gruppe<\/em><\/p>\n<p>[\/et_pb_text][et_pb_image src=&#8221;https:\/\/wimex-group.com\/wp-content\/uploads\/2025\/05\/052025_PM_Reppichau-2.png&#8221; title_text=&#8221;052025_PM_Reppichau (2)&#8221; url=&#8221;@ET-DC@eyJkeW5hbWljIjp0cnVlLCJjb250ZW50IjoicG9zdF9saW5rX3VybF9hdHRhY2htZW50Iiwic2V0dGluZ3MiOnsicG9zdF9pZCI6IjUxMTgifX0=@&#8221; _builder_version=&#8221;4.27.4&#8243; _dynamic_attributes=&#8221;url&#8221; _module_preset=&#8221;default&#8221; width=&#8221;100%&#8221; module_alignment=&#8221;center&#8221; custom_margin=&#8221;-9px|-136px||0px|false|false&#8221; custom_padding=&#8221;|0px|0px|0px|false|false&#8221; hover_enabled=&#8221;0&#8243; global_colors_info=&#8221;{}&#8221; sticky_enabled=&#8221;0&#8243;][\/et_pb_image][et_pb_text _builder_version=&#8221;4.27.4&#8243; text_font_size=&#8221;1.5em&#8221; custom_margin=&#8221;|15%||15%|false|true&#8221; custom_margin_tablet=&#8221;|5%||5%|false|true&#8221; custom_margin_phone=&#8221;|2%||2%|false|true&#8221; custom_margin_last_edited=&#8221;on|tablet&#8221; custom_padding=&#8221;||0px|||&#8221; hover_enabled=&#8221;0&#8243; text_font_size_tablet=&#8221;&#8221; text_font_size_phone=&#8221;1.3em&#8221; text_font_size_last_edited=&#8221;on|desktop&#8221; global_colors_info=&#8221;{}&#8221; sticky_enabled=&#8221;0&#8243;]<\/p>\n<p>Anlieferung des Gro\u00dftransformators.<br \/><em>Foto: ISM Gruppe<\/em><\/p>\n<p>[\/et_pb_text][\/et_pb_column][\/et_pb_row][\/et_pb_section]<\/p>\n","protected":false},"excerpt":{"rendered":"<p>Pressemitteilung Im Energiepark Reppichau wird mit der Installation des ersten Outdoor-Gro\u00dftransformators ein wichtiger Meilenstein erreicht. Das Photovoltaik-Gro\u00dfprojekt in Sachsen-Anhaltliegt liegt damit voll im Plan und n\u00e4hert sich mit 75\u202fMegawattpeak (MWp) installierter Leistung der f\u00fcr Ende Juni 2025 geplanten Fertigstellung. Der Energiepark ist ein Beispiel daf\u00fcr, wie die Energiewende effizient gelingen kann. PV-Gro\u00dfanlage w\u00e4chst im Rekordtempo [&hellip;]<\/p>\n","protected":false},"author":9,"featured_media":5505,"comment_status":"open","ping_status":"open","sticky":false,"template":"","format":"standard","meta":{"_et_pb_use_builder":"on","_et_pb_old_content":"<!-- wp:paragraph -->\n<p>Dank einer Anfrage zweier Hobbysprayer wird das unser altes BALM-Lager in Rosefeld zum Objekt regelm\u00e4\u00dfiger Graffiti-Projekte. Bei dem Graffiti-Duo mit dem K\u00fcnstlernamen DRMLZ handelt es sich um die geb\u00fcrtigen Dessauer Stefan Schneider (42) und Stefan Berndt (36). Die beiden Freunde leben und arbeiten als Senior Designer in Berlin \u2026<\/p>\n<!-- \/wp:paragraph -->\n\n<!-- wp:paragraph -->\n<p>Natate peris vitatem vel idis eseruptum ea acerro mint enihicatist lab ium faccust, cus ex eliquos vid quatqui dolorist iderepu disciaes mod qui dolum quam, que dollest, quam, ut aut aut quidellabor apeliquat.<br>Ictemquam imporep udandissi sum suntem cuptae solliquae peliate cabores erumet il idi temporest, od es voluptis volent omnihiliqui optatent utem nonsequid ut quis reptumque pla doloris vellate mporempostis volest mo ipsam, sim dolore, tetur, simust, sit porae aut quunt quunte non re sim el is alis dentinverias eumque volupta tustis dist, natus dolorite cuptatem exernatur secti asperep udigenimus audit reped quam eiciis quo des qui volectem demperci officia intinvendus aspere idis mo eius de quae pos esequam, ipis doluptatios quuntiis que nis iur, simporrovita cum rese volupta quamus.<br>Iquam arioriost quo quo dolupti odi dolupit re voluptistis volorae sus pro veliquatur a plitat.<\/p>\n<!-- \/wp:paragraph -->\n\n<!-- wp:paragraph -->\n<p>Raturi nectorectis raectum incia con commoluptat offictur?<br>Dae sit officidem nobis aut adit aut maximinctus dissed que core peditatur maximil isinis ante vereptatur, sites que porerum que ma con eos quam renda nienis et lantiusciet vendebit exernatur? Qui nonsequiaes nemos eum id molore lacerch icidem re, consecuptur ma aut pe dolorem poreseq uatemolorat ipidi si bera nis vitionse occatus serum fuga. Namenimust volupta tenime lantur, non nonse quiam rerum hit, sumquam enem cus, sanditiur? Quist autem volor andi dolecto remporum eum am quo moluptat dendam, nemporem rat quidem vendi occulpa nonserum accatio odis il ipiciusam consenem quia et escid que idebit, ut aspidel ibeaquam et.<\/p>\n<!-- \/wp:paragraph -->","_et_gb_content_width":"2880","footnotes":""},"categories":[11],"tags":[],"class_list":["post-5504","post","type-post","status-publish","format-standard","has-post-thumbnail","hentry","category-news-startseite"],"yoast_head":"<!-- This site is optimized with the Yoast SEO plugin v27.3 - https:\/\/yoast.com\/product\/yoast-seo-wordpress\/ -->\n<title>Meilenstein f\u00fcr Energiepark Reppichau: Erster Gro\u00dftransformator wird montiert - wimex-group<\/title>\n<meta name=\"robots\" content=\"index, follow, max-snippet:-1, max-image-preview:large, max-video-preview:-1\" \/>\n<link rel=\"canonical\" href=\"https:\/\/wimex-group.com\/en\/meilenstein-fuer-energiepark-reppichau-erster-grosstransformator-wird-montiert\/\" \/>\n<meta property=\"og:locale\" content=\"en_US\" \/>\n<meta property=\"og:type\" content=\"article\" \/>\n<meta property=\"og:title\" content=\"Meilenstein f\u00fcr Energiepark Reppichau: Erster Gro\u00dftransformator wird montiert - wimex-group\" \/>\n<meta property=\"og:description\" content=\"Pressemitteilung Im Energiepark Reppichau wird mit der Installation des ersten Outdoor-Gro\u00dftransformators ein wichtiger Meilenstein erreicht. Das Photovoltaik-Gro\u00dfprojekt in Sachsen-Anhaltliegt liegt damit voll im Plan und n\u00e4hert sich mit 75\u202fMegawattpeak (MWp) installierter Leistung der f\u00fcr Ende Juni 2025 geplanten Fertigstellung. Der Energiepark ist ein Beispiel daf\u00fcr, wie die Energiewende effizient gelingen kann. PV-Gro\u00dfanlage w\u00e4chst im Rekordtempo [&hellip;]\" \/>\n<meta property=\"og:url\" content=\"https:\/\/wimex-group.com\/en\/meilenstein-fuer-energiepark-reppichau-erster-grosstransformator-wird-montiert\/\" \/>\n<meta property=\"og:site_name\" content=\"wimex-group\" \/>\n<meta property=\"article:published_time\" content=\"2025-05-15T11:32:18+00:00\" \/>\n<meta property=\"article:modified_time\" content=\"2025-05-15T11:32:19+00:00\" \/>\n<meta property=\"og:image\" content=\"https:\/\/wimex-group.com\/wp-content\/uploads\/2025\/05\/052025_PM_Reppichau.png\" \/>\n\t<meta property=\"og:image:width\" content=\"1620\" \/>\n\t<meta property=\"og:image:height\" content=\"1080\" \/>\n\t<meta property=\"og:image:type\" content=\"image\/png\" \/>\n<meta name=\"author\" content=\"Carolin Zeitler\" \/>\n<meta name=\"twitter:card\" content=\"summary_large_image\" \/>\n<meta name=\"twitter:label1\" content=\"Written by\" \/>\n\t<meta name=\"twitter:data1\" content=\"Carolin Zeitler\" \/>\n\t<meta name=\"twitter:label2\" content=\"Est. reading time\" \/>\n\t<meta name=\"twitter:data2\" content=\"5 minutes\" \/>\n<script type=\"application\/ld+json\" class=\"yoast-schema-graph\">{\"@context\":\"https:\\\/\\\/schema.org\",\"@graph\":[{\"@type\":\"Article\",\"@id\":\"https:\\\/\\\/wimex-group.com\\\/en\\\/meilenstein-fuer-energiepark-reppichau-erster-grosstransformator-wird-montiert\\\/#article\",\"isPartOf\":{\"@id\":\"https:\\\/\\\/wimex-group.com\\\/en\\\/meilenstein-fuer-energiepark-reppichau-erster-grosstransformator-wird-montiert\\\/\"},\"author\":{\"name\":\"Carolin Zeitler\",\"@id\":\"https:\\\/\\\/wimex-group.com\\\/en\\\/#\\\/schema\\\/person\\\/021998babb56631d9e15d580909d2a98\"},\"headline\":\"Meilenstein f\u00fcr Energiepark Reppichau: Erster Gro\u00dftransformator wird montiert\",\"datePublished\":\"2025-05-15T11:32:18+00:00\",\"dateModified\":\"2025-05-15T11:32:19+00:00\",\"mainEntityOfPage\":{\"@id\":\"https:\\\/\\\/wimex-group.com\\\/en\\\/meilenstein-fuer-energiepark-reppichau-erster-grosstransformator-wird-montiert\\\/\"},\"wordCount\":1360,\"commentCount\":0,\"image\":{\"@id\":\"https:\\\/\\\/wimex-group.com\\\/en\\\/meilenstein-fuer-energiepark-reppichau-erster-grosstransformator-wird-montiert\\\/#primaryimage\"},\"thumbnailUrl\":\"https:\\\/\\\/wimex-group.com\\\/wp-content\\\/uploads\\\/2025\\\/05\\\/052025_PM_Reppichau.png\",\"articleSection\":[\"News Startseite\"],\"inLanguage\":\"en-US\",\"potentialAction\":[{\"@type\":\"CommentAction\",\"name\":\"Comment\",\"target\":[\"https:\\\/\\\/wimex-group.com\\\/en\\\/meilenstein-fuer-energiepark-reppichau-erster-grosstransformator-wird-montiert\\\/#respond\"]}]},{\"@type\":\"WebPage\",\"@id\":\"https:\\\/\\\/wimex-group.com\\\/en\\\/meilenstein-fuer-energiepark-reppichau-erster-grosstransformator-wird-montiert\\\/\",\"url\":\"https:\\\/\\\/wimex-group.com\\\/en\\\/meilenstein-fuer-energiepark-reppichau-erster-grosstransformator-wird-montiert\\\/\",\"name\":\"Meilenstein f\u00fcr Energiepark Reppichau: Erster Gro\u00dftransformator wird montiert - wimex-group\",\"isPartOf\":{\"@id\":\"https:\\\/\\\/wimex-group.com\\\/en\\\/#website\"},\"primaryImageOfPage\":{\"@id\":\"https:\\\/\\\/wimex-group.com\\\/en\\\/meilenstein-fuer-energiepark-reppichau-erster-grosstransformator-wird-montiert\\\/#primaryimage\"},\"image\":{\"@id\":\"https:\\\/\\\/wimex-group.com\\\/en\\\/meilenstein-fuer-energiepark-reppichau-erster-grosstransformator-wird-montiert\\\/#primaryimage\"},\"thumbnailUrl\":\"https:\\\/\\\/wimex-group.com\\\/wp-content\\\/uploads\\\/2025\\\/05\\\/052025_PM_Reppichau.png\",\"datePublished\":\"2025-05-15T11:32:18+00:00\",\"dateModified\":\"2025-05-15T11:32:19+00:00\",\"author\":{\"@id\":\"https:\\\/\\\/wimex-group.com\\\/en\\\/#\\\/schema\\\/person\\\/021998babb56631d9e15d580909d2a98\"},\"breadcrumb\":{\"@id\":\"https:\\\/\\\/wimex-group.com\\\/en\\\/meilenstein-fuer-energiepark-reppichau-erster-grosstransformator-wird-montiert\\\/#breadcrumb\"},\"inLanguage\":\"en-US\",\"potentialAction\":[{\"@type\":\"ReadAction\",\"target\":[\"https:\\\/\\\/wimex-group.com\\\/en\\\/meilenstein-fuer-energiepark-reppichau-erster-grosstransformator-wird-montiert\\\/\"]}]},{\"@type\":\"ImageObject\",\"inLanguage\":\"en-US\",\"@id\":\"https:\\\/\\\/wimex-group.com\\\/en\\\/meilenstein-fuer-energiepark-reppichau-erster-grosstransformator-wird-montiert\\\/#primaryimage\",\"url\":\"https:\\\/\\\/wimex-group.com\\\/wp-content\\\/uploads\\\/2025\\\/05\\\/052025_PM_Reppichau.png\",\"contentUrl\":\"https:\\\/\\\/wimex-group.com\\\/wp-content\\\/uploads\\\/2025\\\/05\\\/052025_PM_Reppichau.png\",\"width\":1620,\"height\":1080},{\"@type\":\"BreadcrumbList\",\"@id\":\"https:\\\/\\\/wimex-group.com\\\/en\\\/meilenstein-fuer-energiepark-reppichau-erster-grosstransformator-wird-montiert\\\/#breadcrumb\",\"itemListElement\":[{\"@type\":\"ListItem\",\"position\":1,\"name\":\"Startseite\",\"item\":\"https:\\\/\\\/wimex-group.com\\\/en\\\/\"},{\"@type\":\"ListItem\",\"position\":2,\"name\":\"Meilenstein f\u00fcr Energiepark Reppichau: Erster Gro\u00dftransformator wird montiert\"}]},{\"@type\":\"WebSite\",\"@id\":\"https:\\\/\\\/wimex-group.com\\\/en\\\/#website\",\"url\":\"https:\\\/\\\/wimex-group.com\\\/en\\\/\",\"name\":\"wimex-group\",\"description\":\"Wimex Group\",\"potentialAction\":[{\"@type\":\"SearchAction\",\"target\":{\"@type\":\"EntryPoint\",\"urlTemplate\":\"https:\\\/\\\/wimex-group.com\\\/en\\\/?s={search_term_string}\"},\"query-input\":{\"@type\":\"PropertyValueSpecification\",\"valueRequired\":true,\"valueName\":\"search_term_string\"}}],\"inLanguage\":\"en-US\"},{\"@type\":\"Person\",\"@id\":\"https:\\\/\\\/wimex-group.com\\\/en\\\/#\\\/schema\\\/person\\\/021998babb56631d9e15d580909d2a98\",\"name\":\"Carolin Zeitler\",\"image\":{\"@type\":\"ImageObject\",\"inLanguage\":\"en-US\",\"@id\":\"https:\\\/\\\/secure.gravatar.com\\\/avatar\\\/70690699c4b78e0d1071212bc109d105862d1995272d53ee30249072cb614a4c?s=96&d=mm&r=g\",\"url\":\"https:\\\/\\\/secure.gravatar.com\\\/avatar\\\/70690699c4b78e0d1071212bc109d105862d1995272d53ee30249072cb614a4c?s=96&d=mm&r=g\",\"contentUrl\":\"https:\\\/\\\/secure.gravatar.com\\\/avatar\\\/70690699c4b78e0d1071212bc109d105862d1995272d53ee30249072cb614a4c?s=96&d=mm&r=g\",\"caption\":\"Carolin Zeitler\"},\"url\":\"https:\\\/\\\/wimex-group.com\\\/en\\\/author\\\/carolin-zeitler\\\/\"}]}<\/script>\n<!-- \/ Yoast SEO plugin. -->","yoast_head_json":{"title":"Meilenstein f\u00fcr Energiepark Reppichau: Erster Gro\u00dftransformator wird montiert - wimex-group","robots":{"index":"index","follow":"follow","max-snippet":"max-snippet:-1","max-image-preview":"max-image-preview:large","max-video-preview":"max-video-preview:-1"},"canonical":"https:\/\/wimex-group.com\/en\/meilenstein-fuer-energiepark-reppichau-erster-grosstransformator-wird-montiert\/","og_locale":"en_US","og_type":"article","og_title":"Meilenstein f\u00fcr Energiepark Reppichau: Erster Gro\u00dftransformator wird montiert - wimex-group","og_description":"Pressemitteilung Im Energiepark Reppichau wird mit der Installation des ersten Outdoor-Gro\u00dftransformators ein wichtiger Meilenstein erreicht. Das Photovoltaik-Gro\u00dfprojekt in Sachsen-Anhaltliegt liegt damit voll im Plan und n\u00e4hert sich mit 75\u202fMegawattpeak (MWp) installierter Leistung der f\u00fcr Ende Juni 2025 geplanten Fertigstellung. Der Energiepark ist ein Beispiel daf\u00fcr, wie die Energiewende effizient gelingen kann. PV-Gro\u00dfanlage w\u00e4chst im Rekordtempo [&hellip;]","og_url":"https:\/\/wimex-group.com\/en\/meilenstein-fuer-energiepark-reppichau-erster-grosstransformator-wird-montiert\/","og_site_name":"wimex-group","article_published_time":"2025-05-15T11:32:18+00:00","article_modified_time":"2025-05-15T11:32:19+00:00","og_image":[{"width":1620,"height":1080,"url":"https:\/\/wimex-group.com\/wp-content\/uploads\/2025\/05\/052025_PM_Reppichau.png","type":"image\/png"}],"author":"Carolin Zeitler","twitter_card":"summary_large_image","twitter_misc":{"Written by":"Carolin Zeitler","Est. reading time":"5 minutes"},"schema":{"@context":"https:\/\/schema.org","@graph":[{"@type":"Article","@id":"https:\/\/wimex-group.com\/en\/meilenstein-fuer-energiepark-reppichau-erster-grosstransformator-wird-montiert\/#article","isPartOf":{"@id":"https:\/\/wimex-group.com\/en\/meilenstein-fuer-energiepark-reppichau-erster-grosstransformator-wird-montiert\/"},"author":{"name":"Carolin Zeitler","@id":"https:\/\/wimex-group.com\/en\/#\/schema\/person\/021998babb56631d9e15d580909d2a98"},"headline":"Meilenstein f\u00fcr Energiepark Reppichau: Erster Gro\u00dftransformator wird montiert","datePublished":"2025-05-15T11:32:18+00:00","dateModified":"2025-05-15T11:32:19+00:00","mainEntityOfPage":{"@id":"https:\/\/wimex-group.com\/en\/meilenstein-fuer-energiepark-reppichau-erster-grosstransformator-wird-montiert\/"},"wordCount":1360,"commentCount":0,"image":{"@id":"https:\/\/wimex-group.com\/en\/meilenstein-fuer-energiepark-reppichau-erster-grosstransformator-wird-montiert\/#primaryimage"},"thumbnailUrl":"https:\/\/wimex-group.com\/wp-content\/uploads\/2025\/05\/052025_PM_Reppichau.png","articleSection":["News Startseite"],"inLanguage":"en-US","potentialAction":[{"@type":"CommentAction","name":"Comment","target":["https:\/\/wimex-group.com\/en\/meilenstein-fuer-energiepark-reppichau-erster-grosstransformator-wird-montiert\/#respond"]}]},{"@type":"WebPage","@id":"https:\/\/wimex-group.com\/en\/meilenstein-fuer-energiepark-reppichau-erster-grosstransformator-wird-montiert\/","url":"https:\/\/wimex-group.com\/en\/meilenstein-fuer-energiepark-reppichau-erster-grosstransformator-wird-montiert\/","name":"Meilenstein f\u00fcr Energiepark Reppichau: Erster Gro\u00dftransformator wird montiert - wimex-group","isPartOf":{"@id":"https:\/\/wimex-group.com\/en\/#website"},"primaryImageOfPage":{"@id":"https:\/\/wimex-group.com\/en\/meilenstein-fuer-energiepark-reppichau-erster-grosstransformator-wird-montiert\/#primaryimage"},"image":{"@id":"https:\/\/wimex-group.com\/en\/meilenstein-fuer-energiepark-reppichau-erster-grosstransformator-wird-montiert\/#primaryimage"},"thumbnailUrl":"https:\/\/wimex-group.com\/wp-content\/uploads\/2025\/05\/052025_PM_Reppichau.png","datePublished":"2025-05-15T11:32:18+00:00","dateModified":"2025-05-15T11:32:19+00:00","author":{"@id":"https:\/\/wimex-group.com\/en\/#\/schema\/person\/021998babb56631d9e15d580909d2a98"},"breadcrumb":{"@id":"https:\/\/wimex-group.com\/en\/meilenstein-fuer-energiepark-reppichau-erster-grosstransformator-wird-montiert\/#breadcrumb"},"inLanguage":"en-US","potentialAction":[{"@type":"ReadAction","target":["https:\/\/wimex-group.com\/en\/meilenstein-fuer-energiepark-reppichau-erster-grosstransformator-wird-montiert\/"]}]},{"@type":"ImageObject","inLanguage":"en-US","@id":"https:\/\/wimex-group.com\/en\/meilenstein-fuer-energiepark-reppichau-erster-grosstransformator-wird-montiert\/#primaryimage","url":"https:\/\/wimex-group.com\/wp-content\/uploads\/2025\/05\/052025_PM_Reppichau.png","contentUrl":"https:\/\/wimex-group.com\/wp-content\/uploads\/2025\/05\/052025_PM_Reppichau.png","width":1620,"height":1080},{"@type":"BreadcrumbList","@id":"https:\/\/wimex-group.com\/en\/meilenstein-fuer-energiepark-reppichau-erster-grosstransformator-wird-montiert\/#breadcrumb","itemListElement":[{"@type":"ListItem","position":1,"name":"Startseite","item":"https:\/\/wimex-group.com\/en\/"},{"@type":"ListItem","position":2,"name":"Meilenstein f\u00fcr Energiepark Reppichau: Erster Gro\u00dftransformator wird montiert"}]},{"@type":"WebSite","@id":"https:\/\/wimex-group.com\/en\/#website","url":"https:\/\/wimex-group.com\/en\/","name":"wimex-group","description":"Wimex Group","potentialAction":[{"@type":"SearchAction","target":{"@type":"EntryPoint","urlTemplate":"https:\/\/wimex-group.com\/en\/?s={search_term_string}"},"query-input":{"@type":"PropertyValueSpecification","valueRequired":true,"valueName":"search_term_string"}}],"inLanguage":"en-US"},{"@type":"Person","@id":"https:\/\/wimex-group.com\/en\/#\/schema\/person\/021998babb56631d9e15d580909d2a98","name":"Carolin Zeitler","image":{"@type":"ImageObject","inLanguage":"en-US","@id":"https:\/\/secure.gravatar.com\/avatar\/70690699c4b78e0d1071212bc109d105862d1995272d53ee30249072cb614a4c?s=96&d=mm&r=g","url":"https:\/\/secure.gravatar.com\/avatar\/70690699c4b78e0d1071212bc109d105862d1995272d53ee30249072cb614a4c?s=96&d=mm&r=g","contentUrl":"https:\/\/secure.gravatar.com\/avatar\/70690699c4b78e0d1071212bc109d105862d1995272d53ee30249072cb614a4c?s=96&d=mm&r=g","caption":"Carolin Zeitler"},"url":"https:\/\/wimex-group.com\/en\/author\/carolin-zeitler\/"}]}},"_links":{"self":[{"href":"https:\/\/wimex-group.com\/en\/wp-json\/wp\/v2\/posts\/5504","targetHints":{"allow":["GET"]}}],"collection":[{"href":"https:\/\/wimex-group.com\/en\/wp-json\/wp\/v2\/posts"}],"about":[{"href":"https:\/\/wimex-group.com\/en\/wp-json\/wp\/v2\/types\/post"}],"author":[{"embeddable":true,"href":"https:\/\/wimex-group.com\/en\/wp-json\/wp\/v2\/users\/9"}],"replies":[{"embeddable":true,"href":"https:\/\/wimex-group.com\/en\/wp-json\/wp\/v2\/comments?post=5504"}],"version-history":[{"count":5,"href":"https:\/\/wimex-group.com\/en\/wp-json\/wp\/v2\/posts\/5504\/revisions"}],"predecessor-version":[{"id":5527,"href":"https:\/\/wimex-group.com\/en\/wp-json\/wp\/v2\/posts\/5504\/revisions\/5527"}],"wp:featuredmedia":[{"embeddable":true,"href":"https:\/\/wimex-group.com\/en\/wp-json\/wp\/v2\/media\/5505"}],"wp:attachment":[{"href":"https:\/\/wimex-group.com\/en\/wp-json\/wp\/v2\/media?parent=5504"}],"wp:term":[{"taxonomy":"category","embeddable":true,"href":"https:\/\/wimex-group.com\/en\/wp-json\/wp\/v2\/categories?post=5504"},{"taxonomy":"post_tag","embeddable":true,"href":"https:\/\/wimex-group.com\/en\/wp-json\/wp\/v2\/tags?post=5504"}],"curies":[{"name":"wp","href":"https:\/\/api.w.org\/{rel}","templated":true}]}}