{"id":5530,"date":"2025-05-20T14:46:37","date_gmt":"2025-05-20T12:46:37","guid":{"rendered":"https:\/\/www.wimex-group.com\/?p=5530"},"modified":"2025-05-20T14:46:48","modified_gmt":"2025-05-20T12:46:48","slug":"perspektivenwechsel-kurz-vor-der-pruefung-azubis-vom-biogefluegelhof-deersheim-zu-gast-bei-uns","status":"publish","type":"post","link":"https:\/\/wimex-group.com\/en\/perspektivenwechsel-kurz-vor-der-pruefung-azubis-vom-biogefluegelhof-deersheim-zu-gast-bei-uns\/","title":{"rendered":"Perspektivenwechsel kurz vor der Pr\u00fcfung: Azubis vom Biogefl\u00fcgelhof Deersheim zu Gast bei uns"},"content":{"rendered":"<p>[et_pb_section fb_built=&#8221;1&#8243; _builder_version=&#8221;4.16&#8243; background_image=&#8221;https:\/\/wimex-group.com\/wp-content\/uploads\/2020\/12\/WMX_Intro_Slider_1.jpg&#8221; min_height=&#8221;350px&#8221; min_height_tablet=&#8221;&#8221; min_height_phone=&#8221;250px&#8221; min_height_last_edited=&#8221;on|phone&#8221; max_height=&#8221;350px&#8221; global_colors_info=&#8221;{}&#8221;][\/et_pb_section][et_pb_section fb_built=&#8221;1&#8243; _builder_version=&#8221;4.16&#8243; custom_padding=&#8221;||0px|||&#8221; global_colors_info=&#8221;{}&#8221;][et_pb_row _builder_version=&#8221;4.16&#8243; background_size=&#8221;initial&#8221; background_position=&#8221;top_left&#8221; background_repeat=&#8221;repeat&#8221; global_colors_info=&#8221;{}&#8221;][et_pb_column type=&#8221;4_4&#8243; _builder_version=&#8221;4.16&#8243; custom_padding=&#8221;|||&#8221; global_colors_info=&#8221;{}&#8221; custom_padding__hover=&#8221;|||&#8221;][et_pb_text _builder_version=&#8221;4.16&#8243; _dynamic_attributes=&#8221;content&#8221; text_font_size=&#8221;4em&#8221; text_line_height=&#8221;1.4em&#8221; text_orientation=&#8221;center&#8221; custom_margin=&#8221;|15%||15%|false|true&#8221; custom_margin_tablet=&#8221;|2%||2%|false|true&#8221; custom_margin_phone=&#8221;|0%||0%|false|true&#8221; custom_margin_last_edited=&#8221;on|phone&#8221; text_font_size_tablet=&#8221;3.6em&#8221; text_font_size_phone=&#8221;2.5em&#8221; text_font_size_last_edited=&#8221;on|tablet&#8221; global_colors_info=&#8221;{}&#8221;]@ET-DC@eyJkeW5hbWljIjp0cnVlLCJjb250ZW50IjoicG9zdF90aXRsZSIsInNldHRpbmdzIjp7ImJlZm9yZSI6IiIsImFmdGVyIjoiIn19@[\/et_pb_text][et_pb_text content_last_edited=&#8221;off|tablet&#8221; _builder_version=&#8221;4.16&#8243; _dynamic_attributes=&#8221;content&#8221; text_font=&#8221;Arial||||||||&#8221; text_text_color=&#8221;#0781ce&#8221; text_font_size=&#8221;1.5em&#8221; text_line_height=&#8221;1.4em&#8221; text_orientation=&#8221;center&#8221; text_font_size_tablet=&#8221;1.25em&#8221; text_font_size_phone=&#8221;1.25em&#8221; text_font_size_last_edited=&#8221;on|tablet&#8221; global_colors_info=&#8221;{}&#8221; content__hover_enabled=&#8221;off|desktop&#8221;]@ET-DC@eyJkeW5hbWljIjp0cnVlLCJjb250ZW50IjoicG9zdF9kYXRlIiwic2V0dGluZ3MiOnsiYmVmb3JlIjoiIiwiYWZ0ZXIiOiIiLCJkYXRlX2Zvcm1hdCI6ImRlZmF1bHQiLCJjdXN0b21fZGF0ZV9mb3JtYXQiOiIifX0=@[\/et_pb_text][\/et_pb_column][\/et_pb_row][et_pb_row _builder_version=&#8221;4.16&#8243; background_size=&#8221;initial&#8221; background_position=&#8221;top_left&#8221; background_repeat=&#8221;repeat&#8221; module_alignment=&#8221;center&#8221; custom_margin=&#8221;|-1px||411px||&#8221; global_colors_info=&#8221;{}&#8221;][et_pb_column type=&#8221;4_4&#8243; _builder_version=&#8221;4.16&#8243; custom_padding=&#8221;|||&#8221; global_colors_info=&#8221;{}&#8221; custom_padding__hover=&#8221;|||&#8221;][et_pb_text _builder_version=&#8221;4.27.4&#8243; text_font_size=&#8221;1.5em&#8221; custom_margin=&#8221;|15%||15%|false|true&#8221; custom_margin_tablet=&#8221;|5%||5%|false|true&#8221; custom_margin_phone=&#8221;|2%||2%|false|true&#8221; custom_margin_last_edited=&#8221;on|tablet&#8221; custom_padding=&#8221;||0px|||&#8221; hover_enabled=&#8221;0&#8243; text_font_size_tablet=&#8221;&#8221; text_font_size_phone=&#8221;1.3em&#8221; text_font_size_last_edited=&#8221;on|desktop&#8221; global_colors_info=&#8221;{}&#8221; sticky_enabled=&#8221;0&#8243;]<\/p>\n<p>Mit einer Ausbildung zum Tierwirt oder zur Tierwirtin bei Wimex in der Fachrichtung Gefl\u00fcgel entscheiden sich junge Menschen f\u00fcr einen Beruf mit Verantwortung, Perspektive und t\u00e4glich neuen Herausforderungen. Wer sich f\u00fcr diesen Weg entscheidet, bekommt bei uns nicht nur eine fundierte Ausbildung \u2013 sondern auch spannende Einblicke in verschiedene Bereiche der modernen Gefl\u00fcgelhaltung, zukunftssichere Berufsperspektiven und beste Entwicklungsm\u00f6glichkeiten.<\/p>\n<p>Wie vielseitig und spannend dieser Beruf sein kann, zeigte sich vergangene Woche: Drei Auszubildende im 3. Lehrjahr vom Biogefl\u00fcgelhof Deersheim, Sachsen-Anhalt, waren bei uns zu Gast. Kurz vor den im Mai und Juni anstehenden Abschlusspr\u00fcfungen nutzten sie die Chance auf einen spannenden Perspektivenwechsel.<br \/>Als einer von zwei anerkannten Pr\u00fcfbetrieben in Sachsen-Anhalt freuen wir uns, die Kenntnisse der jungen Talente vertiefen und erweitern zu k\u00f6nnen. Bisher waren die Azubis aus Deersheim nur mit der Haltung von Legehennen vertraut, die Konsumeier legen. Bei uns lernten sie die Elterntierhaltung mit deutlich anderen Anforderungen und Zuchtzielen kennen. W\u00e4hrend Legehennen rund 320 Eier pro Jahr legen, liegt die Leistung unserer Elterntiere mit etwa 170 Eiern j\u00e4hrlich deutlich niedriger. Daf\u00fcr zeichnen sie sich durch ein h\u00f6heres K\u00f6rpergewicht und besondere z\u00fcchterische Merkmale aus, die f\u00fcr die Mastk\u00fckenproduktion entscheidend sind. Das ist eine verantwortungsvolle Aufgabe, die viel Wissen und praktisches Gesp\u00fcr erfordert. Genau das vermitteln wir unseren Auszubildenden \u2013 praxisnah, engagiert und auf Augenh\u00f6he.<\/p>\n<p>Neben der intensiven Praxis kam auch der pers\u00f6nliche Austausch mit unserem Auszubildenden Tom Richmann nicht zu kurz, der ebenfalls kurz vor seiner Abschlusspr\u00fcfung steht. Unsere Ausbildung im Gefl\u00fcgelbereich verbindet moderne Tierhaltung mit fundiertem Fachwissen \u2013 und er\u00f6ffnet jungen Menschen echte Chancen f\u00fcr ihre berufliche Zukunft. Ob du sp\u00e4ter im Stall Verantwortung \u00fcbernimmst, dich weiterqualifizierst oder in die Tierzucht oder Tiergesundheit gehst \u2013 eine Ausbildung bei Wimex legt den Grundstein f\u00fcr vielf\u00e4ltige Karrierewege.<br \/>Mehr zur <a href=\"https:\/\/karriere.wimex-group.com\/o\/ausbildung-tierwirt-mwd-gefluegelhaltung\">Ausbildung zum Tierwirt Fachrichtung Gefl\u00fcgel<\/a> erfahren Sie auf unserer <a href=\"https:\/\/karriere.wimex-group.com\/\">Karriereseite<\/a>.<\/p>\n<p>Wir w\u00fcnschen Tom Richmann und den drei Auszubildenden vom Biogefl\u00fcgelhof Deersheim viel Erfolg bei ihren anstehenden Pr\u00fcfungen! \ud83d\ude0a<\/p>\n<p>[\/et_pb_text][\/et_pb_column][\/et_pb_row][et_pb_row _builder_version=&#8221;4.27.4&#8243; _module_preset=&#8221;default&#8221; min_height=&#8221;766.5px&#8221; custom_margin=&#8221;|auto|12px|auto||&#8221; custom_padding=&#8221;||0px|||&#8221; global_colors_info=&#8221;{}&#8221;][et_pb_column type=&#8221;4_4&#8243; _builder_version=&#8221;4.27.4&#8243; _module_preset=&#8221;default&#8221; global_colors_info=&#8221;{}&#8221;][et_pb_image src=&#8221;https:\/\/wimex-group.com\/wp-content\/uploads\/2025\/05\/052025_Azubi_Gefluegel.png&#8221; title_text=&#8221;052025_Azubi_Gefluegel&#8221; url=&#8221;@ET-DC@eyJkeW5hbWljIjp0cnVlLCJjb250ZW50IjoicG9zdF9saW5rX3VybF9hdHRhY2htZW50Iiwic2V0dGluZ3MiOnsicG9zdF9pZCI6IjUxMTgifX0=@&#8221; _builder_version=&#8221;4.27.4&#8243; _dynamic_attributes=&#8221;url&#8221; _module_preset=&#8221;default&#8221; width=&#8221;100%&#8221; module_alignment=&#8221;center&#8221; custom_margin=&#8221;-9px|-136px||0px|false|false&#8221; custom_padding=&#8221;|0px|0px|0px|false|false&#8221; hover_enabled=&#8221;0&#8243; global_colors_info=&#8221;{}&#8221; sticky_enabled=&#8221;0&#8243;][\/et_pb_image][et_pb_text _builder_version=&#8221;4.27.4&#8243; text_font_size=&#8221;1.5em&#8221; custom_margin=&#8221;|15%||15%|false|true&#8221; custom_margin_tablet=&#8221;|5%||5%|false|true&#8221; custom_margin_phone=&#8221;|2%||2%|false|true&#8221; custom_margin_last_edited=&#8221;on|tablet&#8221; custom_padding=&#8221;||0px|||&#8221; hover_enabled=&#8221;0&#8243; text_font_size_tablet=&#8221;&#8221; text_font_size_phone=&#8221;1.3em&#8221; text_font_size_last_edited=&#8221;on|desktop&#8221; global_colors_info=&#8221;{}&#8221; sticky_enabled=&#8221;0&#8243;]<\/p>\n<p><em>Unser Azubi Tom Richmann (2. von rechts) und Ausbilder Chris Oeter-Marr\u00e9 (rechts) gemeinsam mit den drei Auszubildenden vom Biogefl\u00fcgelhof Deersheim.<\/em><\/p>\n<p>[\/et_pb_text][\/et_pb_column][\/et_pb_row][\/et_pb_section]<\/p>\n","protected":false},"excerpt":{"rendered":"<p>Mit einer Ausbildung zum Tierwirt oder zur Tierwirtin bei Wimex in der Fachrichtung Gefl\u00fcgel entscheiden sich junge Menschen f\u00fcr einen Beruf mit Verantwortung, Perspektive und t\u00e4glich neuen Herausforderungen. Wer sich f\u00fcr diesen Weg entscheidet, bekommt bei uns nicht nur eine fundierte Ausbildung \u2013 sondern auch spannende Einblicke in verschiedene Bereiche der modernen Gefl\u00fcgelhaltung, zukunftssichere Berufsperspektiven [&hellip;]<\/p>\n","protected":false},"author":9,"featured_media":5531,"comment_status":"open","ping_status":"open","sticky":false,"template":"","format":"standard","meta":{"_et_pb_use_builder":"on","_et_pb_old_content":"<!-- wp:paragraph -->\n<p>Dank einer Anfrage zweier Hobbysprayer wird das unser altes BALM-Lager in Rosefeld zum Objekt regelm\u00e4\u00dfiger Graffiti-Projekte. Bei dem Graffiti-Duo mit dem K\u00fcnstlernamen DRMLZ handelt es sich um die geb\u00fcrtigen Dessauer Stefan Schneider (42) und Stefan Berndt (36). Die beiden Freunde leben und arbeiten als Senior Designer in Berlin \u2026<\/p>\n<!-- \/wp:paragraph -->\n\n<!-- wp:paragraph -->\n<p>Natate peris vitatem vel idis eseruptum ea acerro mint enihicatist lab ium faccust, cus ex eliquos vid quatqui dolorist iderepu disciaes mod qui dolum quam, que dollest, quam, ut aut aut quidellabor apeliquat.<br>Ictemquam imporep udandissi sum suntem cuptae solliquae peliate cabores erumet il idi temporest, od es voluptis volent omnihiliqui optatent utem nonsequid ut quis reptumque pla doloris vellate mporempostis volest mo ipsam, sim dolore, tetur, simust, sit porae aut quunt quunte non re sim el is alis dentinverias eumque volupta tustis dist, natus dolorite cuptatem exernatur secti asperep udigenimus audit reped quam eiciis quo des qui volectem demperci officia intinvendus aspere idis mo eius de quae pos esequam, ipis doluptatios quuntiis que nis iur, simporrovita cum rese volupta quamus.<br>Iquam arioriost quo quo dolupti odi dolupit re voluptistis volorae sus pro veliquatur a plitat.<\/p>\n<!-- \/wp:paragraph -->\n\n<!-- wp:paragraph -->\n<p>Raturi nectorectis raectum incia con commoluptat offictur?<br>Dae sit officidem nobis aut adit aut maximinctus dissed que core peditatur maximil isinis ante vereptatur, sites que porerum que ma con eos quam renda nienis et lantiusciet vendebit exernatur? Qui nonsequiaes nemos eum id molore lacerch icidem re, consecuptur ma aut pe dolorem poreseq uatemolorat ipidi si bera nis vitionse occatus serum fuga. Namenimust volupta tenime lantur, non nonse quiam rerum hit, sumquam enem cus, sanditiur? Quist autem volor andi dolecto remporum eum am quo moluptat dendam, nemporem rat quidem vendi occulpa nonserum accatio odis il ipiciusam consenem quia et escid que idebit, ut aspidel ibeaquam et.<\/p>\n<!-- \/wp:paragraph -->","_et_gb_content_width":"2880","footnotes":""},"categories":[11],"tags":[],"class_list":["post-5530","post","type-post","status-publish","format-standard","has-post-thumbnail","hentry","category-news-startseite"],"yoast_head":"<!-- This site is optimized with the Yoast SEO plugin v27.3 - https:\/\/yoast.com\/product\/yoast-seo-wordpress\/ -->\n<title>Perspektivenwechsel kurz vor der Pr\u00fcfung: Azubis vom Biogefl\u00fcgelhof Deersheim zu Gast bei uns - wimex-group<\/title>\n<meta name=\"robots\" content=\"index, follow, max-snippet:-1, max-image-preview:large, max-video-preview:-1\" \/>\n<link rel=\"canonical\" href=\"https:\/\/wimex-group.com\/en\/perspektivenwechsel-kurz-vor-der-pruefung-azubis-vom-biogefluegelhof-deersheim-zu-gast-bei-uns\/\" \/>\n<meta property=\"og:locale\" content=\"en_US\" \/>\n<meta property=\"og:type\" content=\"article\" \/>\n<meta property=\"og:title\" content=\"Perspektivenwechsel kurz vor der Pr\u00fcfung: Azubis vom Biogefl\u00fcgelhof Deersheim zu Gast bei uns - wimex-group\" \/>\n<meta property=\"og:description\" content=\"Mit einer Ausbildung zum Tierwirt oder zur Tierwirtin bei Wimex in der Fachrichtung Gefl\u00fcgel entscheiden sich junge Menschen f\u00fcr einen Beruf mit Verantwortung, Perspektive und t\u00e4glich neuen Herausforderungen. Wer sich f\u00fcr diesen Weg entscheidet, bekommt bei uns nicht nur eine fundierte Ausbildung \u2013 sondern auch spannende Einblicke in verschiedene Bereiche der modernen Gefl\u00fcgelhaltung, zukunftssichere Berufsperspektiven [&hellip;]\" \/>\n<meta property=\"og:url\" content=\"https:\/\/wimex-group.com\/en\/perspektivenwechsel-kurz-vor-der-pruefung-azubis-vom-biogefluegelhof-deersheim-zu-gast-bei-uns\/\" \/>\n<meta property=\"og:site_name\" content=\"wimex-group\" \/>\n<meta property=\"article:published_time\" content=\"2025-05-20T12:46:37+00:00\" \/>\n<meta property=\"article:modified_time\" content=\"2025-05-20T12:46:48+00:00\" \/>\n<meta property=\"og:image\" content=\"https:\/\/wimex-group.com\/wp-content\/uploads\/2025\/05\/052025_Azubi_Gefluegel.png\" \/>\n\t<meta property=\"og:image:width\" content=\"1620\" \/>\n\t<meta property=\"og:image:height\" content=\"1080\" \/>\n\t<meta property=\"og:image:type\" content=\"image\/png\" \/>\n<meta name=\"author\" content=\"Carolin Zeitler\" \/>\n<meta name=\"twitter:card\" content=\"summary_large_image\" \/>\n<meta name=\"twitter:label1\" content=\"Written by\" \/>\n\t<meta name=\"twitter:data1\" content=\"Carolin Zeitler\" \/>\n\t<meta name=\"twitter:label2\" content=\"Est. reading time\" \/>\n\t<meta name=\"twitter:data2\" content=\"5 minutes\" \/>\n<script type=\"application\/ld+json\" class=\"yoast-schema-graph\">{\"@context\":\"https:\\\/\\\/schema.org\",\"@graph\":[{\"@type\":\"Article\",\"@id\":\"https:\\\/\\\/wimex-group.com\\\/en\\\/perspektivenwechsel-kurz-vor-der-pruefung-azubis-vom-biogefluegelhof-deersheim-zu-gast-bei-uns\\\/#article\",\"isPartOf\":{\"@id\":\"https:\\\/\\\/wimex-group.com\\\/en\\\/perspektivenwechsel-kurz-vor-der-pruefung-azubis-vom-biogefluegelhof-deersheim-zu-gast-bei-uns\\\/\"},\"author\":{\"name\":\"Carolin Zeitler\",\"@id\":\"https:\\\/\\\/wimex-group.com\\\/en\\\/#\\\/schema\\\/person\\\/021998babb56631d9e15d580909d2a98\"},\"headline\":\"Perspektivenwechsel kurz vor der Pr\u00fcfung: Azubis vom Biogefl\u00fcgelhof Deersheim zu Gast bei uns\",\"datePublished\":\"2025-05-20T12:46:37+00:00\",\"dateModified\":\"2025-05-20T12:46:48+00:00\",\"mainEntityOfPage\":{\"@id\":\"https:\\\/\\\/wimex-group.com\\\/en\\\/perspektivenwechsel-kurz-vor-der-pruefung-azubis-vom-biogefluegelhof-deersheim-zu-gast-bei-uns\\\/\"},\"wordCount\":902,\"commentCount\":0,\"image\":{\"@id\":\"https:\\\/\\\/wimex-group.com\\\/en\\\/perspektivenwechsel-kurz-vor-der-pruefung-azubis-vom-biogefluegelhof-deersheim-zu-gast-bei-uns\\\/#primaryimage\"},\"thumbnailUrl\":\"https:\\\/\\\/wimex-group.com\\\/wp-content\\\/uploads\\\/2025\\\/05\\\/052025_Azubi_Gefluegel.png\",\"articleSection\":[\"News Startseite\"],\"inLanguage\":\"en-US\",\"potentialAction\":[{\"@type\":\"CommentAction\",\"name\":\"Comment\",\"target\":[\"https:\\\/\\\/wimex-group.com\\\/en\\\/perspektivenwechsel-kurz-vor-der-pruefung-azubis-vom-biogefluegelhof-deersheim-zu-gast-bei-uns\\\/#respond\"]}]},{\"@type\":\"WebPage\",\"@id\":\"https:\\\/\\\/wimex-group.com\\\/en\\\/perspektivenwechsel-kurz-vor-der-pruefung-azubis-vom-biogefluegelhof-deersheim-zu-gast-bei-uns\\\/\",\"url\":\"https:\\\/\\\/wimex-group.com\\\/en\\\/perspektivenwechsel-kurz-vor-der-pruefung-azubis-vom-biogefluegelhof-deersheim-zu-gast-bei-uns\\\/\",\"name\":\"Perspektivenwechsel kurz vor der Pr\u00fcfung: Azubis vom Biogefl\u00fcgelhof Deersheim zu Gast bei uns - wimex-group\",\"isPartOf\":{\"@id\":\"https:\\\/\\\/wimex-group.com\\\/en\\\/#website\"},\"primaryImageOfPage\":{\"@id\":\"https:\\\/\\\/wimex-group.com\\\/en\\\/perspektivenwechsel-kurz-vor-der-pruefung-azubis-vom-biogefluegelhof-deersheim-zu-gast-bei-uns\\\/#primaryimage\"},\"image\":{\"@id\":\"https:\\\/\\\/wimex-group.com\\\/en\\\/perspektivenwechsel-kurz-vor-der-pruefung-azubis-vom-biogefluegelhof-deersheim-zu-gast-bei-uns\\\/#primaryimage\"},\"thumbnailUrl\":\"https:\\\/\\\/wimex-group.com\\\/wp-content\\\/uploads\\\/2025\\\/05\\\/052025_Azubi_Gefluegel.png\",\"datePublished\":\"2025-05-20T12:46:37+00:00\",\"dateModified\":\"2025-05-20T12:46:48+00:00\",\"author\":{\"@id\":\"https:\\\/\\\/wimex-group.com\\\/en\\\/#\\\/schema\\\/person\\\/021998babb56631d9e15d580909d2a98\"},\"breadcrumb\":{\"@id\":\"https:\\\/\\\/wimex-group.com\\\/en\\\/perspektivenwechsel-kurz-vor-der-pruefung-azubis-vom-biogefluegelhof-deersheim-zu-gast-bei-uns\\\/#breadcrumb\"},\"inLanguage\":\"en-US\",\"potentialAction\":[{\"@type\":\"ReadAction\",\"target\":[\"https:\\\/\\\/wimex-group.com\\\/en\\\/perspektivenwechsel-kurz-vor-der-pruefung-azubis-vom-biogefluegelhof-deersheim-zu-gast-bei-uns\\\/\"]}]},{\"@type\":\"ImageObject\",\"inLanguage\":\"en-US\",\"@id\":\"https:\\\/\\\/wimex-group.com\\\/en\\\/perspektivenwechsel-kurz-vor-der-pruefung-azubis-vom-biogefluegelhof-deersheim-zu-gast-bei-uns\\\/#primaryimage\",\"url\":\"https:\\\/\\\/wimex-group.com\\\/wp-content\\\/uploads\\\/2025\\\/05\\\/052025_Azubi_Gefluegel.png\",\"contentUrl\":\"https:\\\/\\\/wimex-group.com\\\/wp-content\\\/uploads\\\/2025\\\/05\\\/052025_Azubi_Gefluegel.png\",\"width\":1620,\"height\":1080},{\"@type\":\"BreadcrumbList\",\"@id\":\"https:\\\/\\\/wimex-group.com\\\/en\\\/perspektivenwechsel-kurz-vor-der-pruefung-azubis-vom-biogefluegelhof-deersheim-zu-gast-bei-uns\\\/#breadcrumb\",\"itemListElement\":[{\"@type\":\"ListItem\",\"position\":1,\"name\":\"Startseite\",\"item\":\"https:\\\/\\\/wimex-group.com\\\/en\\\/\"},{\"@type\":\"ListItem\",\"position\":2,\"name\":\"Perspektivenwechsel kurz vor der Pr\u00fcfung: Azubis vom Biogefl\u00fcgelhof Deersheim zu Gast bei uns\"}]},{\"@type\":\"WebSite\",\"@id\":\"https:\\\/\\\/wimex-group.com\\\/en\\\/#website\",\"url\":\"https:\\\/\\\/wimex-group.com\\\/en\\\/\",\"name\":\"wimex-group\",\"description\":\"Wimex Group\",\"potentialAction\":[{\"@type\":\"SearchAction\",\"target\":{\"@type\":\"EntryPoint\",\"urlTemplate\":\"https:\\\/\\\/wimex-group.com\\\/en\\\/?s={search_term_string}\"},\"query-input\":{\"@type\":\"PropertyValueSpecification\",\"valueRequired\":true,\"valueName\":\"search_term_string\"}}],\"inLanguage\":\"en-US\"},{\"@type\":\"Person\",\"@id\":\"https:\\\/\\\/wimex-group.com\\\/en\\\/#\\\/schema\\\/person\\\/021998babb56631d9e15d580909d2a98\",\"name\":\"Carolin Zeitler\",\"image\":{\"@type\":\"ImageObject\",\"inLanguage\":\"en-US\",\"@id\":\"https:\\\/\\\/secure.gravatar.com\\\/avatar\\\/70690699c4b78e0d1071212bc109d105862d1995272d53ee30249072cb614a4c?s=96&d=mm&r=g\",\"url\":\"https:\\\/\\\/secure.gravatar.com\\\/avatar\\\/70690699c4b78e0d1071212bc109d105862d1995272d53ee30249072cb614a4c?s=96&d=mm&r=g\",\"contentUrl\":\"https:\\\/\\\/secure.gravatar.com\\\/avatar\\\/70690699c4b78e0d1071212bc109d105862d1995272d53ee30249072cb614a4c?s=96&d=mm&r=g\",\"caption\":\"Carolin Zeitler\"},\"url\":\"https:\\\/\\\/wimex-group.com\\\/en\\\/author\\\/carolin-zeitler\\\/\"}]}<\/script>\n<!-- \/ Yoast SEO plugin. -->","yoast_head_json":{"title":"Perspektivenwechsel kurz vor der Pr\u00fcfung: Azubis vom Biogefl\u00fcgelhof Deersheim zu Gast bei uns - wimex-group","robots":{"index":"index","follow":"follow","max-snippet":"max-snippet:-1","max-image-preview":"max-image-preview:large","max-video-preview":"max-video-preview:-1"},"canonical":"https:\/\/wimex-group.com\/en\/perspektivenwechsel-kurz-vor-der-pruefung-azubis-vom-biogefluegelhof-deersheim-zu-gast-bei-uns\/","og_locale":"en_US","og_type":"article","og_title":"Perspektivenwechsel kurz vor der Pr\u00fcfung: Azubis vom Biogefl\u00fcgelhof Deersheim zu Gast bei uns - wimex-group","og_description":"Mit einer Ausbildung zum Tierwirt oder zur Tierwirtin bei Wimex in der Fachrichtung Gefl\u00fcgel entscheiden sich junge Menschen f\u00fcr einen Beruf mit Verantwortung, Perspektive und t\u00e4glich neuen Herausforderungen. Wer sich f\u00fcr diesen Weg entscheidet, bekommt bei uns nicht nur eine fundierte Ausbildung \u2013 sondern auch spannende Einblicke in verschiedene Bereiche der modernen Gefl\u00fcgelhaltung, zukunftssichere Berufsperspektiven [&hellip;]","og_url":"https:\/\/wimex-group.com\/en\/perspektivenwechsel-kurz-vor-der-pruefung-azubis-vom-biogefluegelhof-deersheim-zu-gast-bei-uns\/","og_site_name":"wimex-group","article_published_time":"2025-05-20T12:46:37+00:00","article_modified_time":"2025-05-20T12:46:48+00:00","og_image":[{"width":1620,"height":1080,"url":"https:\/\/wimex-group.com\/wp-content\/uploads\/2025\/05\/052025_Azubi_Gefluegel.png","type":"image\/png"}],"author":"Carolin Zeitler","twitter_card":"summary_large_image","twitter_misc":{"Written by":"Carolin Zeitler","Est. reading time":"5 minutes"},"schema":{"@context":"https:\/\/schema.org","@graph":[{"@type":"Article","@id":"https:\/\/wimex-group.com\/en\/perspektivenwechsel-kurz-vor-der-pruefung-azubis-vom-biogefluegelhof-deersheim-zu-gast-bei-uns\/#article","isPartOf":{"@id":"https:\/\/wimex-group.com\/en\/perspektivenwechsel-kurz-vor-der-pruefung-azubis-vom-biogefluegelhof-deersheim-zu-gast-bei-uns\/"},"author":{"name":"Carolin Zeitler","@id":"https:\/\/wimex-group.com\/en\/#\/schema\/person\/021998babb56631d9e15d580909d2a98"},"headline":"Perspektivenwechsel kurz vor der Pr\u00fcfung: Azubis vom Biogefl\u00fcgelhof Deersheim zu Gast bei uns","datePublished":"2025-05-20T12:46:37+00:00","dateModified":"2025-05-20T12:46:48+00:00","mainEntityOfPage":{"@id":"https:\/\/wimex-group.com\/en\/perspektivenwechsel-kurz-vor-der-pruefung-azubis-vom-biogefluegelhof-deersheim-zu-gast-bei-uns\/"},"wordCount":902,"commentCount":0,"image":{"@id":"https:\/\/wimex-group.com\/en\/perspektivenwechsel-kurz-vor-der-pruefung-azubis-vom-biogefluegelhof-deersheim-zu-gast-bei-uns\/#primaryimage"},"thumbnailUrl":"https:\/\/wimex-group.com\/wp-content\/uploads\/2025\/05\/052025_Azubi_Gefluegel.png","articleSection":["News Startseite"],"inLanguage":"en-US","potentialAction":[{"@type":"CommentAction","name":"Comment","target":["https:\/\/wimex-group.com\/en\/perspektivenwechsel-kurz-vor-der-pruefung-azubis-vom-biogefluegelhof-deersheim-zu-gast-bei-uns\/#respond"]}]},{"@type":"WebPage","@id":"https:\/\/wimex-group.com\/en\/perspektivenwechsel-kurz-vor-der-pruefung-azubis-vom-biogefluegelhof-deersheim-zu-gast-bei-uns\/","url":"https:\/\/wimex-group.com\/en\/perspektivenwechsel-kurz-vor-der-pruefung-azubis-vom-biogefluegelhof-deersheim-zu-gast-bei-uns\/","name":"Perspektivenwechsel kurz vor der Pr\u00fcfung: Azubis vom Biogefl\u00fcgelhof Deersheim zu Gast bei uns - wimex-group","isPartOf":{"@id":"https:\/\/wimex-group.com\/en\/#website"},"primaryImageOfPage":{"@id":"https:\/\/wimex-group.com\/en\/perspektivenwechsel-kurz-vor-der-pruefung-azubis-vom-biogefluegelhof-deersheim-zu-gast-bei-uns\/#primaryimage"},"image":{"@id":"https:\/\/wimex-group.com\/en\/perspektivenwechsel-kurz-vor-der-pruefung-azubis-vom-biogefluegelhof-deersheim-zu-gast-bei-uns\/#primaryimage"},"thumbnailUrl":"https:\/\/wimex-group.com\/wp-content\/uploads\/2025\/05\/052025_Azubi_Gefluegel.png","datePublished":"2025-05-20T12:46:37+00:00","dateModified":"2025-05-20T12:46:48+00:00","author":{"@id":"https:\/\/wimex-group.com\/en\/#\/schema\/person\/021998babb56631d9e15d580909d2a98"},"breadcrumb":{"@id":"https:\/\/wimex-group.com\/en\/perspektivenwechsel-kurz-vor-der-pruefung-azubis-vom-biogefluegelhof-deersheim-zu-gast-bei-uns\/#breadcrumb"},"inLanguage":"en-US","potentialAction":[{"@type":"ReadAction","target":["https:\/\/wimex-group.com\/en\/perspektivenwechsel-kurz-vor-der-pruefung-azubis-vom-biogefluegelhof-deersheim-zu-gast-bei-uns\/"]}]},{"@type":"ImageObject","inLanguage":"en-US","@id":"https:\/\/wimex-group.com\/en\/perspektivenwechsel-kurz-vor-der-pruefung-azubis-vom-biogefluegelhof-deersheim-zu-gast-bei-uns\/#primaryimage","url":"https:\/\/wimex-group.com\/wp-content\/uploads\/2025\/05\/052025_Azubi_Gefluegel.png","contentUrl":"https:\/\/wimex-group.com\/wp-content\/uploads\/2025\/05\/052025_Azubi_Gefluegel.png","width":1620,"height":1080},{"@type":"BreadcrumbList","@id":"https:\/\/wimex-group.com\/en\/perspektivenwechsel-kurz-vor-der-pruefung-azubis-vom-biogefluegelhof-deersheim-zu-gast-bei-uns\/#breadcrumb","itemListElement":[{"@type":"ListItem","position":1,"name":"Startseite","item":"https:\/\/wimex-group.com\/en\/"},{"@type":"ListItem","position":2,"name":"Perspektivenwechsel kurz vor der Pr\u00fcfung: Azubis vom Biogefl\u00fcgelhof Deersheim zu Gast bei uns"}]},{"@type":"WebSite","@id":"https:\/\/wimex-group.com\/en\/#website","url":"https:\/\/wimex-group.com\/en\/","name":"wimex-group","description":"Wimex Group","potentialAction":[{"@type":"SearchAction","target":{"@type":"EntryPoint","urlTemplate":"https:\/\/wimex-group.com\/en\/?s={search_term_string}"},"query-input":{"@type":"PropertyValueSpecification","valueRequired":true,"valueName":"search_term_string"}}],"inLanguage":"en-US"},{"@type":"Person","@id":"https:\/\/wimex-group.com\/en\/#\/schema\/person\/021998babb56631d9e15d580909d2a98","name":"Carolin Zeitler","image":{"@type":"ImageObject","inLanguage":"en-US","@id":"https:\/\/secure.gravatar.com\/avatar\/70690699c4b78e0d1071212bc109d105862d1995272d53ee30249072cb614a4c?s=96&d=mm&r=g","url":"https:\/\/secure.gravatar.com\/avatar\/70690699c4b78e0d1071212bc109d105862d1995272d53ee30249072cb614a4c?s=96&d=mm&r=g","contentUrl":"https:\/\/secure.gravatar.com\/avatar\/70690699c4b78e0d1071212bc109d105862d1995272d53ee30249072cb614a4c?s=96&d=mm&r=g","caption":"Carolin Zeitler"},"url":"https:\/\/wimex-group.com\/en\/author\/carolin-zeitler\/"}]}},"_links":{"self":[{"href":"https:\/\/wimex-group.com\/en\/wp-json\/wp\/v2\/posts\/5530","targetHints":{"allow":["GET"]}}],"collection":[{"href":"https:\/\/wimex-group.com\/en\/wp-json\/wp\/v2\/posts"}],"about":[{"href":"https:\/\/wimex-group.com\/en\/wp-json\/wp\/v2\/types\/post"}],"author":[{"embeddable":true,"href":"https:\/\/wimex-group.com\/en\/wp-json\/wp\/v2\/users\/9"}],"replies":[{"embeddable":true,"href":"https:\/\/wimex-group.com\/en\/wp-json\/wp\/v2\/comments?post=5530"}],"version-history":[{"count":3,"href":"https:\/\/wimex-group.com\/en\/wp-json\/wp\/v2\/posts\/5530\/revisions"}],"predecessor-version":[{"id":5536,"href":"https:\/\/wimex-group.com\/en\/wp-json\/wp\/v2\/posts\/5530\/revisions\/5536"}],"wp:featuredmedia":[{"embeddable":true,"href":"https:\/\/wimex-group.com\/en\/wp-json\/wp\/v2\/media\/5531"}],"wp:attachment":[{"href":"https:\/\/wimex-group.com\/en\/wp-json\/wp\/v2\/media?parent=5530"}],"wp:term":[{"taxonomy":"category","embeddable":true,"href":"https:\/\/wimex-group.com\/en\/wp-json\/wp\/v2\/categories?post=5530"},{"taxonomy":"post_tag","embeddable":true,"href":"https:\/\/wimex-group.com\/en\/wp-json\/wp\/v2\/tags?post=5530"}],"curies":[{"name":"wp","href":"https:\/\/api.w.org\/{rel}","templated":true}]}}