{"id":5803,"date":"2025-08-05T09:32:59","date_gmt":"2025-08-05T07:32:59","guid":{"rendered":"https:\/\/wimex-group.com\/?p=5803"},"modified":"2025-08-05T09:42:48","modified_gmt":"2025-08-05T07:42:48","slug":"magische-mondnacht-im-maislabyrinth","status":"publish","type":"post","link":"https:\/\/wimex-group.com\/en\/magische-mondnacht-im-maislabyrinth\/","title":{"rendered":"Magische Mondnacht im Maislabyrinth"},"content":{"rendered":"<p>[et_pb_section fb_built=&#8221;1&#8243; _builder_version=&#8221;4.16&#8243; background_image=&#8221;https:\/\/wimex-group.com\/wp-content\/uploads\/2020\/12\/WMX_Intro_Slider_1.jpg&#8221; min_height=&#8221;350px&#8221; min_height_tablet=&#8221;&#8221; min_height_phone=&#8221;250px&#8221; min_height_last_edited=&#8221;on|phone&#8221; max_height=&#8221;350px&#8221; global_colors_info=&#8221;{}&#8221;][\/et_pb_section][et_pb_section fb_built=&#8221;1&#8243; _builder_version=&#8221;4.16&#8243; custom_padding=&#8221;||0px|||&#8221; global_colors_info=&#8221;{}&#8221;][et_pb_row _builder_version=&#8221;4.16&#8243; background_size=&#8221;initial&#8221; background_position=&#8221;top_left&#8221; background_repeat=&#8221;repeat&#8221; global_colors_info=&#8221;{}&#8221;][et_pb_column type=&#8221;4_4&#8243; _builder_version=&#8221;4.16&#8243; custom_padding=&#8221;|||&#8221; global_colors_info=&#8221;{}&#8221; custom_padding__hover=&#8221;|||&#8221;][et_pb_text _builder_version=&#8221;4.16&#8243; _dynamic_attributes=&#8221;content&#8221; text_font_size=&#8221;4em&#8221; text_line_height=&#8221;1.4em&#8221; text_orientation=&#8221;center&#8221; custom_margin=&#8221;|15%||15%|false|true&#8221; custom_margin_tablet=&#8221;|2%||2%|false|true&#8221; custom_margin_phone=&#8221;|0%||0%|false|true&#8221; custom_margin_last_edited=&#8221;on|phone&#8221; text_font_size_tablet=&#8221;3.6em&#8221; text_font_size_phone=&#8221;2.5em&#8221; text_font_size_last_edited=&#8221;on|tablet&#8221; global_colors_info=&#8221;{}&#8221;]@ET-DC@eyJkeW5hbWljIjp0cnVlLCJjb250ZW50IjoicG9zdF90aXRsZSIsInNldHRpbmdzIjp7ImJlZm9yZSI6IiIsImFmdGVyIjoiIn19@[\/et_pb_text][et_pb_text content_last_edited=&#8221;off|tablet&#8221; _builder_version=&#8221;4.16&#8243; _dynamic_attributes=&#8221;content&#8221; text_font=&#8221;Arial||||||||&#8221; text_text_color=&#8221;#0781ce&#8221; text_font_size=&#8221;1.5em&#8221; text_line_height=&#8221;1.4em&#8221; text_orientation=&#8221;center&#8221; text_font_size_tablet=&#8221;1.25em&#8221; text_font_size_phone=&#8221;1.25em&#8221; text_font_size_last_edited=&#8221;on|tablet&#8221; global_colors_info=&#8221;{}&#8221; content__hover_enabled=&#8221;off|desktop&#8221;]@ET-DC@eyJkeW5hbWljIjp0cnVlLCJjb250ZW50IjoicG9zdF9kYXRlIiwic2V0dGluZ3MiOnsiYmVmb3JlIjoiIiwiYWZ0ZXIiOiIiLCJkYXRlX2Zvcm1hdCI6ImRlZmF1bHQiLCJjdXN0b21fZGF0ZV9mb3JtYXQiOiIifX0=@[\/et_pb_text][\/et_pb_column][\/et_pb_row][et_pb_row _builder_version=&#8221;4.16&#8243; background_size=&#8221;initial&#8221; background_position=&#8221;top_left&#8221; background_repeat=&#8221;repeat&#8221; module_alignment=&#8221;center&#8221; custom_margin=&#8221;|-1px||411px||&#8221; global_colors_info=&#8221;{}&#8221;][et_pb_column type=&#8221;4_4&#8243; _builder_version=&#8221;4.16&#8243; custom_padding=&#8221;|||&#8221; global_colors_info=&#8221;{}&#8221; custom_padding__hover=&#8221;|||&#8221;][et_pb_text _builder_version=&#8221;4.27.4&#8243; text_font_size=&#8221;1.5em&#8221; min_height=&#8221;669.6px&#8221; custom_margin=&#8221;|15%||15%|false|true&#8221; custom_margin_tablet=&#8221;|5%||5%|false|true&#8221; custom_margin_phone=&#8221;|2%||2%|false|true&#8221; custom_margin_last_edited=&#8221;on|tablet&#8221; custom_padding=&#8221;||0px|||&#8221; hover_enabled=&#8221;0&#8243; text_font_size_tablet=&#8221;&#8221; text_font_size_phone=&#8221;1.3em&#8221; text_font_size_last_edited=&#8221;on|desktop&#8221; global_colors_info=&#8221;{}&#8221; sticky_enabled=&#8221;0&#8243;]<\/p>\n<p><strong>Wimex Group plant ein besonderes Vollmond-Abenteuer im Irrgarten auf dem Petersberg bei Halle \u2013 Schon mehr als 5.000 G\u00e4ste besuchten dieses Jahr das Familienvergn\u00fcgen<\/strong><\/p>\n<p>PETERSBERG\/HALLE. Das beliebte Maislabyrinth auf den Petersberg bei Halle geht bald wieder auf die Zielgerade: Bis zum 10. August ist der Irrgarten jeweils Dienstag bis Sonntag von 10 bis 18 Uhr ge\u00f6ffnet, anschlie\u00dfend sind Besuche noch an den beiden Wochenenden 16.\/17. August und 23.\/24. August m\u00f6glich, auch von 10 bis 18 Uhr. Doch bevor das Labyrinth schlie\u00dft, weil die Maispflanzen abgeerntet werden, erwartet die Besucherinnen und Besucher am Freitag, den 8. August noch ein echter H\u00f6hepunkt: \u201eMaislabyrinth bei Vollmond! Ein magisches Abenteuer f\u00fcr Gro\u00df und Klein\u201c. An diesem Tag ist das 35.000 Quadratmeter gro\u00dfe Labyrinth deshalb sogar bis in die Dunkelheit hinein ge\u00f6ffnet \u2013 und zwar bis 22 Uhr. \u201eWir wollen unseren Besucherinnen und Besuchern zum Abschluss der Sommerferien in Sachsen-Anhalt noch etwas ganz Besonderes bieten\u201c, sagt Frank Kr\u00fcger, Betriebsleiter Landwirtschaft bei der Wimex Group und Organisator des Maislabyrinths. Und er r\u00e4t: \u201eNicht vergessen: auf jeden Fall Taschenlampen mitbringen!\u201c, Tagesaktuelle Informationen gibt es auf der Website <a href=\"http:\/\/www.maislabyrinth-halle.de\">www.maislabyrinth-halle.de<\/a> und auf den zugeh\u00f6rigen Social-Media-Kan\u00e4len.<\/p>\n<p>Das Maislabyrinth auf dem Petersberg feiert dieses Jahr f\u00fcnfj\u00e4hriges Jubil\u00e4um. \u201eTrotz des versp\u00e4teten Starts wegen Wachstumsr\u00fcckstandes beim Mais konnten wir bereits mehr als 5.000 Besucherinnen und Besucher begr\u00fc\u00dfen\u201c, freut sich Frank Kr\u00fcger. Wie auch in den vorherigen Jahren wird die Wimex Group den Gewinn aus dem Maislabyrinth wieder f\u00fcr einen guten Zweck spenden. In diesem Jahr an zahlreiche regionale Projekte aus den Bereichen Kinder- und Jugendarbeit, Bildung, Kunst, Kultur und Sport profitieren.<\/p>\n<p>Ab Mitte September: \u00c4pfel pfl\u00fccken auf der Wimex-Plantage<br \/>F\u00fcr den Weg durch das Maislabyrinth auf dem nat\u00fcrlichen Feldboden empfiehlt sich festes Schuhwerk \u2013 ganz besonders nat\u00fcrlich beim Pirschen mit der Taschenlampe durch die Dunkelheit w\u00e4hrend der \u201eMagischen Vollmondnacht\u201c. Am 24. August f\u00e4llt schlie\u00dflich der Schlussvorhang f\u00fcr die f\u00fcnfte Ausgabe des Labyrinths. Doch nur vier Kilometer vom Petersberg entfernt wartet bald die n\u00e4chste Attraktion: Auf der Apfelplantage der Wimex Group, an der L 50 zwischen Sylbitz und Beidersee, ist ab Mitte September Erntezeit. Die leckeren \u00c4pfel sind dann reif und k\u00f6nnen selbst gepfl\u00fcckt werden. Aktuelle Informationen zum Start der Apfelernte gibt es unter auf der Maislabyrinth-Website und in den dazugeh\u00f6rigen Social-Media-Kan\u00e4len.<\/p>\n<p>\u00a0 \u00a0<a href=\"https:\/\/www.instagram.com\/maislabyrinth.halle\/\">&gt; Instagram<\/a><\/p>\n<p>\u00a0 \u00a0<a href=\"https:\/\/www.facebook.com\/maislabyrinth.halle\">&gt; Facebook<\/a><\/p>\n<p>[\/et_pb_text][et_pb_blurb title=&#8221;Ein Sommerspa\u00df f\u00fcr die ganze Familie: Die Suche nach dem richtigen Weg durch das Maislabyrinth auf dem Petersberg bei Halle f\u00fchrt an verschiedenen Stationen vorbei.&#8221; image=&#8221;https:\/\/wimex-group.com\/wp-content\/uploads\/2025\/08\/MaislabyrinthHalle_20250723-3.png&#8221; _builder_version=&#8221;4.27.4&#8243; _module_preset=&#8221;default&#8221; title_text=&#8221;MaislabyrinthHalle_20250723 (3)&#8221; hover_enabled=&#8221;0&#8243; sticky_enabled=&#8221;0&#8243;][\/et_pb_blurb][\/et_pb_column][\/et_pb_row][\/et_pb_section]<\/p>\n","protected":false},"excerpt":{"rendered":"<p>Wimex Group plant ein besonderes Vollmond-Abenteuer im Irrgarten auf dem Petersberg bei Halle \u2013 Schon mehr als 5.000 G\u00e4ste besuchten dieses Jahr das Familienvergn\u00fcgen PETERSBERG\/HALLE. Das beliebte Maislabyrinth auf den Petersberg bei Halle geht bald wieder auf die Zielgerade: Bis zum 10. August ist der Irrgarten jeweils Dienstag bis Sonntag von 10 bis 18 Uhr [&hellip;]<\/p>\n","protected":false},"author":9,"featured_media":5804,"comment_status":"closed","ping_status":"open","sticky":false,"template":"","format":"standard","meta":{"_et_pb_use_builder":"on","_et_pb_old_content":"<!-- wp:paragraph -->\n<p>Dank einer Anfrage zweier Hobbysprayer wird das unser altes BALM-Lager in Rosefeld zum Objekt regelm\u00e4\u00dfiger Graffiti-Projekte. Bei dem Graffiti-Duo mit dem K\u00fcnstlernamen DRMLZ handelt es sich um die geb\u00fcrtigen Dessauer Stefan Schneider (42) und Stefan Berndt (36). Die beiden Freunde leben und arbeiten als Senior Designer in Berlin \u2026<\/p>\n<!-- \/wp:paragraph -->\n\n<!-- wp:paragraph -->\n<p>Natate peris vitatem vel idis eseruptum ea acerro mint enihicatist lab ium faccust, cus ex eliquos vid quatqui dolorist iderepu disciaes mod qui dolum quam, que dollest, quam, ut aut aut quidellabor apeliquat.<br>Ictemquam imporep udandissi sum suntem cuptae solliquae peliate cabores erumet il idi temporest, od es voluptis volent omnihiliqui optatent utem nonsequid ut quis reptumque pla doloris vellate mporempostis volest mo ipsam, sim dolore, tetur, simust, sit porae aut quunt quunte non re sim el is alis dentinverias eumque volupta tustis dist, natus dolorite cuptatem exernatur secti asperep udigenimus audit reped quam eiciis quo des qui volectem demperci officia intinvendus aspere idis mo eius de quae pos esequam, ipis doluptatios quuntiis que nis iur, simporrovita cum rese volupta quamus.<br>Iquam arioriost quo quo dolupti odi dolupit re voluptistis volorae sus pro veliquatur a plitat.<\/p>\n<!-- \/wp:paragraph -->\n\n<!-- wp:paragraph -->\n<p>Raturi nectorectis raectum incia con commoluptat offictur?<br>Dae sit officidem nobis aut adit aut maximinctus dissed que core peditatur maximil isinis ante vereptatur, sites que porerum que ma con eos quam renda nienis et lantiusciet vendebit exernatur? Qui nonsequiaes nemos eum id molore lacerch icidem re, consecuptur ma aut pe dolorem poreseq uatemolorat ipidi si bera nis vitionse occatus serum fuga. Namenimust volupta tenime lantur, non nonse quiam rerum hit, sumquam enem cus, sanditiur? Quist autem volor andi dolecto remporum eum am quo moluptat dendam, nemporem rat quidem vendi occulpa nonserum accatio odis il ipiciusam consenem quia et escid que idebit, ut aspidel ibeaquam et.<\/p>\n<!-- \/wp:paragraph -->","_et_gb_content_width":"2880","footnotes":""},"categories":[11],"tags":[],"class_list":["post-5803","post","type-post","status-publish","format-standard","has-post-thumbnail","hentry","category-news-startseite"],"yoast_head":"<!-- This site is optimized with the Yoast SEO plugin v27.3 - https:\/\/yoast.com\/product\/yoast-seo-wordpress\/ -->\n<title>Magische Mondnacht im Maislabyrinth - wimex-group<\/title>\n<meta name=\"robots\" content=\"index, follow, max-snippet:-1, max-image-preview:large, max-video-preview:-1\" \/>\n<link rel=\"canonical\" href=\"https:\/\/wimex-group.com\/en\/magische-mondnacht-im-maislabyrinth\/\" \/>\n<meta property=\"og:locale\" content=\"en_US\" \/>\n<meta property=\"og:type\" content=\"article\" \/>\n<meta property=\"og:title\" content=\"Magische Mondnacht im Maislabyrinth - wimex-group\" \/>\n<meta property=\"og:description\" content=\"Wimex Group plant ein besonderes Vollmond-Abenteuer im Irrgarten auf dem Petersberg bei Halle \u2013 Schon mehr als 5.000 G\u00e4ste besuchten dieses Jahr das Familienvergn\u00fcgen PETERSBERG\/HALLE. Das beliebte Maislabyrinth auf den Petersberg bei Halle geht bald wieder auf die Zielgerade: Bis zum 10. August ist der Irrgarten jeweils Dienstag bis Sonntag von 10 bis 18 Uhr [&hellip;]\" \/>\n<meta property=\"og:url\" content=\"https:\/\/wimex-group.com\/en\/magische-mondnacht-im-maislabyrinth\/\" \/>\n<meta property=\"og:site_name\" content=\"wimex-group\" \/>\n<meta property=\"article:published_time\" content=\"2025-08-05T07:32:59+00:00\" \/>\n<meta property=\"article:modified_time\" content=\"2025-08-05T07:42:48+00:00\" \/>\n<meta property=\"og:image\" content=\"https:\/\/wimex-group.com\/wp-content\/uploads\/2025\/08\/MaislabyrinthHalle_20250723-3.png\" \/>\n\t<meta property=\"og:image:width\" content=\"1440\" \/>\n\t<meta property=\"og:image:height\" content=\"1080\" \/>\n\t<meta property=\"og:image:type\" content=\"image\/png\" \/>\n<meta name=\"author\" content=\"Carolin Zeitler\" \/>\n<meta name=\"twitter:card\" content=\"summary_large_image\" \/>\n<meta name=\"twitter:label1\" content=\"Written by\" \/>\n\t<meta name=\"twitter:data1\" content=\"Carolin Zeitler\" \/>\n\t<meta name=\"twitter:label2\" content=\"Est. reading time\" \/>\n\t<meta name=\"twitter:data2\" content=\"2 minutes\" \/>\n<script type=\"application\/ld+json\" class=\"yoast-schema-graph\">{\"@context\":\"https:\\\/\\\/schema.org\",\"@graph\":[{\"@type\":\"Article\",\"@id\":\"https:\\\/\\\/wimex-group.com\\\/en\\\/magische-mondnacht-im-maislabyrinth\\\/#article\",\"isPartOf\":{\"@id\":\"https:\\\/\\\/wimex-group.com\\\/en\\\/magische-mondnacht-im-maislabyrinth\\\/\"},\"author\":{\"name\":\"Carolin Zeitler\",\"@id\":\"https:\\\/\\\/wimex-group.com\\\/en\\\/#\\\/schema\\\/person\\\/021998babb56631d9e15d580909d2a98\"},\"headline\":\"Magische Mondnacht im Maislabyrinth\",\"datePublished\":\"2025-08-05T07:32:59+00:00\",\"dateModified\":\"2025-08-05T07:42:48+00:00\",\"mainEntityOfPage\":{\"@id\":\"https:\\\/\\\/wimex-group.com\\\/en\\\/magische-mondnacht-im-maislabyrinth\\\/\"},\"wordCount\":810,\"image\":{\"@id\":\"https:\\\/\\\/wimex-group.com\\\/en\\\/magische-mondnacht-im-maislabyrinth\\\/#primaryimage\"},\"thumbnailUrl\":\"https:\\\/\\\/wimex-group.com\\\/wp-content\\\/uploads\\\/2025\\\/08\\\/MaislabyrinthHalle_20250723-3.png\",\"articleSection\":[\"News Startseite\"],\"inLanguage\":\"en-US\"},{\"@type\":\"WebPage\",\"@id\":\"https:\\\/\\\/wimex-group.com\\\/en\\\/magische-mondnacht-im-maislabyrinth\\\/\",\"url\":\"https:\\\/\\\/wimex-group.com\\\/en\\\/magische-mondnacht-im-maislabyrinth\\\/\",\"name\":\"Magische Mondnacht im Maislabyrinth - wimex-group\",\"isPartOf\":{\"@id\":\"https:\\\/\\\/wimex-group.com\\\/en\\\/#website\"},\"primaryImageOfPage\":{\"@id\":\"https:\\\/\\\/wimex-group.com\\\/en\\\/magische-mondnacht-im-maislabyrinth\\\/#primaryimage\"},\"image\":{\"@id\":\"https:\\\/\\\/wimex-group.com\\\/en\\\/magische-mondnacht-im-maislabyrinth\\\/#primaryimage\"},\"thumbnailUrl\":\"https:\\\/\\\/wimex-group.com\\\/wp-content\\\/uploads\\\/2025\\\/08\\\/MaislabyrinthHalle_20250723-3.png\",\"datePublished\":\"2025-08-05T07:32:59+00:00\",\"dateModified\":\"2025-08-05T07:42:48+00:00\",\"author\":{\"@id\":\"https:\\\/\\\/wimex-group.com\\\/en\\\/#\\\/schema\\\/person\\\/021998babb56631d9e15d580909d2a98\"},\"breadcrumb\":{\"@id\":\"https:\\\/\\\/wimex-group.com\\\/en\\\/magische-mondnacht-im-maislabyrinth\\\/#breadcrumb\"},\"inLanguage\":\"en-US\",\"potentialAction\":[{\"@type\":\"ReadAction\",\"target\":[\"https:\\\/\\\/wimex-group.com\\\/en\\\/magische-mondnacht-im-maislabyrinth\\\/\"]}]},{\"@type\":\"ImageObject\",\"inLanguage\":\"en-US\",\"@id\":\"https:\\\/\\\/wimex-group.com\\\/en\\\/magische-mondnacht-im-maislabyrinth\\\/#primaryimage\",\"url\":\"https:\\\/\\\/wimex-group.com\\\/wp-content\\\/uploads\\\/2025\\\/08\\\/MaislabyrinthHalle_20250723-3.png\",\"contentUrl\":\"https:\\\/\\\/wimex-group.com\\\/wp-content\\\/uploads\\\/2025\\\/08\\\/MaislabyrinthHalle_20250723-3.png\",\"width\":1440,\"height\":1080},{\"@type\":\"BreadcrumbList\",\"@id\":\"https:\\\/\\\/wimex-group.com\\\/en\\\/magische-mondnacht-im-maislabyrinth\\\/#breadcrumb\",\"itemListElement\":[{\"@type\":\"ListItem\",\"position\":1,\"name\":\"Startseite\",\"item\":\"https:\\\/\\\/wimex-group.com\\\/en\\\/\"},{\"@type\":\"ListItem\",\"position\":2,\"name\":\"Magische Mondnacht im Maislabyrinth\"}]},{\"@type\":\"WebSite\",\"@id\":\"https:\\\/\\\/wimex-group.com\\\/en\\\/#website\",\"url\":\"https:\\\/\\\/wimex-group.com\\\/en\\\/\",\"name\":\"wimex-group\",\"description\":\"Wimex Group\",\"potentialAction\":[{\"@type\":\"SearchAction\",\"target\":{\"@type\":\"EntryPoint\",\"urlTemplate\":\"https:\\\/\\\/wimex-group.com\\\/en\\\/?s={search_term_string}\"},\"query-input\":{\"@type\":\"PropertyValueSpecification\",\"valueRequired\":true,\"valueName\":\"search_term_string\"}}],\"inLanguage\":\"en-US\"},{\"@type\":\"Person\",\"@id\":\"https:\\\/\\\/wimex-group.com\\\/en\\\/#\\\/schema\\\/person\\\/021998babb56631d9e15d580909d2a98\",\"name\":\"Carolin Zeitler\",\"image\":{\"@type\":\"ImageObject\",\"inLanguage\":\"en-US\",\"@id\":\"https:\\\/\\\/secure.gravatar.com\\\/avatar\\\/70690699c4b78e0d1071212bc109d105862d1995272d53ee30249072cb614a4c?s=96&d=mm&r=g\",\"url\":\"https:\\\/\\\/secure.gravatar.com\\\/avatar\\\/70690699c4b78e0d1071212bc109d105862d1995272d53ee30249072cb614a4c?s=96&d=mm&r=g\",\"contentUrl\":\"https:\\\/\\\/secure.gravatar.com\\\/avatar\\\/70690699c4b78e0d1071212bc109d105862d1995272d53ee30249072cb614a4c?s=96&d=mm&r=g\",\"caption\":\"Carolin Zeitler\"},\"url\":\"https:\\\/\\\/wimex-group.com\\\/en\\\/author\\\/carolin-zeitler\\\/\"}]}<\/script>\n<!-- \/ Yoast SEO plugin. -->","yoast_head_json":{"title":"Magische Mondnacht im Maislabyrinth - wimex-group","robots":{"index":"index","follow":"follow","max-snippet":"max-snippet:-1","max-image-preview":"max-image-preview:large","max-video-preview":"max-video-preview:-1"},"canonical":"https:\/\/wimex-group.com\/en\/magische-mondnacht-im-maislabyrinth\/","og_locale":"en_US","og_type":"article","og_title":"Magische Mondnacht im Maislabyrinth - wimex-group","og_description":"Wimex Group plant ein besonderes Vollmond-Abenteuer im Irrgarten auf dem Petersberg bei Halle \u2013 Schon mehr als 5.000 G\u00e4ste besuchten dieses Jahr das Familienvergn\u00fcgen PETERSBERG\/HALLE. Das beliebte Maislabyrinth auf den Petersberg bei Halle geht bald wieder auf die Zielgerade: Bis zum 10. August ist der Irrgarten jeweils Dienstag bis Sonntag von 10 bis 18 Uhr [&hellip;]","og_url":"https:\/\/wimex-group.com\/en\/magische-mondnacht-im-maislabyrinth\/","og_site_name":"wimex-group","article_published_time":"2025-08-05T07:32:59+00:00","article_modified_time":"2025-08-05T07:42:48+00:00","og_image":[{"width":1440,"height":1080,"url":"https:\/\/wimex-group.com\/wp-content\/uploads\/2025\/08\/MaislabyrinthHalle_20250723-3.png","type":"image\/png"}],"author":"Carolin Zeitler","twitter_card":"summary_large_image","twitter_misc":{"Written by":"Carolin Zeitler","Est. reading time":"2 minutes"},"schema":{"@context":"https:\/\/schema.org","@graph":[{"@type":"Article","@id":"https:\/\/wimex-group.com\/en\/magische-mondnacht-im-maislabyrinth\/#article","isPartOf":{"@id":"https:\/\/wimex-group.com\/en\/magische-mondnacht-im-maislabyrinth\/"},"author":{"name":"Carolin Zeitler","@id":"https:\/\/wimex-group.com\/en\/#\/schema\/person\/021998babb56631d9e15d580909d2a98"},"headline":"Magische Mondnacht im Maislabyrinth","datePublished":"2025-08-05T07:32:59+00:00","dateModified":"2025-08-05T07:42:48+00:00","mainEntityOfPage":{"@id":"https:\/\/wimex-group.com\/en\/magische-mondnacht-im-maislabyrinth\/"},"wordCount":810,"image":{"@id":"https:\/\/wimex-group.com\/en\/magische-mondnacht-im-maislabyrinth\/#primaryimage"},"thumbnailUrl":"https:\/\/wimex-group.com\/wp-content\/uploads\/2025\/08\/MaislabyrinthHalle_20250723-3.png","articleSection":["News Startseite"],"inLanguage":"en-US"},{"@type":"WebPage","@id":"https:\/\/wimex-group.com\/en\/magische-mondnacht-im-maislabyrinth\/","url":"https:\/\/wimex-group.com\/en\/magische-mondnacht-im-maislabyrinth\/","name":"Magische Mondnacht im Maislabyrinth - wimex-group","isPartOf":{"@id":"https:\/\/wimex-group.com\/en\/#website"},"primaryImageOfPage":{"@id":"https:\/\/wimex-group.com\/en\/magische-mondnacht-im-maislabyrinth\/#primaryimage"},"image":{"@id":"https:\/\/wimex-group.com\/en\/magische-mondnacht-im-maislabyrinth\/#primaryimage"},"thumbnailUrl":"https:\/\/wimex-group.com\/wp-content\/uploads\/2025\/08\/MaislabyrinthHalle_20250723-3.png","datePublished":"2025-08-05T07:32:59+00:00","dateModified":"2025-08-05T07:42:48+00:00","author":{"@id":"https:\/\/wimex-group.com\/en\/#\/schema\/person\/021998babb56631d9e15d580909d2a98"},"breadcrumb":{"@id":"https:\/\/wimex-group.com\/en\/magische-mondnacht-im-maislabyrinth\/#breadcrumb"},"inLanguage":"en-US","potentialAction":[{"@type":"ReadAction","target":["https:\/\/wimex-group.com\/en\/magische-mondnacht-im-maislabyrinth\/"]}]},{"@type":"ImageObject","inLanguage":"en-US","@id":"https:\/\/wimex-group.com\/en\/magische-mondnacht-im-maislabyrinth\/#primaryimage","url":"https:\/\/wimex-group.com\/wp-content\/uploads\/2025\/08\/MaislabyrinthHalle_20250723-3.png","contentUrl":"https:\/\/wimex-group.com\/wp-content\/uploads\/2025\/08\/MaislabyrinthHalle_20250723-3.png","width":1440,"height":1080},{"@type":"BreadcrumbList","@id":"https:\/\/wimex-group.com\/en\/magische-mondnacht-im-maislabyrinth\/#breadcrumb","itemListElement":[{"@type":"ListItem","position":1,"name":"Startseite","item":"https:\/\/wimex-group.com\/en\/"},{"@type":"ListItem","position":2,"name":"Magische Mondnacht im Maislabyrinth"}]},{"@type":"WebSite","@id":"https:\/\/wimex-group.com\/en\/#website","url":"https:\/\/wimex-group.com\/en\/","name":"wimex-group","description":"Wimex Group","potentialAction":[{"@type":"SearchAction","target":{"@type":"EntryPoint","urlTemplate":"https:\/\/wimex-group.com\/en\/?s={search_term_string}"},"query-input":{"@type":"PropertyValueSpecification","valueRequired":true,"valueName":"search_term_string"}}],"inLanguage":"en-US"},{"@type":"Person","@id":"https:\/\/wimex-group.com\/en\/#\/schema\/person\/021998babb56631d9e15d580909d2a98","name":"Carolin Zeitler","image":{"@type":"ImageObject","inLanguage":"en-US","@id":"https:\/\/secure.gravatar.com\/avatar\/70690699c4b78e0d1071212bc109d105862d1995272d53ee30249072cb614a4c?s=96&d=mm&r=g","url":"https:\/\/secure.gravatar.com\/avatar\/70690699c4b78e0d1071212bc109d105862d1995272d53ee30249072cb614a4c?s=96&d=mm&r=g","contentUrl":"https:\/\/secure.gravatar.com\/avatar\/70690699c4b78e0d1071212bc109d105862d1995272d53ee30249072cb614a4c?s=96&d=mm&r=g","caption":"Carolin Zeitler"},"url":"https:\/\/wimex-group.com\/en\/author\/carolin-zeitler\/"}]}},"_links":{"self":[{"href":"https:\/\/wimex-group.com\/en\/wp-json\/wp\/v2\/posts\/5803","targetHints":{"allow":["GET"]}}],"collection":[{"href":"https:\/\/wimex-group.com\/en\/wp-json\/wp\/v2\/posts"}],"about":[{"href":"https:\/\/wimex-group.com\/en\/wp-json\/wp\/v2\/types\/post"}],"author":[{"embeddable":true,"href":"https:\/\/wimex-group.com\/en\/wp-json\/wp\/v2\/users\/9"}],"replies":[{"embeddable":true,"href":"https:\/\/wimex-group.com\/en\/wp-json\/wp\/v2\/comments?post=5803"}],"version-history":[{"count":3,"href":"https:\/\/wimex-group.com\/en\/wp-json\/wp\/v2\/posts\/5803\/revisions"}],"predecessor-version":[{"id":5809,"href":"https:\/\/wimex-group.com\/en\/wp-json\/wp\/v2\/posts\/5803\/revisions\/5809"}],"wp:featuredmedia":[{"embeddable":true,"href":"https:\/\/wimex-group.com\/en\/wp-json\/wp\/v2\/media\/5804"}],"wp:attachment":[{"href":"https:\/\/wimex-group.com\/en\/wp-json\/wp\/v2\/media?parent=5803"}],"wp:term":[{"taxonomy":"category","embeddable":true,"href":"https:\/\/wimex-group.com\/en\/wp-json\/wp\/v2\/categories?post=5803"},{"taxonomy":"post_tag","embeddable":true,"href":"https:\/\/wimex-group.com\/en\/wp-json\/wp\/v2\/tags?post=5803"}],"curies":[{"name":"wp","href":"https:\/\/api.w.org\/{rel}","templated":true}]}}