{"id":5872,"date":"2025-09-01T15:06:55","date_gmt":"2025-09-01T13:06:55","guid":{"rendered":"https:\/\/wimex-group.com\/?p=5872"},"modified":"2025-09-02T09:13:46","modified_gmt":"2025-09-02T07:13:46","slug":"unvergesslich-wir-feiern-unser-firmenjubilaeum","status":"publish","type":"post","link":"https:\/\/wimex-group.com\/en\/unvergesslich-wir-feiern-unser-firmenjubilaeum\/","title":{"rendered":"Unvergesslich \u2013 Wir feiern unser Firmenjubil\u00e4um"},"content":{"rendered":"<p>[et_pb_section fb_built=&#8221;1&#8243; _builder_version=&#8221;4.16&#8243; background_image=&#8221;https:\/\/wimex-group.com\/wp-content\/uploads\/2020\/12\/WMX_Intro_Slider_1.jpg&#8221; min_height=&#8221;350px&#8221; min_height_tablet=&#8221;&#8221; min_height_phone=&#8221;250px&#8221; min_height_last_edited=&#8221;on|phone&#8221; max_height=&#8221;350px&#8221; global_colors_info=&#8221;{}&#8221;][\/et_pb_section][et_pb_section fb_built=&#8221;1&#8243; _builder_version=&#8221;4.16&#8243; custom_padding=&#8221;||0px|||&#8221; global_colors_info=&#8221;{}&#8221;][et_pb_row _builder_version=&#8221;4.16&#8243; background_size=&#8221;initial&#8221; background_position=&#8221;top_left&#8221; background_repeat=&#8221;repeat&#8221; global_colors_info=&#8221;{}&#8221;][et_pb_column type=&#8221;4_4&#8243; _builder_version=&#8221;4.16&#8243; custom_padding=&#8221;|||&#8221; global_colors_info=&#8221;{}&#8221; custom_padding__hover=&#8221;|||&#8221;][et_pb_text _builder_version=&#8221;4.16&#8243; _dynamic_attributes=&#8221;content&#8221; text_font_size=&#8221;4em&#8221; text_line_height=&#8221;1.4em&#8221; text_orientation=&#8221;center&#8221; custom_margin=&#8221;|15%||15%|false|true&#8221; custom_margin_tablet=&#8221;|2%||2%|false|true&#8221; custom_margin_phone=&#8221;|0%||0%|false|true&#8221; custom_margin_last_edited=&#8221;on|phone&#8221; text_font_size_tablet=&#8221;3.6em&#8221; text_font_size_phone=&#8221;2.5em&#8221; text_font_size_last_edited=&#8221;on|tablet&#8221; global_colors_info=&#8221;{}&#8221;]@ET-DC@eyJkeW5hbWljIjp0cnVlLCJjb250ZW50IjoicG9zdF90aXRsZSIsInNldHRpbmdzIjp7ImJlZm9yZSI6IiIsImFmdGVyIjoiIn19@[\/et_pb_text][et_pb_text content_last_edited=&#8221;off|tablet&#8221; _builder_version=&#8221;4.16&#8243; _dynamic_attributes=&#8221;content&#8221; text_font=&#8221;Arial||||||||&#8221; text_text_color=&#8221;#0781ce&#8221; text_font_size=&#8221;1.5em&#8221; text_line_height=&#8221;1.4em&#8221; text_orientation=&#8221;center&#8221; text_font_size_tablet=&#8221;1.25em&#8221; text_font_size_phone=&#8221;1.25em&#8221; text_font_size_last_edited=&#8221;on|tablet&#8221; global_colors_info=&#8221;{}&#8221; content__hover_enabled=&#8221;off|desktop&#8221;]@ET-DC@eyJkeW5hbWljIjp0cnVlLCJjb250ZW50IjoicG9zdF9kYXRlIiwic2V0dGluZ3MiOnsiYmVmb3JlIjoiIiwiYWZ0ZXIiOiIiLCJkYXRlX2Zvcm1hdCI6ImRlZmF1bHQiLCJjdXN0b21fZGF0ZV9mb3JtYXQiOiIifX0=@[\/et_pb_text][\/et_pb_column][\/et_pb_row][et_pb_row _builder_version=&#8221;4.16&#8243; background_size=&#8221;initial&#8221; background_position=&#8221;top_left&#8221; background_repeat=&#8221;repeat&#8221; module_alignment=&#8221;center&#8221; custom_margin=&#8221;|-1px||411px||&#8221; global_colors_info=&#8221;{}&#8221;][et_pb_column type=&#8221;4_4&#8243; _builder_version=&#8221;4.16&#8243; custom_padding=&#8221;|||&#8221; global_colors_info=&#8221;{}&#8221; custom_padding__hover=&#8221;|||&#8221;][et_pb_text _builder_version=&#8221;4.27.4&#8243; text_font_size=&#8221;1.5em&#8221; min_height=&#8221;337.6px&#8221; custom_margin=&#8221;|15%||15%|false|true&#8221; custom_margin_tablet=&#8221;|5%||5%|false|true&#8221; custom_margin_phone=&#8221;|2%||2%|false|true&#8221; custom_margin_last_edited=&#8221;on|tablet&#8221; custom_padding=&#8221;||0px|||&#8221; text_font_size_tablet=&#8221;&#8221; text_font_size_phone=&#8221;1.3em&#8221; text_font_size_last_edited=&#8221;on|desktop&#8221; global_colors_info=&#8221;{}&#8221;]<\/p>\n<p>Am Freitag, den 29. August, haben wir unser 40-j\u00e4hriges Firmenjubil\u00e4um am Standort Baasdorf begangen \u2013 mit einem Fest f\u00fcr unsere Mitarbeiterinnen und Mitarbeiter. Vor Ort dabei waren auch zahlreiche geladene G\u00e4ste: Sven Schulze, Minister f\u00fcr Wirtschaft, Tourismus, Landwirtschaft und Forsten, Andy Grabner, Landrat f\u00fcr den Landkreis Anhalt-Bitterfeld, die Mitglieder des Landtags Dietmar Krause und Olaf Feuerborn, Hubertus Paetow, Pr\u00e4sident der Deutschen Landwirtschafts-Gesellschaft (DLG), und Christina Buchheim, Oberb\u00fcrgermeisterin der Stadt K\u00f6then, und viele weitere.<\/p>\n<p><strong>\u201eIhr seid der Grund, warum wir feiern!\u201c<\/strong><br \/>Dass in einem so erfolgreichen Unternehmen stets die Mitarbeitenden im Mittelpunkt standen und stehen, daran lie\u00dfen Gerhard Wagner sowie die heutigen Gesch\u00e4ftsf\u00fchrer Ulrich Wagner und Leopold Graf von Drechsel keine Zweifel. \u201eWegen Euch sind wir hier\u201c, bekr\u00e4ftigte Ulrich Wagner und begr\u00fc\u00dfte \u201ealle, die am Erfolg der Wimex mitgeholfen haben. Das sind neben unseren Mitarbeitern auch die langj\u00e4hrigen Lieferanten, die immer belastbaren Dienstleister, die Tier\u00e4rzte, die Banker, die Berater \u2013 um nur Einige zu nennen \u2013 alle die, die jeden Tag wieder aufs Neue 365 Tage 24\/7 helfen, die Tiere zu betreuen, gegen die Unbilden der Natur Pflanzen wachsen zu lassen und jeden Tag frische Produkte f\u00fcr die Menschen in die Zentrall\u00e4ger unserer Kunden zu liefern.\u201c<\/p>\n<p>Auch Minister Sven Schulze w\u00fcrdigte in seiner Ansprache die Rolle der Wimex Group: \u201eSeit 40 Jahren steht Wimex f\u00fcr unternehmerischen Mut, moderne Landwirtschaft und kluge Innovationen. Wimex ist ein verl\u00e4sslicher Arbeitgeber, Impulsgeber und Botschafter f\u00fcr ein starkes Sachsen-Anhalt \u2013 hier in der Region und weit dar\u00fcber hinaus. Ich gratuliere herzlich und w\u00fcnsche weiterhin viel Erfolg auf diesem Weg.\u201c<\/p>\n<p><strong>Unsere Geschichte: internationales Unternehmen und Arbeitgeber vor Ort<\/strong><br \/>1985 hatte Gerhard Wagner die Wimex Group als Gefl\u00fcgelunternehmen mit dem Schwerpunkt Produktion und Verkauf von Bruteiern gegr\u00fcndet. In den 1990er-Jahren kamen Elterntierfarmen in Sachsen und Sachsen-Anhalt hinzu. Mit der erfolgreichen H\u00fchnerrasse Cobb500, zahlreichen internationalen Beteiligungen und Standorten entwickelte sich die Wimex Group zum erfolgreichsten Gefl\u00fcgelunternehmen in Europa. Auch in Sachsen-Anhalt ging die Entwicklung voran, Wimex wurde ein bedeutender Arbeitgeber in der Region: 1994 entstand ein Mischfutterwerk in Baasdorf, um die Versorgung f\u00fcr die Tiere in den Gefl\u00fcgelfarmen zu verbessern. Gleichzeitig wuchs der landwirtschaftliche Betriebsteil durch den Erwerb von L\u00e4ndereien, zum Beispiel in Wulfen und Arensdorf. 2007 stieg die Wimex Group mit dem Bau einer Biogasanlage am alten Flughafen in K\u00f6then in die Energiegewinnung ein. 2018 erwarb das Agrarunternehmen ein Hightech-Gew\u00e4chshaus in Osterweddingen um Gem\u00fcse und Kr\u00e4uter unter technisch kontrollierten Umweltbedingungen anzubauen. Seit 2021 findet j\u00e4hrlich das Maislabyrinth auf dem Petersberg bei Halle statt und 2024 errichtete die Wimex Group in K\u00f6then eine zentrale Unterkunft f\u00fcr die Saisonarbeitskr\u00e4fte, die sich um das Gem\u00fcse auf den Feldern k\u00fcmmern.<\/p>\n<p><strong>Live-Pr\u00e4sentationen aus den Gesch\u00e4ftsbereichen<\/strong><br \/>Die Feierlichkeiten am Jubil\u00e4umstag starteten schon nachmittags mit einer Ausstellung, bei der sich unsere Gesch\u00e4ftsbereiche pr\u00e4sentierten. \u201eWir sind ein Unternehmen, das stabil auf vielen Beinen an vielen Standorten steht. Hier bei der Jubil\u00e4umsfeier wollen wir es den Kolleginnen und Kollegen erm\u00f6glichen, \u00fcber den Tellerrand der eigenen Arbeit hinauszuschauen und sich auch st\u00e4rker im Unternehmen zu vernetzen\u201c, betonte Leopold Graf von Drechsel, Gesch\u00e4ftsf\u00fchrer bei der Wimex Group. Gezeigt wurden zum Beispiel die Agrarroboter, es gab zudem Einblicke in die Produktvielfalt des Gem\u00fcses und Infos zu Photovoltaik, Windkraft und Biogas aus landwirtschaftlichen Reststoffen.<\/p>\n<p><strong>Die dritte Generation ist am Start<\/strong><br \/>Mit den Worten von Ulrich Wagner, einer kurzweilig moderierten Podiumssession mit Gerhard Wagner und Leopold Graf von Drechsel, die auch Anekdoten aus ihrem gemeinsamen Schaffen f\u00fcr die Wimex zum Besten gaben, sowie einem ebenso unterhaltsamen Film, indem viele langj\u00e4hrige Mitarbeitende zu Wort kamen, erlebten die G\u00e4ste eine spannende Reise durch 40 Jahre Wimex. Dass das Familienunternehmen auch in dritter Generation einmal in guten H\u00e4nden liegen wird, daran lie\u00dfen die Enkel des Firmengr\u00fcnders, Janick Wagner, der bereits 2024 bei Wimex eingestiegen ist, und Vincent Wagner, mit ihren Reden keine Zweifel: \u201eVielen Dank f\u00fcr die gro\u00dfe Chance, wir f\u00fchren sie mit Enthusiasmus fort\u201c, bekr\u00e4ftigte etwa Vincent Wagner. Kulinarische Highlights vom Buffet und musikalische Liveacts rundeten unsere Jubil\u00e4umsfeier ab \u2013 ein sicherlich unvergessliches Event! <\/p>\n<p>[\/et_pb_text][et_pb_gallery gallery_ids=&#8221;5873,5879,5875,5901,5893,5895,5897,5899,5903&#8243; fullwidth=&#8221;on&#8221; _builder_version=&#8221;4.27.4&#8243; _module_preset=&#8221;default&#8221; animation_direction=&#8221;left&#8221; hover_enabled=&#8221;0&#8243; global_colors_info=&#8221;{}&#8221; sticky_enabled=&#8221;0&#8243;][\/et_pb_gallery][\/et_pb_column][\/et_pb_row][\/et_pb_section]<\/p>\n","protected":false},"excerpt":{"rendered":"<p>Am Freitag, den 29. August, haben wir unser 40-j\u00e4hriges Firmenjubil\u00e4um am Standort Baasdorf begangen \u2013 mit einem Fest f\u00fcr unsere Mitarbeiterinnen und Mitarbeiter. Vor Ort dabei waren auch zahlreiche geladene G\u00e4ste: Sven Schulze, Minister f\u00fcr Wirtschaft, Tourismus, Landwirtschaft und Forsten, Andy Grabner, Landrat f\u00fcr den Landkreis Anhalt-Bitterfeld, die Mitglieder des Landtags Dietmar Krause und Olaf [&hellip;]<\/p>\n","protected":false},"author":9,"featured_media":5873,"comment_status":"closed","ping_status":"open","sticky":false,"template":"","format":"standard","meta":{"_et_pb_use_builder":"on","_et_pb_old_content":"<!-- wp:paragraph -->\n<p>Dank einer Anfrage zweier Hobbysprayer wird das unser altes BALM-Lager in Rosefeld zum Objekt regelm\u00e4\u00dfiger Graffiti-Projekte. Bei dem Graffiti-Duo mit dem K\u00fcnstlernamen DRMLZ handelt es sich um die geb\u00fcrtigen Dessauer Stefan Schneider (42) und Stefan Berndt (36). Die beiden Freunde leben und arbeiten als Senior Designer in Berlin \u2026<\/p>\n<!-- \/wp:paragraph -->\n\n<!-- wp:paragraph -->\n<p>Natate peris vitatem vel idis eseruptum ea acerro mint enihicatist lab ium faccust, cus ex eliquos vid quatqui dolorist iderepu disciaes mod qui dolum quam, que dollest, quam, ut aut aut quidellabor apeliquat.<br>Ictemquam imporep udandissi sum suntem cuptae solliquae peliate cabores erumet il idi temporest, od es voluptis volent omnihiliqui optatent utem nonsequid ut quis reptumque pla doloris vellate mporempostis volest mo ipsam, sim dolore, tetur, simust, sit porae aut quunt quunte non re sim el is alis dentinverias eumque volupta tustis dist, natus dolorite cuptatem exernatur secti asperep udigenimus audit reped quam eiciis quo des qui volectem demperci officia intinvendus aspere idis mo eius de quae pos esequam, ipis doluptatios quuntiis que nis iur, simporrovita cum rese volupta quamus.<br>Iquam arioriost quo quo dolupti odi dolupit re voluptistis volorae sus pro veliquatur a plitat.<\/p>\n<!-- \/wp:paragraph -->\n\n<!-- wp:paragraph -->\n<p>Raturi nectorectis raectum incia con commoluptat offictur?<br>Dae sit officidem nobis aut adit aut maximinctus dissed que core peditatur maximil isinis ante vereptatur, sites que porerum que ma con eos quam renda nienis et lantiusciet vendebit exernatur? Qui nonsequiaes nemos eum id molore lacerch icidem re, consecuptur ma aut pe dolorem poreseq uatemolorat ipidi si bera nis vitionse occatus serum fuga. Namenimust volupta tenime lantur, non nonse quiam rerum hit, sumquam enem cus, sanditiur? Quist autem volor andi dolecto remporum eum am quo moluptat dendam, nemporem rat quidem vendi occulpa nonserum accatio odis il ipiciusam consenem quia et escid que idebit, ut aspidel ibeaquam et.<\/p>\n<!-- \/wp:paragraph -->","_et_gb_content_width":"2880","footnotes":""},"categories":[11],"tags":[],"class_list":["post-5872","post","type-post","status-publish","format-standard","has-post-thumbnail","hentry","category-news-startseite"],"yoast_head":"<!-- This site is optimized with the Yoast SEO plugin v27.3 - https:\/\/yoast.com\/product\/yoast-seo-wordpress\/ -->\n<title>Unvergesslich \u2013 Wir feiern unser Firmenjubil\u00e4um - wimex-group<\/title>\n<meta name=\"robots\" content=\"index, follow, max-snippet:-1, max-image-preview:large, max-video-preview:-1\" \/>\n<link rel=\"canonical\" href=\"https:\/\/wimex-group.com\/en\/unvergesslich-wir-feiern-unser-firmenjubilaeum\/\" \/>\n<meta property=\"og:locale\" content=\"en_US\" \/>\n<meta property=\"og:type\" content=\"article\" \/>\n<meta property=\"og:title\" content=\"Unvergesslich \u2013 Wir feiern unser Firmenjubil\u00e4um - wimex-group\" \/>\n<meta property=\"og:description\" content=\"Am Freitag, den 29. August, haben wir unser 40-j\u00e4hriges Firmenjubil\u00e4um am Standort Baasdorf begangen \u2013 mit einem Fest f\u00fcr unsere Mitarbeiterinnen und Mitarbeiter. Vor Ort dabei waren auch zahlreiche geladene G\u00e4ste: Sven Schulze, Minister f\u00fcr Wirtschaft, Tourismus, Landwirtschaft und Forsten, Andy Grabner, Landrat f\u00fcr den Landkreis Anhalt-Bitterfeld, die Mitglieder des Landtags Dietmar Krause und Olaf [&hellip;]\" \/>\n<meta property=\"og:url\" content=\"https:\/\/wimex-group.com\/en\/unvergesslich-wir-feiern-unser-firmenjubilaeum\/\" \/>\n<meta property=\"og:site_name\" content=\"wimex-group\" \/>\n<meta property=\"article:published_time\" content=\"2025-09-01T13:06:55+00:00\" \/>\n<meta property=\"article:modified_time\" content=\"2025-09-02T07:13:46+00:00\" \/>\n<meta property=\"og:image\" content=\"https:\/\/wimex-group.com\/wp-content\/uploads\/2025\/09\/092025_40JahreWimex.png\" \/>\n\t<meta property=\"og:image:width\" content=\"1440\" \/>\n\t<meta property=\"og:image:height\" content=\"1080\" \/>\n\t<meta property=\"og:image:type\" content=\"image\/png\" \/>\n<meta name=\"author\" content=\"Carolin Zeitler\" \/>\n<meta name=\"twitter:card\" content=\"summary_large_image\" \/>\n<meta name=\"twitter:label1\" content=\"Written by\" \/>\n\t<meta name=\"twitter:data1\" content=\"Carolin Zeitler\" \/>\n\t<meta name=\"twitter:label2\" content=\"Est. reading time\" \/>\n\t<meta name=\"twitter:data2\" content=\"1 minute\" \/>\n<script type=\"application\/ld+json\" class=\"yoast-schema-graph\">{\"@context\":\"https:\\\/\\\/schema.org\",\"@graph\":[{\"@type\":\"Article\",\"@id\":\"https:\\\/\\\/wimex-group.com\\\/en\\\/unvergesslich-wir-feiern-unser-firmenjubilaeum\\\/#article\",\"isPartOf\":{\"@id\":\"https:\\\/\\\/wimex-group.com\\\/en\\\/unvergesslich-wir-feiern-unser-firmenjubilaeum\\\/\"},\"author\":{\"name\":\"Carolin Zeitler\",\"@id\":\"https:\\\/\\\/wimex-group.com\\\/en\\\/#\\\/schema\\\/person\\\/021998babb56631d9e15d580909d2a98\"},\"headline\":\"Unvergesslich \u2013 Wir feiern unser Firmenjubil\u00e4um\",\"datePublished\":\"2025-09-01T13:06:55+00:00\",\"dateModified\":\"2025-09-02T07:13:46+00:00\",\"mainEntityOfPage\":{\"@id\":\"https:\\\/\\\/wimex-group.com\\\/en\\\/unvergesslich-wir-feiern-unser-firmenjubilaeum\\\/\"},\"wordCount\":1081,\"image\":{\"@id\":\"https:\\\/\\\/wimex-group.com\\\/en\\\/unvergesslich-wir-feiern-unser-firmenjubilaeum\\\/#primaryimage\"},\"thumbnailUrl\":\"https:\\\/\\\/wimex-group.com\\\/wp-content\\\/uploads\\\/2025\\\/09\\\/092025_40JahreWimex.png\",\"articleSection\":[\"News Startseite\"],\"inLanguage\":\"en-US\"},{\"@type\":\"WebPage\",\"@id\":\"https:\\\/\\\/wimex-group.com\\\/en\\\/unvergesslich-wir-feiern-unser-firmenjubilaeum\\\/\",\"url\":\"https:\\\/\\\/wimex-group.com\\\/en\\\/unvergesslich-wir-feiern-unser-firmenjubilaeum\\\/\",\"name\":\"Unvergesslich \u2013 Wir feiern unser Firmenjubil\u00e4um - wimex-group\",\"isPartOf\":{\"@id\":\"https:\\\/\\\/wimex-group.com\\\/en\\\/#website\"},\"primaryImageOfPage\":{\"@id\":\"https:\\\/\\\/wimex-group.com\\\/en\\\/unvergesslich-wir-feiern-unser-firmenjubilaeum\\\/#primaryimage\"},\"image\":{\"@id\":\"https:\\\/\\\/wimex-group.com\\\/en\\\/unvergesslich-wir-feiern-unser-firmenjubilaeum\\\/#primaryimage\"},\"thumbnailUrl\":\"https:\\\/\\\/wimex-group.com\\\/wp-content\\\/uploads\\\/2025\\\/09\\\/092025_40JahreWimex.png\",\"datePublished\":\"2025-09-01T13:06:55+00:00\",\"dateModified\":\"2025-09-02T07:13:46+00:00\",\"author\":{\"@id\":\"https:\\\/\\\/wimex-group.com\\\/en\\\/#\\\/schema\\\/person\\\/021998babb56631d9e15d580909d2a98\"},\"breadcrumb\":{\"@id\":\"https:\\\/\\\/wimex-group.com\\\/en\\\/unvergesslich-wir-feiern-unser-firmenjubilaeum\\\/#breadcrumb\"},\"inLanguage\":\"en-US\",\"potentialAction\":[{\"@type\":\"ReadAction\",\"target\":[\"https:\\\/\\\/wimex-group.com\\\/en\\\/unvergesslich-wir-feiern-unser-firmenjubilaeum\\\/\"]}]},{\"@type\":\"ImageObject\",\"inLanguage\":\"en-US\",\"@id\":\"https:\\\/\\\/wimex-group.com\\\/en\\\/unvergesslich-wir-feiern-unser-firmenjubilaeum\\\/#primaryimage\",\"url\":\"https:\\\/\\\/wimex-group.com\\\/wp-content\\\/uploads\\\/2025\\\/09\\\/092025_40JahreWimex.png\",\"contentUrl\":\"https:\\\/\\\/wimex-group.com\\\/wp-content\\\/uploads\\\/2025\\\/09\\\/092025_40JahreWimex.png\",\"width\":1440,\"height\":1080},{\"@type\":\"BreadcrumbList\",\"@id\":\"https:\\\/\\\/wimex-group.com\\\/en\\\/unvergesslich-wir-feiern-unser-firmenjubilaeum\\\/#breadcrumb\",\"itemListElement\":[{\"@type\":\"ListItem\",\"position\":1,\"name\":\"Startseite\",\"item\":\"https:\\\/\\\/wimex-group.com\\\/en\\\/\"},{\"@type\":\"ListItem\",\"position\":2,\"name\":\"Unvergesslich \u2013 Wir feiern unser Firmenjubil\u00e4um\"}]},{\"@type\":\"WebSite\",\"@id\":\"https:\\\/\\\/wimex-group.com\\\/en\\\/#website\",\"url\":\"https:\\\/\\\/wimex-group.com\\\/en\\\/\",\"name\":\"wimex-group\",\"description\":\"Wimex Group\",\"potentialAction\":[{\"@type\":\"SearchAction\",\"target\":{\"@type\":\"EntryPoint\",\"urlTemplate\":\"https:\\\/\\\/wimex-group.com\\\/en\\\/?s={search_term_string}\"},\"query-input\":{\"@type\":\"PropertyValueSpecification\",\"valueRequired\":true,\"valueName\":\"search_term_string\"}}],\"inLanguage\":\"en-US\"},{\"@type\":\"Person\",\"@id\":\"https:\\\/\\\/wimex-group.com\\\/en\\\/#\\\/schema\\\/person\\\/021998babb56631d9e15d580909d2a98\",\"name\":\"Carolin Zeitler\",\"image\":{\"@type\":\"ImageObject\",\"inLanguage\":\"en-US\",\"@id\":\"https:\\\/\\\/secure.gravatar.com\\\/avatar\\\/70690699c4b78e0d1071212bc109d105862d1995272d53ee30249072cb614a4c?s=96&d=mm&r=g\",\"url\":\"https:\\\/\\\/secure.gravatar.com\\\/avatar\\\/70690699c4b78e0d1071212bc109d105862d1995272d53ee30249072cb614a4c?s=96&d=mm&r=g\",\"contentUrl\":\"https:\\\/\\\/secure.gravatar.com\\\/avatar\\\/70690699c4b78e0d1071212bc109d105862d1995272d53ee30249072cb614a4c?s=96&d=mm&r=g\",\"caption\":\"Carolin Zeitler\"},\"url\":\"https:\\\/\\\/wimex-group.com\\\/en\\\/author\\\/carolin-zeitler\\\/\"}]}<\/script>\n<!-- \/ Yoast SEO plugin. -->","yoast_head_json":{"title":"Unvergesslich \u2013 Wir feiern unser Firmenjubil\u00e4um - wimex-group","robots":{"index":"index","follow":"follow","max-snippet":"max-snippet:-1","max-image-preview":"max-image-preview:large","max-video-preview":"max-video-preview:-1"},"canonical":"https:\/\/wimex-group.com\/en\/unvergesslich-wir-feiern-unser-firmenjubilaeum\/","og_locale":"en_US","og_type":"article","og_title":"Unvergesslich \u2013 Wir feiern unser Firmenjubil\u00e4um - wimex-group","og_description":"Am Freitag, den 29. August, haben wir unser 40-j\u00e4hriges Firmenjubil\u00e4um am Standort Baasdorf begangen \u2013 mit einem Fest f\u00fcr unsere Mitarbeiterinnen und Mitarbeiter. Vor Ort dabei waren auch zahlreiche geladene G\u00e4ste: Sven Schulze, Minister f\u00fcr Wirtschaft, Tourismus, Landwirtschaft und Forsten, Andy Grabner, Landrat f\u00fcr den Landkreis Anhalt-Bitterfeld, die Mitglieder des Landtags Dietmar Krause und Olaf [&hellip;]","og_url":"https:\/\/wimex-group.com\/en\/unvergesslich-wir-feiern-unser-firmenjubilaeum\/","og_site_name":"wimex-group","article_published_time":"2025-09-01T13:06:55+00:00","article_modified_time":"2025-09-02T07:13:46+00:00","og_image":[{"width":1440,"height":1080,"url":"https:\/\/wimex-group.com\/wp-content\/uploads\/2025\/09\/092025_40JahreWimex.png","type":"image\/png"}],"author":"Carolin Zeitler","twitter_card":"summary_large_image","twitter_misc":{"Written by":"Carolin Zeitler","Est. reading time":"1 minute"},"schema":{"@context":"https:\/\/schema.org","@graph":[{"@type":"Article","@id":"https:\/\/wimex-group.com\/en\/unvergesslich-wir-feiern-unser-firmenjubilaeum\/#article","isPartOf":{"@id":"https:\/\/wimex-group.com\/en\/unvergesslich-wir-feiern-unser-firmenjubilaeum\/"},"author":{"name":"Carolin Zeitler","@id":"https:\/\/wimex-group.com\/en\/#\/schema\/person\/021998babb56631d9e15d580909d2a98"},"headline":"Unvergesslich \u2013 Wir feiern unser Firmenjubil\u00e4um","datePublished":"2025-09-01T13:06:55+00:00","dateModified":"2025-09-02T07:13:46+00:00","mainEntityOfPage":{"@id":"https:\/\/wimex-group.com\/en\/unvergesslich-wir-feiern-unser-firmenjubilaeum\/"},"wordCount":1081,"image":{"@id":"https:\/\/wimex-group.com\/en\/unvergesslich-wir-feiern-unser-firmenjubilaeum\/#primaryimage"},"thumbnailUrl":"https:\/\/wimex-group.com\/wp-content\/uploads\/2025\/09\/092025_40JahreWimex.png","articleSection":["News Startseite"],"inLanguage":"en-US"},{"@type":"WebPage","@id":"https:\/\/wimex-group.com\/en\/unvergesslich-wir-feiern-unser-firmenjubilaeum\/","url":"https:\/\/wimex-group.com\/en\/unvergesslich-wir-feiern-unser-firmenjubilaeum\/","name":"Unvergesslich \u2013 Wir feiern unser Firmenjubil\u00e4um - wimex-group","isPartOf":{"@id":"https:\/\/wimex-group.com\/en\/#website"},"primaryImageOfPage":{"@id":"https:\/\/wimex-group.com\/en\/unvergesslich-wir-feiern-unser-firmenjubilaeum\/#primaryimage"},"image":{"@id":"https:\/\/wimex-group.com\/en\/unvergesslich-wir-feiern-unser-firmenjubilaeum\/#primaryimage"},"thumbnailUrl":"https:\/\/wimex-group.com\/wp-content\/uploads\/2025\/09\/092025_40JahreWimex.png","datePublished":"2025-09-01T13:06:55+00:00","dateModified":"2025-09-02T07:13:46+00:00","author":{"@id":"https:\/\/wimex-group.com\/en\/#\/schema\/person\/021998babb56631d9e15d580909d2a98"},"breadcrumb":{"@id":"https:\/\/wimex-group.com\/en\/unvergesslich-wir-feiern-unser-firmenjubilaeum\/#breadcrumb"},"inLanguage":"en-US","potentialAction":[{"@type":"ReadAction","target":["https:\/\/wimex-group.com\/en\/unvergesslich-wir-feiern-unser-firmenjubilaeum\/"]}]},{"@type":"ImageObject","inLanguage":"en-US","@id":"https:\/\/wimex-group.com\/en\/unvergesslich-wir-feiern-unser-firmenjubilaeum\/#primaryimage","url":"https:\/\/wimex-group.com\/wp-content\/uploads\/2025\/09\/092025_40JahreWimex.png","contentUrl":"https:\/\/wimex-group.com\/wp-content\/uploads\/2025\/09\/092025_40JahreWimex.png","width":1440,"height":1080},{"@type":"BreadcrumbList","@id":"https:\/\/wimex-group.com\/en\/unvergesslich-wir-feiern-unser-firmenjubilaeum\/#breadcrumb","itemListElement":[{"@type":"ListItem","position":1,"name":"Startseite","item":"https:\/\/wimex-group.com\/en\/"},{"@type":"ListItem","position":2,"name":"Unvergesslich \u2013 Wir feiern unser Firmenjubil\u00e4um"}]},{"@type":"WebSite","@id":"https:\/\/wimex-group.com\/en\/#website","url":"https:\/\/wimex-group.com\/en\/","name":"wimex-group","description":"Wimex Group","potentialAction":[{"@type":"SearchAction","target":{"@type":"EntryPoint","urlTemplate":"https:\/\/wimex-group.com\/en\/?s={search_term_string}"},"query-input":{"@type":"PropertyValueSpecification","valueRequired":true,"valueName":"search_term_string"}}],"inLanguage":"en-US"},{"@type":"Person","@id":"https:\/\/wimex-group.com\/en\/#\/schema\/person\/021998babb56631d9e15d580909d2a98","name":"Carolin Zeitler","image":{"@type":"ImageObject","inLanguage":"en-US","@id":"https:\/\/secure.gravatar.com\/avatar\/70690699c4b78e0d1071212bc109d105862d1995272d53ee30249072cb614a4c?s=96&d=mm&r=g","url":"https:\/\/secure.gravatar.com\/avatar\/70690699c4b78e0d1071212bc109d105862d1995272d53ee30249072cb614a4c?s=96&d=mm&r=g","contentUrl":"https:\/\/secure.gravatar.com\/avatar\/70690699c4b78e0d1071212bc109d105862d1995272d53ee30249072cb614a4c?s=96&d=mm&r=g","caption":"Carolin Zeitler"},"url":"https:\/\/wimex-group.com\/en\/author\/carolin-zeitler\/"}]}},"_links":{"self":[{"href":"https:\/\/wimex-group.com\/en\/wp-json\/wp\/v2\/posts\/5872","targetHints":{"allow":["GET"]}}],"collection":[{"href":"https:\/\/wimex-group.com\/en\/wp-json\/wp\/v2\/posts"}],"about":[{"href":"https:\/\/wimex-group.com\/en\/wp-json\/wp\/v2\/types\/post"}],"author":[{"embeddable":true,"href":"https:\/\/wimex-group.com\/en\/wp-json\/wp\/v2\/users\/9"}],"replies":[{"embeddable":true,"href":"https:\/\/wimex-group.com\/en\/wp-json\/wp\/v2\/comments?post=5872"}],"version-history":[{"count":8,"href":"https:\/\/wimex-group.com\/en\/wp-json\/wp\/v2\/posts\/5872\/revisions"}],"predecessor-version":[{"id":5905,"href":"https:\/\/wimex-group.com\/en\/wp-json\/wp\/v2\/posts\/5872\/revisions\/5905"}],"wp:featuredmedia":[{"embeddable":true,"href":"https:\/\/wimex-group.com\/en\/wp-json\/wp\/v2\/media\/5873"}],"wp:attachment":[{"href":"https:\/\/wimex-group.com\/en\/wp-json\/wp\/v2\/media?parent=5872"}],"wp:term":[{"taxonomy":"category","embeddable":true,"href":"https:\/\/wimex-group.com\/en\/wp-json\/wp\/v2\/categories?post=5872"},{"taxonomy":"post_tag","embeddable":true,"href":"https:\/\/wimex-group.com\/en\/wp-json\/wp\/v2\/tags?post=5872"}],"curies":[{"name":"wp","href":"https:\/\/api.w.org\/{rel}","templated":true}]}}