{"id":6578,"date":"2025-12-05T07:19:17","date_gmt":"2025-12-05T06:19:17","guid":{"rendered":"https:\/\/wimex-group.com\/?p=6578"},"modified":"2025-12-05T07:19:22","modified_gmt":"2025-12-05T06:19:22","slug":"in-reppichau-wird-jetzt-solarstrom-fuer-die-region-produziert","status":"publish","type":"post","link":"https:\/\/wimex-group.com\/en\/in-reppichau-wird-jetzt-solarstrom-fuer-die-region-produziert\/","title":{"rendered":"In Reppichau wird jetzt Solarstrom f\u00fcr die Region produziert"},"content":{"rendered":"<p>[et_pb_section fb_built=&#8221;1&#8243; _builder_version=&#8221;4.16&#8243; background_image=&#8221;https:\/\/wimex-group.com\/wp-content\/uploads\/2020\/12\/WMX_Intro_Slider_1.jpg&#8221; min_height=&#8221;350px&#8221; min_height_tablet=&#8221;&#8221; min_height_phone=&#8221;250px&#8221; min_height_last_edited=&#8221;on|phone&#8221; max_height=&#8221;350px&#8221; global_colors_info=&#8221;{}&#8221;][\/et_pb_section][et_pb_section fb_built=&#8221;1&#8243; _builder_version=&#8221;4.16&#8243; custom_padding=&#8221;||0px|||&#8221; global_colors_info=&#8221;{}&#8221;][et_pb_row _builder_version=&#8221;4.16&#8243; background_size=&#8221;initial&#8221; background_position=&#8221;top_left&#8221; background_repeat=&#8221;repeat&#8221; global_colors_info=&#8221;{}&#8221;][et_pb_column type=&#8221;4_4&#8243; _builder_version=&#8221;4.16&#8243; custom_padding=&#8221;|||&#8221; global_colors_info=&#8221;{}&#8221; custom_padding__hover=&#8221;|||&#8221;][et_pb_text _builder_version=&#8221;4.16&#8243; _dynamic_attributes=&#8221;content&#8221; text_font_size=&#8221;4em&#8221; text_line_height=&#8221;1.4em&#8221; text_orientation=&#8221;center&#8221; custom_margin=&#8221;|15%||15%|false|true&#8221; custom_margin_tablet=&#8221;|2%||2%|false|true&#8221; custom_margin_phone=&#8221;|0%||0%|false|true&#8221; custom_margin_last_edited=&#8221;on|phone&#8221; text_font_size_tablet=&#8221;3.6em&#8221; text_font_size_phone=&#8221;2.5em&#8221; text_font_size_last_edited=&#8221;on|tablet&#8221; global_colors_info=&#8221;{}&#8221;]@ET-DC@eyJkeW5hbWljIjp0cnVlLCJjb250ZW50IjoicG9zdF90aXRsZSIsInNldHRpbmdzIjp7ImJlZm9yZSI6IiIsImFmdGVyIjoiIn19@[\/et_pb_text][et_pb_text content_last_edited=&#8221;off|tablet&#8221; _builder_version=&#8221;4.16&#8243; _dynamic_attributes=&#8221;content&#8221; text_font=&#8221;Arial||||||||&#8221; text_text_color=&#8221;#0781ce&#8221; text_font_size=&#8221;1.5em&#8221; text_line_height=&#8221;1.4em&#8221; text_orientation=&#8221;center&#8221; text_font_size_tablet=&#8221;1.25em&#8221; text_font_size_phone=&#8221;1.25em&#8221; text_font_size_last_edited=&#8221;on|tablet&#8221; global_colors_info=&#8221;{}&#8221; content__hover_enabled=&#8221;off|desktop&#8221;]@ET-DC@eyJkeW5hbWljIjp0cnVlLCJjb250ZW50IjoicG9zdF9kYXRlIiwic2V0dGluZ3MiOnsiYmVmb3JlIjoiIiwiYWZ0ZXIiOiIiLCJkYXRlX2Zvcm1hdCI6ImRlZmF1bHQiLCJjdXN0b21fZGF0ZV9mb3JtYXQiOiIifX0=@[\/et_pb_text][\/et_pb_column][\/et_pb_row][et_pb_row _builder_version=&#8221;4.16&#8243; background_size=&#8221;initial&#8221; background_position=&#8221;top_left&#8221; background_repeat=&#8221;repeat&#8221; module_alignment=&#8221;center&#8221; custom_margin=&#8221;|-1px||411px||&#8221; global_colors_info=&#8221;{}&#8221;][et_pb_column type=&#8221;4_4&#8243; _builder_version=&#8221;4.16&#8243; custom_padding=&#8221;|||&#8221; global_colors_info=&#8221;{}&#8221; custom_padding__hover=&#8221;|||&#8221;][et_pb_text _builder_version=&#8221;4.27.4&#8243; text_font_size=&#8221;1.5em&#8221; min_height=&#8221;180.6px&#8221; custom_margin=&#8221;|15%||15%|false|true&#8221; custom_margin_tablet=&#8221;|5%||5%|false|true&#8221; custom_margin_phone=&#8221;|2%||2%|false|true&#8221; custom_margin_last_edited=&#8221;on|tablet&#8221; custom_padding=&#8221;||0px|||&#8221; hover_enabled=&#8221;0&#8243; text_font_size_tablet=&#8221;&#8221; text_font_size_phone=&#8221;1.3em&#8221; text_font_size_last_edited=&#8221;on|desktop&#8221; global_colors_info=&#8221;{}&#8221; sticky_enabled=&#8221;0&#8243;]<\/p>\n<p><strong>Neue Freifl\u00e4chen-Photovoltaikanlage kann rechnerisch 20.000 Haushalte versorgen \u2013 Weiterer Ausbau bereits in Planung \u2013 Wimex Group stellt Fl\u00e4chen zur Verf\u00fcgung<\/strong><\/p>\n<p><strong>Reppichau\/Osternienburger Land.<\/strong> Mit der offiziellen Inbetriebnahme des ersten Abschnitts ist der Energiepark Reppichau jetzt ans Netz gegangen. Nach rund 16 Monaten Bauzeit wurde die neue Photovoltaik-Freifl\u00e4chenanlage im November an das Stromnetz angeschlossen. Die derzeit installierte Leistung von 75 Megawattpeak (MWp) reicht rechnerisch f\u00fcr die Versorgung von etwa 20.000 Vier-Personen-Haushalten. Das Projekt f\u00fchrt die Energiepark Reppichau GmbH &amp; Co. KG durch, ein Zusammenschluss der Wimex Group, der meistro Energie GmbH und der ISM Gruppe. Dabei stellt die Wimex Group einen Gro\u00dfteil der landwirtschaftlichen Fl\u00e4chen bereit und \u00fcbernimmt die Projektkoordination vor Ort. \u201eDer Energiepark Reppichau ist ein wichtiger Schritt f\u00fcr die regionale Energiewende. Wir zeigen hier, wie landwirtschaftliche Fl\u00e4chennutzung und moderne Energieerzeugung sinnvoll zusammengebracht werden\u201c, sagt Ulrich Wagner, Gesch\u00e4ftsf\u00fchrer der Wimex Group. \u201eDie PV-Anlage leistet einen Beitrag zu einer verl\u00e4sslichen und nachhaltigen Energieversorgung in Sachsen-Anhalt.\u201c<\/p>\n<p>Die Anlage erstreckt sich \u00fcber rund 100 Hektar und z\u00e4hlt mit zu den gr\u00f6\u00dften EEG-gef\u00f6rderten Solarprojekten in Sachsen-Anhalt. Verbaut wurden Module und Wechselrichter der neuesten Generation. Den erzeugten \u00d6kostrom bezieht die Wimex Group zum Teil selbst. \u00dcbersch\u00fcssiger Strom wird \u00fcber ein eigenes Umspannwerk in die bestehende 110-kV-Freileitung einspeist. Die Investitionssumme aller drei Projektpartner liegt im mittleren zweistelligen Millionenbereich.<\/p>\n<p><strong>Batteriespeicher erg\u00e4nzt das Projekt<\/strong><br \/>Der Energiepark ist auf eine Gesamtleistung von bis zu 126 MWp ausgelegt. Der Ausbau um die zus\u00e4tzlichen 51 MWp sowie ein erg\u00e4nzender Batteriespeicher befinden sich bereits in der Planung. Der Speicher kommt zum Einsatz, wenn die Anlage bei starker Sonneneinstrahlung tags\u00fcber viel Strom produziert \u2013 der aber in diesem Moment nicht gebraucht wird. Damit z\u00e4hlt Reppichau zu den Projekten, die Photovoltaik und Speichertechnologie von Anfang an kombinieren \u2013 ein wichtiger Baustein f\u00fcr mehr Netzstabilit\u00e4t und eine verl\u00e4ssliche erneuerbare Energieversorgung.<\/p>\n<p><strong>Nachhaltige Fl\u00e4chenauswahl<\/strong><br \/>Als Standort f\u00fcr die gro\u00dfe Freifl\u00e4chenanlage wurden gezielt landwirtschaftliche Fl\u00e4chen mit niedriger Bodenqualit\u00e4t ausgew\u00e4hlt. Damit bleiben hochwertige Anbaufl\u00e4chen von dem Projekt unber\u00fchrt \u2013 und m\u00f6gliche Nutzungskonflikte mit dem Anbau landwirtschaftlicher Produkte entfallen. Die Lage nahe der Bahntrasse spricht au\u00dferdem f\u00fcr die gew\u00e4hlten Fl\u00e4chen, denn auch dadurch sind andere Verwendungszwecke nicht geeignet.<\/p>\n<p>[\/et_pb_text][et_pb_blurb title=&#8221;Die erste Ausbaustufe der Photovoltaik-Freifl\u00e4chenanlage in Reppichau ist jetzt in Betrieb gegangen, die zweite Ausbaustufe sowie ein erg\u00e4nzender Batteriespeicher folgen voraussichtlich 2026.&#8221; image=&#8221;https:\/\/wimex-group.com\/wp-content\/uploads\/2025\/12\/122025_PM_Reppichau.png&#8221; _builder_version=&#8221;4.27.4&#8243; _module_preset=&#8221;default&#8221; title_text=&#8221;122025_PM_Reppichau&#8221; hover_enabled=&#8221;0&#8243; sticky_enabled=&#8221;0&#8243;][\/et_pb_blurb][\/et_pb_column][\/et_pb_row][\/et_pb_section]<\/p>\n","protected":false},"excerpt":{"rendered":"<p>Neue Freifl\u00e4chen-Photovoltaikanlage kann rechnerisch 20.000 Haushalte versorgen \u2013 Weiterer Ausbau bereits in Planung \u2013 Wimex Group stellt Fl\u00e4chen zur Verf\u00fcgung Reppichau\/Osternienburger Land. Mit der offiziellen Inbetriebnahme des ersten Abschnitts ist der Energiepark Reppichau jetzt ans Netz gegangen. Nach rund 16 Monaten Bauzeit wurde die neue Photovoltaik-Freifl\u00e4chenanlage im November an das Stromnetz angeschlossen. Die derzeit installierte [&hellip;]<\/p>\n","protected":false},"author":9,"featured_media":6579,"comment_status":"closed","ping_status":"open","sticky":false,"template":"","format":"standard","meta":{"_et_pb_use_builder":"on","_et_pb_old_content":"<!-- wp:paragraph -->\n<p>Dank einer Anfrage zweier Hobbysprayer wird das unser altes BALM-Lager in Rosefeld zum Objekt regelm\u00e4\u00dfiger Graffiti-Projekte. Bei dem Graffiti-Duo mit dem K\u00fcnstlernamen DRMLZ handelt es sich um die geb\u00fcrtigen Dessauer Stefan Schneider (42) und Stefan Berndt (36). Die beiden Freunde leben und arbeiten als Senior Designer in Berlin \u2026<\/p>\n<!-- \/wp:paragraph -->\n\n<!-- wp:paragraph -->\n<p>Natate peris vitatem vel idis eseruptum ea acerro mint enihicatist lab ium faccust, cus ex eliquos vid quatqui dolorist iderepu disciaes mod qui dolum quam, que dollest, quam, ut aut aut quidellabor apeliquat.<br>Ictemquam imporep udandissi sum suntem cuptae solliquae peliate cabores erumet il idi temporest, od es voluptis volent omnihiliqui optatent utem nonsequid ut quis reptumque pla doloris vellate mporempostis volest mo ipsam, sim dolore, tetur, simust, sit porae aut quunt quunte non re sim el is alis dentinverias eumque volupta tustis dist, natus dolorite cuptatem exernatur secti asperep udigenimus audit reped quam eiciis quo des qui volectem demperci officia intinvendus aspere idis mo eius de quae pos esequam, ipis doluptatios quuntiis que nis iur, simporrovita cum rese volupta quamus.<br>Iquam arioriost quo quo dolupti odi dolupit re voluptistis volorae sus pro veliquatur a plitat.<\/p>\n<!-- \/wp:paragraph -->\n\n<!-- wp:paragraph -->\n<p>Raturi nectorectis raectum incia con commoluptat offictur?<br>Dae sit officidem nobis aut adit aut maximinctus dissed que core peditatur maximil isinis ante vereptatur, sites que porerum que ma con eos quam renda nienis et lantiusciet vendebit exernatur? Qui nonsequiaes nemos eum id molore lacerch icidem re, consecuptur ma aut pe dolorem poreseq uatemolorat ipidi si bera nis vitionse occatus serum fuga. Namenimust volupta tenime lantur, non nonse quiam rerum hit, sumquam enem cus, sanditiur? Quist autem volor andi dolecto remporum eum am quo moluptat dendam, nemporem rat quidem vendi occulpa nonserum accatio odis il ipiciusam consenem quia et escid que idebit, ut aspidel ibeaquam et.<\/p>\n<!-- \/wp:paragraph -->","_et_gb_content_width":"2880","footnotes":""},"categories":[11],"tags":[],"class_list":["post-6578","post","type-post","status-publish","format-standard","has-post-thumbnail","hentry","category-news-startseite"],"yoast_head":"<!-- This site is optimized with the Yoast SEO plugin v27.3 - https:\/\/yoast.com\/product\/yoast-seo-wordpress\/ -->\n<title>In Reppichau wird jetzt Solarstrom f\u00fcr die Region produziert - wimex-group<\/title>\n<meta name=\"robots\" content=\"index, follow, max-snippet:-1, max-image-preview:large, max-video-preview:-1\" \/>\n<link rel=\"canonical\" href=\"https:\/\/wimex-group.com\/en\/in-reppichau-wird-jetzt-solarstrom-fuer-die-region-produziert\/\" \/>\n<meta property=\"og:locale\" content=\"en_US\" \/>\n<meta property=\"og:type\" content=\"article\" \/>\n<meta property=\"og:title\" content=\"In Reppichau wird jetzt Solarstrom f\u00fcr die Region produziert - wimex-group\" \/>\n<meta property=\"og:description\" content=\"Neue Freifl\u00e4chen-Photovoltaikanlage kann rechnerisch 20.000 Haushalte versorgen \u2013 Weiterer Ausbau bereits in Planung \u2013 Wimex Group stellt Fl\u00e4chen zur Verf\u00fcgung Reppichau\/Osternienburger Land. Mit der offiziellen Inbetriebnahme des ersten Abschnitts ist der Energiepark Reppichau jetzt ans Netz gegangen. Nach rund 16 Monaten Bauzeit wurde die neue Photovoltaik-Freifl\u00e4chenanlage im November an das Stromnetz angeschlossen. Die derzeit installierte [&hellip;]\" \/>\n<meta property=\"og:url\" content=\"https:\/\/wimex-group.com\/en\/in-reppichau-wird-jetzt-solarstrom-fuer-die-region-produziert\/\" \/>\n<meta property=\"og:site_name\" content=\"wimex-group\" \/>\n<meta property=\"article:published_time\" content=\"2025-12-05T06:19:17+00:00\" \/>\n<meta property=\"article:modified_time\" content=\"2025-12-05T06:19:22+00:00\" \/>\n<meta property=\"og:image\" content=\"https:\/\/wimex-group.com\/wp-content\/uploads\/2025\/12\/122025_PM_Reppichau.png\" \/>\n\t<meta property=\"og:image:width\" content=\"1440\" \/>\n\t<meta property=\"og:image:height\" content=\"1080\" \/>\n\t<meta property=\"og:image:type\" content=\"image\/png\" \/>\n<meta name=\"author\" content=\"Carolin Zeitler\" \/>\n<meta name=\"twitter:card\" content=\"summary_large_image\" \/>\n<meta name=\"twitter:label1\" content=\"Written by\" \/>\n\t<meta name=\"twitter:data1\" content=\"Carolin Zeitler\" \/>\n\t<meta name=\"twitter:label2\" content=\"Est. reading time\" \/>\n\t<meta name=\"twitter:data2\" content=\"3 minutes\" \/>\n<script type=\"application\/ld+json\" class=\"yoast-schema-graph\">{\"@context\":\"https:\\\/\\\/schema.org\",\"@graph\":[{\"@type\":\"Article\",\"@id\":\"https:\\\/\\\/wimex-group.com\\\/en\\\/in-reppichau-wird-jetzt-solarstrom-fuer-die-region-produziert\\\/#article\",\"isPartOf\":{\"@id\":\"https:\\\/\\\/wimex-group.com\\\/en\\\/in-reppichau-wird-jetzt-solarstrom-fuer-die-region-produziert\\\/\"},\"author\":{\"name\":\"Carolin Zeitler\",\"@id\":\"https:\\\/\\\/wimex-group.com\\\/en\\\/#\\\/schema\\\/person\\\/021998babb56631d9e15d580909d2a98\"},\"headline\":\"In Reppichau wird jetzt Solarstrom f\u00fcr die Region produziert\",\"datePublished\":\"2025-12-05T06:19:17+00:00\",\"dateModified\":\"2025-12-05T06:19:22+00:00\",\"mainEntityOfPage\":{\"@id\":\"https:\\\/\\\/wimex-group.com\\\/en\\\/in-reppichau-wird-jetzt-solarstrom-fuer-die-region-produziert\\\/\"},\"wordCount\":795,\"image\":{\"@id\":\"https:\\\/\\\/wimex-group.com\\\/en\\\/in-reppichau-wird-jetzt-solarstrom-fuer-die-region-produziert\\\/#primaryimage\"},\"thumbnailUrl\":\"https:\\\/\\\/wimex-group.com\\\/wp-content\\\/uploads\\\/2025\\\/12\\\/122025_PM_Reppichau.png\",\"articleSection\":[\"News Startseite\"],\"inLanguage\":\"en-US\"},{\"@type\":\"WebPage\",\"@id\":\"https:\\\/\\\/wimex-group.com\\\/en\\\/in-reppichau-wird-jetzt-solarstrom-fuer-die-region-produziert\\\/\",\"url\":\"https:\\\/\\\/wimex-group.com\\\/en\\\/in-reppichau-wird-jetzt-solarstrom-fuer-die-region-produziert\\\/\",\"name\":\"In Reppichau wird jetzt Solarstrom f\u00fcr die Region produziert - wimex-group\",\"isPartOf\":{\"@id\":\"https:\\\/\\\/wimex-group.com\\\/en\\\/#website\"},\"primaryImageOfPage\":{\"@id\":\"https:\\\/\\\/wimex-group.com\\\/en\\\/in-reppichau-wird-jetzt-solarstrom-fuer-die-region-produziert\\\/#primaryimage\"},\"image\":{\"@id\":\"https:\\\/\\\/wimex-group.com\\\/en\\\/in-reppichau-wird-jetzt-solarstrom-fuer-die-region-produziert\\\/#primaryimage\"},\"thumbnailUrl\":\"https:\\\/\\\/wimex-group.com\\\/wp-content\\\/uploads\\\/2025\\\/12\\\/122025_PM_Reppichau.png\",\"datePublished\":\"2025-12-05T06:19:17+00:00\",\"dateModified\":\"2025-12-05T06:19:22+00:00\",\"author\":{\"@id\":\"https:\\\/\\\/wimex-group.com\\\/en\\\/#\\\/schema\\\/person\\\/021998babb56631d9e15d580909d2a98\"},\"breadcrumb\":{\"@id\":\"https:\\\/\\\/wimex-group.com\\\/en\\\/in-reppichau-wird-jetzt-solarstrom-fuer-die-region-produziert\\\/#breadcrumb\"},\"inLanguage\":\"en-US\",\"potentialAction\":[{\"@type\":\"ReadAction\",\"target\":[\"https:\\\/\\\/wimex-group.com\\\/en\\\/in-reppichau-wird-jetzt-solarstrom-fuer-die-region-produziert\\\/\"]}]},{\"@type\":\"ImageObject\",\"inLanguage\":\"en-US\",\"@id\":\"https:\\\/\\\/wimex-group.com\\\/en\\\/in-reppichau-wird-jetzt-solarstrom-fuer-die-region-produziert\\\/#primaryimage\",\"url\":\"https:\\\/\\\/wimex-group.com\\\/wp-content\\\/uploads\\\/2025\\\/12\\\/122025_PM_Reppichau.png\",\"contentUrl\":\"https:\\\/\\\/wimex-group.com\\\/wp-content\\\/uploads\\\/2025\\\/12\\\/122025_PM_Reppichau.png\",\"width\":1440,\"height\":1080},{\"@type\":\"BreadcrumbList\",\"@id\":\"https:\\\/\\\/wimex-group.com\\\/en\\\/in-reppichau-wird-jetzt-solarstrom-fuer-die-region-produziert\\\/#breadcrumb\",\"itemListElement\":[{\"@type\":\"ListItem\",\"position\":1,\"name\":\"Startseite\",\"item\":\"https:\\\/\\\/wimex-group.com\\\/en\\\/\"},{\"@type\":\"ListItem\",\"position\":2,\"name\":\"In Reppichau wird jetzt Solarstrom f\u00fcr die Region produziert\"}]},{\"@type\":\"WebSite\",\"@id\":\"https:\\\/\\\/wimex-group.com\\\/en\\\/#website\",\"url\":\"https:\\\/\\\/wimex-group.com\\\/en\\\/\",\"name\":\"wimex-group\",\"description\":\"Wimex Group\",\"potentialAction\":[{\"@type\":\"SearchAction\",\"target\":{\"@type\":\"EntryPoint\",\"urlTemplate\":\"https:\\\/\\\/wimex-group.com\\\/en\\\/?s={search_term_string}\"},\"query-input\":{\"@type\":\"PropertyValueSpecification\",\"valueRequired\":true,\"valueName\":\"search_term_string\"}}],\"inLanguage\":\"en-US\"},{\"@type\":\"Person\",\"@id\":\"https:\\\/\\\/wimex-group.com\\\/en\\\/#\\\/schema\\\/person\\\/021998babb56631d9e15d580909d2a98\",\"name\":\"Carolin Zeitler\",\"image\":{\"@type\":\"ImageObject\",\"inLanguage\":\"en-US\",\"@id\":\"https:\\\/\\\/secure.gravatar.com\\\/avatar\\\/70690699c4b78e0d1071212bc109d105862d1995272d53ee30249072cb614a4c?s=96&d=mm&r=g\",\"url\":\"https:\\\/\\\/secure.gravatar.com\\\/avatar\\\/70690699c4b78e0d1071212bc109d105862d1995272d53ee30249072cb614a4c?s=96&d=mm&r=g\",\"contentUrl\":\"https:\\\/\\\/secure.gravatar.com\\\/avatar\\\/70690699c4b78e0d1071212bc109d105862d1995272d53ee30249072cb614a4c?s=96&d=mm&r=g\",\"caption\":\"Carolin Zeitler\"},\"url\":\"https:\\\/\\\/wimex-group.com\\\/en\\\/author\\\/carolin-zeitler\\\/\"}]}<\/script>\n<!-- \/ Yoast SEO plugin. -->","yoast_head_json":{"title":"In Reppichau wird jetzt Solarstrom f\u00fcr die Region produziert - wimex-group","robots":{"index":"index","follow":"follow","max-snippet":"max-snippet:-1","max-image-preview":"max-image-preview:large","max-video-preview":"max-video-preview:-1"},"canonical":"https:\/\/wimex-group.com\/en\/in-reppichau-wird-jetzt-solarstrom-fuer-die-region-produziert\/","og_locale":"en_US","og_type":"article","og_title":"In Reppichau wird jetzt Solarstrom f\u00fcr die Region produziert - wimex-group","og_description":"Neue Freifl\u00e4chen-Photovoltaikanlage kann rechnerisch 20.000 Haushalte versorgen \u2013 Weiterer Ausbau bereits in Planung \u2013 Wimex Group stellt Fl\u00e4chen zur Verf\u00fcgung Reppichau\/Osternienburger Land. Mit der offiziellen Inbetriebnahme des ersten Abschnitts ist der Energiepark Reppichau jetzt ans Netz gegangen. Nach rund 16 Monaten Bauzeit wurde die neue Photovoltaik-Freifl\u00e4chenanlage im November an das Stromnetz angeschlossen. Die derzeit installierte [&hellip;]","og_url":"https:\/\/wimex-group.com\/en\/in-reppichau-wird-jetzt-solarstrom-fuer-die-region-produziert\/","og_site_name":"wimex-group","article_published_time":"2025-12-05T06:19:17+00:00","article_modified_time":"2025-12-05T06:19:22+00:00","og_image":[{"width":1440,"height":1080,"url":"https:\/\/wimex-group.com\/wp-content\/uploads\/2025\/12\/122025_PM_Reppichau.png","type":"image\/png"}],"author":"Carolin Zeitler","twitter_card":"summary_large_image","twitter_misc":{"Written by":"Carolin Zeitler","Est. reading time":"3 minutes"},"schema":{"@context":"https:\/\/schema.org","@graph":[{"@type":"Article","@id":"https:\/\/wimex-group.com\/en\/in-reppichau-wird-jetzt-solarstrom-fuer-die-region-produziert\/#article","isPartOf":{"@id":"https:\/\/wimex-group.com\/en\/in-reppichau-wird-jetzt-solarstrom-fuer-die-region-produziert\/"},"author":{"name":"Carolin Zeitler","@id":"https:\/\/wimex-group.com\/en\/#\/schema\/person\/021998babb56631d9e15d580909d2a98"},"headline":"In Reppichau wird jetzt Solarstrom f\u00fcr die Region produziert","datePublished":"2025-12-05T06:19:17+00:00","dateModified":"2025-12-05T06:19:22+00:00","mainEntityOfPage":{"@id":"https:\/\/wimex-group.com\/en\/in-reppichau-wird-jetzt-solarstrom-fuer-die-region-produziert\/"},"wordCount":795,"image":{"@id":"https:\/\/wimex-group.com\/en\/in-reppichau-wird-jetzt-solarstrom-fuer-die-region-produziert\/#primaryimage"},"thumbnailUrl":"https:\/\/wimex-group.com\/wp-content\/uploads\/2025\/12\/122025_PM_Reppichau.png","articleSection":["News Startseite"],"inLanguage":"en-US"},{"@type":"WebPage","@id":"https:\/\/wimex-group.com\/en\/in-reppichau-wird-jetzt-solarstrom-fuer-die-region-produziert\/","url":"https:\/\/wimex-group.com\/en\/in-reppichau-wird-jetzt-solarstrom-fuer-die-region-produziert\/","name":"In Reppichau wird jetzt Solarstrom f\u00fcr die Region produziert - wimex-group","isPartOf":{"@id":"https:\/\/wimex-group.com\/en\/#website"},"primaryImageOfPage":{"@id":"https:\/\/wimex-group.com\/en\/in-reppichau-wird-jetzt-solarstrom-fuer-die-region-produziert\/#primaryimage"},"image":{"@id":"https:\/\/wimex-group.com\/en\/in-reppichau-wird-jetzt-solarstrom-fuer-die-region-produziert\/#primaryimage"},"thumbnailUrl":"https:\/\/wimex-group.com\/wp-content\/uploads\/2025\/12\/122025_PM_Reppichau.png","datePublished":"2025-12-05T06:19:17+00:00","dateModified":"2025-12-05T06:19:22+00:00","author":{"@id":"https:\/\/wimex-group.com\/en\/#\/schema\/person\/021998babb56631d9e15d580909d2a98"},"breadcrumb":{"@id":"https:\/\/wimex-group.com\/en\/in-reppichau-wird-jetzt-solarstrom-fuer-die-region-produziert\/#breadcrumb"},"inLanguage":"en-US","potentialAction":[{"@type":"ReadAction","target":["https:\/\/wimex-group.com\/en\/in-reppichau-wird-jetzt-solarstrom-fuer-die-region-produziert\/"]}]},{"@type":"ImageObject","inLanguage":"en-US","@id":"https:\/\/wimex-group.com\/en\/in-reppichau-wird-jetzt-solarstrom-fuer-die-region-produziert\/#primaryimage","url":"https:\/\/wimex-group.com\/wp-content\/uploads\/2025\/12\/122025_PM_Reppichau.png","contentUrl":"https:\/\/wimex-group.com\/wp-content\/uploads\/2025\/12\/122025_PM_Reppichau.png","width":1440,"height":1080},{"@type":"BreadcrumbList","@id":"https:\/\/wimex-group.com\/en\/in-reppichau-wird-jetzt-solarstrom-fuer-die-region-produziert\/#breadcrumb","itemListElement":[{"@type":"ListItem","position":1,"name":"Startseite","item":"https:\/\/wimex-group.com\/en\/"},{"@type":"ListItem","position":2,"name":"In Reppichau wird jetzt Solarstrom f\u00fcr die Region produziert"}]},{"@type":"WebSite","@id":"https:\/\/wimex-group.com\/en\/#website","url":"https:\/\/wimex-group.com\/en\/","name":"wimex-group","description":"Wimex Group","potentialAction":[{"@type":"SearchAction","target":{"@type":"EntryPoint","urlTemplate":"https:\/\/wimex-group.com\/en\/?s={search_term_string}"},"query-input":{"@type":"PropertyValueSpecification","valueRequired":true,"valueName":"search_term_string"}}],"inLanguage":"en-US"},{"@type":"Person","@id":"https:\/\/wimex-group.com\/en\/#\/schema\/person\/021998babb56631d9e15d580909d2a98","name":"Carolin Zeitler","image":{"@type":"ImageObject","inLanguage":"en-US","@id":"https:\/\/secure.gravatar.com\/avatar\/70690699c4b78e0d1071212bc109d105862d1995272d53ee30249072cb614a4c?s=96&d=mm&r=g","url":"https:\/\/secure.gravatar.com\/avatar\/70690699c4b78e0d1071212bc109d105862d1995272d53ee30249072cb614a4c?s=96&d=mm&r=g","contentUrl":"https:\/\/secure.gravatar.com\/avatar\/70690699c4b78e0d1071212bc109d105862d1995272d53ee30249072cb614a4c?s=96&d=mm&r=g","caption":"Carolin Zeitler"},"url":"https:\/\/wimex-group.com\/en\/author\/carolin-zeitler\/"}]}},"_links":{"self":[{"href":"https:\/\/wimex-group.com\/en\/wp-json\/wp\/v2\/posts\/6578","targetHints":{"allow":["GET"]}}],"collection":[{"href":"https:\/\/wimex-group.com\/en\/wp-json\/wp\/v2\/posts"}],"about":[{"href":"https:\/\/wimex-group.com\/en\/wp-json\/wp\/v2\/types\/post"}],"author":[{"embeddable":true,"href":"https:\/\/wimex-group.com\/en\/wp-json\/wp\/v2\/users\/9"}],"replies":[{"embeddable":true,"href":"https:\/\/wimex-group.com\/en\/wp-json\/wp\/v2\/comments?post=6578"}],"version-history":[{"count":7,"href":"https:\/\/wimex-group.com\/en\/wp-json\/wp\/v2\/posts\/6578\/revisions"}],"predecessor-version":[{"id":6592,"href":"https:\/\/wimex-group.com\/en\/wp-json\/wp\/v2\/posts\/6578\/revisions\/6592"}],"wp:featuredmedia":[{"embeddable":true,"href":"https:\/\/wimex-group.com\/en\/wp-json\/wp\/v2\/media\/6579"}],"wp:attachment":[{"href":"https:\/\/wimex-group.com\/en\/wp-json\/wp\/v2\/media?parent=6578"}],"wp:term":[{"taxonomy":"category","embeddable":true,"href":"https:\/\/wimex-group.com\/en\/wp-json\/wp\/v2\/categories?post=6578"},{"taxonomy":"post_tag","embeddable":true,"href":"https:\/\/wimex-group.com\/en\/wp-json\/wp\/v2\/tags?post=6578"}],"curies":[{"name":"wp","href":"https:\/\/api.w.org\/{rel}","templated":true}]}}