{"id":6898,"date":"2026-03-12T14:38:40","date_gmt":"2026-03-12T13:38:40","guid":{"rendered":"https:\/\/wimex-group.com\/?p=6898"},"modified":"2026-03-12T14:38:43","modified_gmt":"2026-03-12T13:38:43","slug":"aktueller-blick-auf-unser-erneuerbare-energien-projekt-in-diesenbach","status":"publish","type":"post","link":"https:\/\/wimex-group.com\/en\/aktueller-blick-auf-unser-erneuerbare-energien-projekt-in-diesenbach\/","title":{"rendered":"Aktueller Blick auf unser Erneuerbare-Energien-Projekt in Diesenbach"},"content":{"rendered":"<p>[et_pb_section fb_built=&#8221;1&#8243; _builder_version=&#8221;4.16&#8243; background_image=&#8221;https:\/\/wimex-group.com\/wp-content\/uploads\/2020\/12\/WMX_Intro_Slider_1.jpg&#8221; min_height=&#8221;350px&#8221; min_height_tablet=&#8221;&#8221; min_height_phone=&#8221;250px&#8221; min_height_last_edited=&#8221;on|phone&#8221; max_height=&#8221;350px&#8221; global_colors_info=&#8221;{}&#8221;][\/et_pb_section][et_pb_section fb_built=&#8221;1&#8243; _builder_version=&#8221;4.16&#8243; custom_padding=&#8221;||0px|||&#8221; global_colors_info=&#8221;{}&#8221;][et_pb_row _builder_version=&#8221;4.16&#8243; background_size=&#8221;initial&#8221; background_position=&#8221;top_left&#8221; background_repeat=&#8221;repeat&#8221; global_colors_info=&#8221;{}&#8221;][et_pb_column type=&#8221;4_4&#8243; _builder_version=&#8221;4.16&#8243; custom_padding=&#8221;|||&#8221; global_colors_info=&#8221;{}&#8221; custom_padding__hover=&#8221;|||&#8221;][et_pb_text _builder_version=&#8221;4.16&#8243; _dynamic_attributes=&#8221;content&#8221; text_font_size=&#8221;4em&#8221; text_line_height=&#8221;1.4em&#8221; text_orientation=&#8221;center&#8221; custom_margin=&#8221;|15%||15%|false|true&#8221; custom_margin_tablet=&#8221;|2%||2%|false|true&#8221; custom_margin_phone=&#8221;|0%||0%|false|true&#8221; custom_margin_last_edited=&#8221;on|phone&#8221; text_font_size_tablet=&#8221;3.6em&#8221; text_font_size_phone=&#8221;2.5em&#8221; text_font_size_last_edited=&#8221;on|tablet&#8221; global_colors_info=&#8221;{}&#8221;]@ET-DC@eyJkeW5hbWljIjp0cnVlLCJjb250ZW50IjoicG9zdF90aXRsZSIsInNldHRpbmdzIjp7ImJlZm9yZSI6IiIsImFmdGVyIjoiIn19@[\/et_pb_text][et_pb_text content_last_edited=&#8221;off|tablet&#8221; _builder_version=&#8221;4.16&#8243; _dynamic_attributes=&#8221;content&#8221; text_font=&#8221;Arial||||||||&#8221; text_text_color=&#8221;#0781ce&#8221; text_font_size=&#8221;1.5em&#8221; text_line_height=&#8221;1.4em&#8221; text_orientation=&#8221;center&#8221; text_font_size_tablet=&#8221;1.25em&#8221; text_font_size_phone=&#8221;1.25em&#8221; text_font_size_last_edited=&#8221;on|tablet&#8221; global_colors_info=&#8221;{}&#8221; content__hover_enabled=&#8221;off|desktop&#8221;]@ET-DC@eyJkeW5hbWljIjp0cnVlLCJjb250ZW50IjoicG9zdF9kYXRlIiwic2V0dGluZ3MiOnsiYmVmb3JlIjoiIiwiYWZ0ZXIiOiIiLCJkYXRlX2Zvcm1hdCI6ImRlZmF1bHQiLCJjdXN0b21fZGF0ZV9mb3JtYXQiOiIifX0=@[\/et_pb_text][\/et_pb_column][\/et_pb_row][et_pb_row _builder_version=&#8221;4.16&#8243; background_size=&#8221;initial&#8221; background_position=&#8221;top_left&#8221; background_repeat=&#8221;repeat&#8221; module_alignment=&#8221;center&#8221; custom_margin=&#8221;|-1px||411px||&#8221; global_colors_info=&#8221;{}&#8221;][et_pb_column type=&#8221;4_4&#8243; _builder_version=&#8221;4.16&#8243; custom_padding=&#8221;|||&#8221; global_colors_info=&#8221;{}&#8221; custom_padding__hover=&#8221;|||&#8221;][et_pb_text _builder_version=&#8221;4.27.6&#8243; text_font_size=&#8221;1.5em&#8221; min_height=&#8221;180.6px&#8221; custom_margin=&#8221;|15%||15%|false|true&#8221; custom_margin_tablet=&#8221;|5%||5%|false|true&#8221; custom_margin_phone=&#8221;|2%||2%|false|true&#8221; custom_margin_last_edited=&#8221;on|tablet&#8221; custom_padding=&#8221;||0px|||&#8221; hover_enabled=&#8221;0&#8243; text_font_size_tablet=&#8221;&#8221; text_font_size_phone=&#8221;1.3em&#8221; text_font_size_last_edited=&#8221;on|desktop&#8221; global_colors_info=&#8221;{}&#8221; sticky_enabled=&#8221;0&#8243;]<\/p>\n<p>Unser Erneuerbare-Energien-Projekt im bayerischen Diesenbach, nahe unserem Verwaltungsstandort in Regenstauf, nimmt weiter Gestalt an. Die ersten drei sogenannten \u201eSonnenfelder\u201c\u00a0mit einer installierten Leistung von insgesamt ca. 20 MWp\u00a0wurden bereits erfolgreich fertiggestellt. Auch das Umspannwerk \u201eSonnenhof\u201c\u00a0mit einer Gesamtanschlusskapazit\u00e4t von 126 MVA\u00a0wurde errichtet und soll im zweiten Quartal 2026\u00a0in Betrieb genommen werden. Damit entsteht eine leistungsf\u00e4hige Infrastruktur zur Einspeisung erneuerbarer Energien in der Region.<\/p>\n<p>Neben\u00a0den gemeinsam mit der ISM-Gruppe\u00a0realisierten Sonnenfeldern haben wir weitere Baufelder mit einer Fl\u00e4che von rund 43 Hektar\u00a0geplant und entwickelt. Diese werden k\u00fcnftig gemeinsam mit Dritten errichtet und betrieben. Insgesamt wird etwa die H\u00e4lfte der Anschlusskapazit\u00e4t des Umspannwerks\u00a0durch Projekte genutzt, die von uns geplant und entwickelt wurden. Die verbleibende Kapazit\u00e4t steht weiteren Anschlussnehmern zur Verf\u00fcgung, die ihre eigenen Projekte im Bereich der Erneuerbaren Energien realisieren m\u00f6chten.\u00a0<\/p>\n<p>So entsteht Schritt f\u00fcr Schritt ein leistungsstarker Energie-Standort f\u00fcr die nachhaltige Stromversorgung der Zukunft.<\/p>\n<p>Werfen Sie einen aktuellen Blick auf unser Erneuerbare-Energien-Projekt in Diesenbach:<\/p>\n<p>[\/et_pb_text][et_pb_gallery gallery_ids=&#8221;6906,6910,6904,6908&#8243; show_title_and_caption=&#8221;off&#8221; show_pagination=&#8221;off&#8221; _builder_version=&#8221;4.27.6&#8243; _module_preset=&#8221;default&#8221; global_colors_info=&#8221;{}&#8221; min_height=&#8221;162.5px&#8221;][\/et_pb_gallery][et_pb_text _builder_version=&#8221;4.27.6&#8243; text_font_size=&#8221;1.5em&#8221; min_height=&#8221;180.6px&#8221; custom_margin=&#8221;|15%||15%|false|true&#8221; custom_margin_tablet=&#8221;|5%||5%|false|true&#8221; custom_margin_phone=&#8221;|2%||2%|false|true&#8221; custom_margin_last_edited=&#8221;on|tablet&#8221; custom_padding=&#8221;||0px|||&#8221; hover_enabled=&#8221;0&#8243; text_font_size_tablet=&#8221;&#8221; text_font_size_phone=&#8221;1.3em&#8221; text_font_size_last_edited=&#8221;on|desktop&#8221; global_colors_info=&#8221;{}&#8221; sticky_enabled=&#8221;0&#8243;]<\/p>\n<p>Weitere Informationen zu unserem Erneuerbare-Energien-Projekt in Diesenbach finden Sie auf der Website unserer Gesch\u00e4ftsbereichs Energie: <a href=\"https:\/\/wimex-energie.de\/\">wimex-energie.de<\/a><\/p>\n<p>[\/et_pb_text][\/et_pb_column][\/et_pb_row][\/et_pb_section]<\/p>\n","protected":false},"excerpt":{"rendered":"<p>Unser Erneuerbare-Energien-Projekt im bayerischen Diesenbach, nahe unserem Verwaltungsstandort in Regenstauf, nimmt weiter Gestalt an. Die ersten drei sogenannten \u201eSonnenfelder\u201c\u00a0mit einer installierten Leistung von insgesamt ca. 20 MWp\u00a0wurden bereits erfolgreich fertiggestellt. Auch das Umspannwerk \u201eSonnenhof\u201c\u00a0mit einer Gesamtanschlusskapazit\u00e4t von 126 MVA\u00a0wurde errichtet und soll im zweiten Quartal 2026\u00a0in Betrieb genommen werden. Damit entsteht eine leistungsf\u00e4hige Infrastruktur zur [&hellip;]<\/p>\n","protected":false},"author":9,"featured_media":6899,"comment_status":"closed","ping_status":"open","sticky":false,"template":"","format":"standard","meta":{"_et_pb_use_builder":"on","_et_pb_old_content":"<!-- wp:paragraph -->\n<p>Dank einer Anfrage zweier Hobbysprayer wird das unser altes BALM-Lager in Rosefeld zum Objekt regelm\u00e4\u00dfiger Graffiti-Projekte. Bei dem Graffiti-Duo mit dem K\u00fcnstlernamen DRMLZ handelt es sich um die geb\u00fcrtigen Dessauer Stefan Schneider (42) und Stefan Berndt (36). Die beiden Freunde leben und arbeiten als Senior Designer in Berlin \u2026<\/p>\n<!-- \/wp:paragraph -->\n\n<!-- wp:paragraph -->\n<p>Natate peris vitatem vel idis eseruptum ea acerro mint enihicatist lab ium faccust, cus ex eliquos vid quatqui dolorist iderepu disciaes mod qui dolum quam, que dollest, quam, ut aut aut quidellabor apeliquat.<br>Ictemquam imporep udandissi sum suntem cuptae solliquae peliate cabores erumet il idi temporest, od es voluptis volent omnihiliqui optatent utem nonsequid ut quis reptumque pla doloris vellate mporempostis volest mo ipsam, sim dolore, tetur, simust, sit porae aut quunt quunte non re sim el is alis dentinverias eumque volupta tustis dist, natus dolorite cuptatem exernatur secti asperep udigenimus audit reped quam eiciis quo des qui volectem demperci officia intinvendus aspere idis mo eius de quae pos esequam, ipis doluptatios quuntiis que nis iur, simporrovita cum rese volupta quamus.<br>Iquam arioriost quo quo dolupti odi dolupit re voluptistis volorae sus pro veliquatur a plitat.<\/p>\n<!-- \/wp:paragraph -->\n\n<!-- wp:paragraph -->\n<p>Raturi nectorectis raectum incia con commoluptat offictur?<br>Dae sit officidem nobis aut adit aut maximinctus dissed que core peditatur maximil isinis ante vereptatur, sites que porerum que ma con eos quam renda nienis et lantiusciet vendebit exernatur? Qui nonsequiaes nemos eum id molore lacerch icidem re, consecuptur ma aut pe dolorem poreseq uatemolorat ipidi si bera nis vitionse occatus serum fuga. Namenimust volupta tenime lantur, non nonse quiam rerum hit, sumquam enem cus, sanditiur? Quist autem volor andi dolecto remporum eum am quo moluptat dendam, nemporem rat quidem vendi occulpa nonserum accatio odis il ipiciusam consenem quia et escid que idebit, ut aspidel ibeaquam et.<\/p>\n<!-- \/wp:paragraph -->","_et_gb_content_width":"2880","footnotes":""},"categories":[11],"tags":[],"class_list":["post-6898","post","type-post","status-publish","format-standard","has-post-thumbnail","hentry","category-news-startseite"],"yoast_head":"<!-- This site is optimized with the Yoast SEO plugin v27.3 - https:\/\/yoast.com\/product\/yoast-seo-wordpress\/ -->\n<title>Aktueller Blick auf unser Erneuerbare-Energien-Projekt in Diesenbach - wimex-group<\/title>\n<meta name=\"robots\" content=\"index, follow, max-snippet:-1, max-image-preview:large, max-video-preview:-1\" \/>\n<link rel=\"canonical\" href=\"https:\/\/wimex-group.com\/en\/aktueller-blick-auf-unser-erneuerbare-energien-projekt-in-diesenbach\/\" \/>\n<meta property=\"og:locale\" content=\"en_US\" \/>\n<meta property=\"og:type\" content=\"article\" \/>\n<meta property=\"og:title\" content=\"Aktueller Blick auf unser Erneuerbare-Energien-Projekt in Diesenbach - wimex-group\" \/>\n<meta property=\"og:description\" content=\"Unser Erneuerbare-Energien-Projekt im bayerischen Diesenbach, nahe unserem Verwaltungsstandort in Regenstauf, nimmt weiter Gestalt an. Die ersten drei sogenannten \u201eSonnenfelder\u201c\u00a0mit einer installierten Leistung von insgesamt ca. 20 MWp\u00a0wurden bereits erfolgreich fertiggestellt. Auch das Umspannwerk \u201eSonnenhof\u201c\u00a0mit einer Gesamtanschlusskapazit\u00e4t von 126 MVA\u00a0wurde errichtet und soll im zweiten Quartal 2026\u00a0in Betrieb genommen werden. Damit entsteht eine leistungsf\u00e4hige Infrastruktur zur [&hellip;]\" \/>\n<meta property=\"og:url\" content=\"https:\/\/wimex-group.com\/en\/aktueller-blick-auf-unser-erneuerbare-energien-projekt-in-diesenbach\/\" \/>\n<meta property=\"og:site_name\" content=\"wimex-group\" \/>\n<meta property=\"article:published_time\" content=\"2026-03-12T13:38:40+00:00\" \/>\n<meta property=\"article:modified_time\" content=\"2026-03-12T13:38:43+00:00\" \/>\n<meta property=\"og:image\" content=\"https:\/\/wimex-group.com\/wp-content\/uploads\/2026\/03\/032026_Diesenbach_Website-1.png\" \/>\n\t<meta property=\"og:image:width\" content=\"1440\" \/>\n\t<meta property=\"og:image:height\" content=\"960\" \/>\n\t<meta property=\"og:image:type\" content=\"image\/png\" \/>\n<meta name=\"author\" content=\"Carolin Zeitler\" \/>\n<meta name=\"twitter:card\" content=\"summary_large_image\" \/>\n<meta name=\"twitter:label1\" content=\"Written by\" \/>\n\t<meta name=\"twitter:data1\" content=\"Carolin Zeitler\" \/>\n\t<meta name=\"twitter:label2\" content=\"Est. reading time\" \/>\n\t<meta name=\"twitter:data2\" content=\"2 minutes\" \/>\n<script type=\"application\/ld+json\" class=\"yoast-schema-graph\">{\"@context\":\"https:\\\/\\\/schema.org\",\"@graph\":[{\"@type\":\"Article\",\"@id\":\"https:\\\/\\\/wimex-group.com\\\/en\\\/aktueller-blick-auf-unser-erneuerbare-energien-projekt-in-diesenbach\\\/#article\",\"isPartOf\":{\"@id\":\"https:\\\/\\\/wimex-group.com\\\/en\\\/aktueller-blick-auf-unser-erneuerbare-energien-projekt-in-diesenbach\\\/\"},\"author\":{\"name\":\"Carolin Zeitler\",\"@id\":\"https:\\\/\\\/wimex-group.com\\\/en\\\/#\\\/schema\\\/person\\\/021998babb56631d9e15d580909d2a98\"},\"headline\":\"Aktueller Blick auf unser Erneuerbare-Energien-Projekt in Diesenbach\",\"datePublished\":\"2026-03-12T13:38:40+00:00\",\"dateModified\":\"2026-03-12T13:38:43+00:00\",\"mainEntityOfPage\":{\"@id\":\"https:\\\/\\\/wimex-group.com\\\/en\\\/aktueller-blick-auf-unser-erneuerbare-energien-projekt-in-diesenbach\\\/\"},\"wordCount\":637,\"image\":{\"@id\":\"https:\\\/\\\/wimex-group.com\\\/en\\\/aktueller-blick-auf-unser-erneuerbare-energien-projekt-in-diesenbach\\\/#primaryimage\"},\"thumbnailUrl\":\"https:\\\/\\\/wimex-group.com\\\/wp-content\\\/uploads\\\/2026\\\/03\\\/032026_Diesenbach_Website-1.png\",\"articleSection\":[\"News Startseite\"],\"inLanguage\":\"en-US\"},{\"@type\":\"WebPage\",\"@id\":\"https:\\\/\\\/wimex-group.com\\\/en\\\/aktueller-blick-auf-unser-erneuerbare-energien-projekt-in-diesenbach\\\/\",\"url\":\"https:\\\/\\\/wimex-group.com\\\/en\\\/aktueller-blick-auf-unser-erneuerbare-energien-projekt-in-diesenbach\\\/\",\"name\":\"Aktueller Blick auf unser Erneuerbare-Energien-Projekt in Diesenbach - wimex-group\",\"isPartOf\":{\"@id\":\"https:\\\/\\\/wimex-group.com\\\/en\\\/#website\"},\"primaryImageOfPage\":{\"@id\":\"https:\\\/\\\/wimex-group.com\\\/en\\\/aktueller-blick-auf-unser-erneuerbare-energien-projekt-in-diesenbach\\\/#primaryimage\"},\"image\":{\"@id\":\"https:\\\/\\\/wimex-group.com\\\/en\\\/aktueller-blick-auf-unser-erneuerbare-energien-projekt-in-diesenbach\\\/#primaryimage\"},\"thumbnailUrl\":\"https:\\\/\\\/wimex-group.com\\\/wp-content\\\/uploads\\\/2026\\\/03\\\/032026_Diesenbach_Website-1.png\",\"datePublished\":\"2026-03-12T13:38:40+00:00\",\"dateModified\":\"2026-03-12T13:38:43+00:00\",\"author\":{\"@id\":\"https:\\\/\\\/wimex-group.com\\\/en\\\/#\\\/schema\\\/person\\\/021998babb56631d9e15d580909d2a98\"},\"breadcrumb\":{\"@id\":\"https:\\\/\\\/wimex-group.com\\\/en\\\/aktueller-blick-auf-unser-erneuerbare-energien-projekt-in-diesenbach\\\/#breadcrumb\"},\"inLanguage\":\"en-US\",\"potentialAction\":[{\"@type\":\"ReadAction\",\"target\":[\"https:\\\/\\\/wimex-group.com\\\/en\\\/aktueller-blick-auf-unser-erneuerbare-energien-projekt-in-diesenbach\\\/\"]}]},{\"@type\":\"ImageObject\",\"inLanguage\":\"en-US\",\"@id\":\"https:\\\/\\\/wimex-group.com\\\/en\\\/aktueller-blick-auf-unser-erneuerbare-energien-projekt-in-diesenbach\\\/#primaryimage\",\"url\":\"https:\\\/\\\/wimex-group.com\\\/wp-content\\\/uploads\\\/2026\\\/03\\\/032026_Diesenbach_Website-1.png\",\"contentUrl\":\"https:\\\/\\\/wimex-group.com\\\/wp-content\\\/uploads\\\/2026\\\/03\\\/032026_Diesenbach_Website-1.png\",\"width\":1440,\"height\":960},{\"@type\":\"BreadcrumbList\",\"@id\":\"https:\\\/\\\/wimex-group.com\\\/en\\\/aktueller-blick-auf-unser-erneuerbare-energien-projekt-in-diesenbach\\\/#breadcrumb\",\"itemListElement\":[{\"@type\":\"ListItem\",\"position\":1,\"name\":\"Startseite\",\"item\":\"https:\\\/\\\/wimex-group.com\\\/en\\\/\"},{\"@type\":\"ListItem\",\"position\":2,\"name\":\"Aktueller Blick auf unser Erneuerbare-Energien-Projekt in Diesenbach\"}]},{\"@type\":\"WebSite\",\"@id\":\"https:\\\/\\\/wimex-group.com\\\/en\\\/#website\",\"url\":\"https:\\\/\\\/wimex-group.com\\\/en\\\/\",\"name\":\"wimex-group\",\"description\":\"Wimex Group\",\"potentialAction\":[{\"@type\":\"SearchAction\",\"target\":{\"@type\":\"EntryPoint\",\"urlTemplate\":\"https:\\\/\\\/wimex-group.com\\\/en\\\/?s={search_term_string}\"},\"query-input\":{\"@type\":\"PropertyValueSpecification\",\"valueRequired\":true,\"valueName\":\"search_term_string\"}}],\"inLanguage\":\"en-US\"},{\"@type\":\"Person\",\"@id\":\"https:\\\/\\\/wimex-group.com\\\/en\\\/#\\\/schema\\\/person\\\/021998babb56631d9e15d580909d2a98\",\"name\":\"Carolin Zeitler\",\"image\":{\"@type\":\"ImageObject\",\"inLanguage\":\"en-US\",\"@id\":\"https:\\\/\\\/secure.gravatar.com\\\/avatar\\\/70690699c4b78e0d1071212bc109d105862d1995272d53ee30249072cb614a4c?s=96&d=mm&r=g\",\"url\":\"https:\\\/\\\/secure.gravatar.com\\\/avatar\\\/70690699c4b78e0d1071212bc109d105862d1995272d53ee30249072cb614a4c?s=96&d=mm&r=g\",\"contentUrl\":\"https:\\\/\\\/secure.gravatar.com\\\/avatar\\\/70690699c4b78e0d1071212bc109d105862d1995272d53ee30249072cb614a4c?s=96&d=mm&r=g\",\"caption\":\"Carolin Zeitler\"},\"url\":\"https:\\\/\\\/wimex-group.com\\\/en\\\/author\\\/carolin-zeitler\\\/\"}]}<\/script>\n<!-- \/ Yoast SEO plugin. -->","yoast_head_json":{"title":"Aktueller Blick auf unser Erneuerbare-Energien-Projekt in Diesenbach - wimex-group","robots":{"index":"index","follow":"follow","max-snippet":"max-snippet:-1","max-image-preview":"max-image-preview:large","max-video-preview":"max-video-preview:-1"},"canonical":"https:\/\/wimex-group.com\/en\/aktueller-blick-auf-unser-erneuerbare-energien-projekt-in-diesenbach\/","og_locale":"en_US","og_type":"article","og_title":"Aktueller Blick auf unser Erneuerbare-Energien-Projekt in Diesenbach - wimex-group","og_description":"Unser Erneuerbare-Energien-Projekt im bayerischen Diesenbach, nahe unserem Verwaltungsstandort in Regenstauf, nimmt weiter Gestalt an. Die ersten drei sogenannten \u201eSonnenfelder\u201c\u00a0mit einer installierten Leistung von insgesamt ca. 20 MWp\u00a0wurden bereits erfolgreich fertiggestellt. Auch das Umspannwerk \u201eSonnenhof\u201c\u00a0mit einer Gesamtanschlusskapazit\u00e4t von 126 MVA\u00a0wurde errichtet und soll im zweiten Quartal 2026\u00a0in Betrieb genommen werden. Damit entsteht eine leistungsf\u00e4hige Infrastruktur zur [&hellip;]","og_url":"https:\/\/wimex-group.com\/en\/aktueller-blick-auf-unser-erneuerbare-energien-projekt-in-diesenbach\/","og_site_name":"wimex-group","article_published_time":"2026-03-12T13:38:40+00:00","article_modified_time":"2026-03-12T13:38:43+00:00","og_image":[{"width":1440,"height":960,"url":"https:\/\/wimex-group.com\/wp-content\/uploads\/2026\/03\/032026_Diesenbach_Website-1.png","type":"image\/png"}],"author":"Carolin Zeitler","twitter_card":"summary_large_image","twitter_misc":{"Written by":"Carolin Zeitler","Est. reading time":"2 minutes"},"schema":{"@context":"https:\/\/schema.org","@graph":[{"@type":"Article","@id":"https:\/\/wimex-group.com\/en\/aktueller-blick-auf-unser-erneuerbare-energien-projekt-in-diesenbach\/#article","isPartOf":{"@id":"https:\/\/wimex-group.com\/en\/aktueller-blick-auf-unser-erneuerbare-energien-projekt-in-diesenbach\/"},"author":{"name":"Carolin Zeitler","@id":"https:\/\/wimex-group.com\/en\/#\/schema\/person\/021998babb56631d9e15d580909d2a98"},"headline":"Aktueller Blick auf unser Erneuerbare-Energien-Projekt in Diesenbach","datePublished":"2026-03-12T13:38:40+00:00","dateModified":"2026-03-12T13:38:43+00:00","mainEntityOfPage":{"@id":"https:\/\/wimex-group.com\/en\/aktueller-blick-auf-unser-erneuerbare-energien-projekt-in-diesenbach\/"},"wordCount":637,"image":{"@id":"https:\/\/wimex-group.com\/en\/aktueller-blick-auf-unser-erneuerbare-energien-projekt-in-diesenbach\/#primaryimage"},"thumbnailUrl":"https:\/\/wimex-group.com\/wp-content\/uploads\/2026\/03\/032026_Diesenbach_Website-1.png","articleSection":["News Startseite"],"inLanguage":"en-US"},{"@type":"WebPage","@id":"https:\/\/wimex-group.com\/en\/aktueller-blick-auf-unser-erneuerbare-energien-projekt-in-diesenbach\/","url":"https:\/\/wimex-group.com\/en\/aktueller-blick-auf-unser-erneuerbare-energien-projekt-in-diesenbach\/","name":"Aktueller Blick auf unser Erneuerbare-Energien-Projekt in Diesenbach - wimex-group","isPartOf":{"@id":"https:\/\/wimex-group.com\/en\/#website"},"primaryImageOfPage":{"@id":"https:\/\/wimex-group.com\/en\/aktueller-blick-auf-unser-erneuerbare-energien-projekt-in-diesenbach\/#primaryimage"},"image":{"@id":"https:\/\/wimex-group.com\/en\/aktueller-blick-auf-unser-erneuerbare-energien-projekt-in-diesenbach\/#primaryimage"},"thumbnailUrl":"https:\/\/wimex-group.com\/wp-content\/uploads\/2026\/03\/032026_Diesenbach_Website-1.png","datePublished":"2026-03-12T13:38:40+00:00","dateModified":"2026-03-12T13:38:43+00:00","author":{"@id":"https:\/\/wimex-group.com\/en\/#\/schema\/person\/021998babb56631d9e15d580909d2a98"},"breadcrumb":{"@id":"https:\/\/wimex-group.com\/en\/aktueller-blick-auf-unser-erneuerbare-energien-projekt-in-diesenbach\/#breadcrumb"},"inLanguage":"en-US","potentialAction":[{"@type":"ReadAction","target":["https:\/\/wimex-group.com\/en\/aktueller-blick-auf-unser-erneuerbare-energien-projekt-in-diesenbach\/"]}]},{"@type":"ImageObject","inLanguage":"en-US","@id":"https:\/\/wimex-group.com\/en\/aktueller-blick-auf-unser-erneuerbare-energien-projekt-in-diesenbach\/#primaryimage","url":"https:\/\/wimex-group.com\/wp-content\/uploads\/2026\/03\/032026_Diesenbach_Website-1.png","contentUrl":"https:\/\/wimex-group.com\/wp-content\/uploads\/2026\/03\/032026_Diesenbach_Website-1.png","width":1440,"height":960},{"@type":"BreadcrumbList","@id":"https:\/\/wimex-group.com\/en\/aktueller-blick-auf-unser-erneuerbare-energien-projekt-in-diesenbach\/#breadcrumb","itemListElement":[{"@type":"ListItem","position":1,"name":"Startseite","item":"https:\/\/wimex-group.com\/en\/"},{"@type":"ListItem","position":2,"name":"Aktueller Blick auf unser Erneuerbare-Energien-Projekt in Diesenbach"}]},{"@type":"WebSite","@id":"https:\/\/wimex-group.com\/en\/#website","url":"https:\/\/wimex-group.com\/en\/","name":"wimex-group","description":"Wimex Group","potentialAction":[{"@type":"SearchAction","target":{"@type":"EntryPoint","urlTemplate":"https:\/\/wimex-group.com\/en\/?s={search_term_string}"},"query-input":{"@type":"PropertyValueSpecification","valueRequired":true,"valueName":"search_term_string"}}],"inLanguage":"en-US"},{"@type":"Person","@id":"https:\/\/wimex-group.com\/en\/#\/schema\/person\/021998babb56631d9e15d580909d2a98","name":"Carolin Zeitler","image":{"@type":"ImageObject","inLanguage":"en-US","@id":"https:\/\/secure.gravatar.com\/avatar\/70690699c4b78e0d1071212bc109d105862d1995272d53ee30249072cb614a4c?s=96&d=mm&r=g","url":"https:\/\/secure.gravatar.com\/avatar\/70690699c4b78e0d1071212bc109d105862d1995272d53ee30249072cb614a4c?s=96&d=mm&r=g","contentUrl":"https:\/\/secure.gravatar.com\/avatar\/70690699c4b78e0d1071212bc109d105862d1995272d53ee30249072cb614a4c?s=96&d=mm&r=g","caption":"Carolin Zeitler"},"url":"https:\/\/wimex-group.com\/en\/author\/carolin-zeitler\/"}]}},"_links":{"self":[{"href":"https:\/\/wimex-group.com\/en\/wp-json\/wp\/v2\/posts\/6898","targetHints":{"allow":["GET"]}}],"collection":[{"href":"https:\/\/wimex-group.com\/en\/wp-json\/wp\/v2\/posts"}],"about":[{"href":"https:\/\/wimex-group.com\/en\/wp-json\/wp\/v2\/types\/post"}],"author":[{"embeddable":true,"href":"https:\/\/wimex-group.com\/en\/wp-json\/wp\/v2\/users\/9"}],"replies":[{"embeddable":true,"href":"https:\/\/wimex-group.com\/en\/wp-json\/wp\/v2\/comments?post=6898"}],"version-history":[{"count":6,"href":"https:\/\/wimex-group.com\/en\/wp-json\/wp\/v2\/posts\/6898\/revisions"}],"predecessor-version":[{"id":6918,"href":"https:\/\/wimex-group.com\/en\/wp-json\/wp\/v2\/posts\/6898\/revisions\/6918"}],"wp:featuredmedia":[{"embeddable":true,"href":"https:\/\/wimex-group.com\/en\/wp-json\/wp\/v2\/media\/6899"}],"wp:attachment":[{"href":"https:\/\/wimex-group.com\/en\/wp-json\/wp\/v2\/media?parent=6898"}],"wp:term":[{"taxonomy":"category","embeddable":true,"href":"https:\/\/wimex-group.com\/en\/wp-json\/wp\/v2\/categories?post=6898"},{"taxonomy":"post_tag","embeddable":true,"href":"https:\/\/wimex-group.com\/en\/wp-json\/wp\/v2\/tags?post=6898"}],"curies":[{"name":"wp","href":"https:\/\/api.w.org\/{rel}","templated":true}]}}