{"id":6998,"date":"2026-04-29T13:08:32","date_gmt":"2026-04-29T11:08:32","guid":{"rendered":"https:\/\/wimex-group.com\/?p=6998"},"modified":"2026-04-29T13:08:35","modified_gmt":"2026-04-29T11:08:35","slug":"spannende-einblicke-in-die-wimex-group-am-girls-boysday-2026","status":"publish","type":"post","link":"https:\/\/wimex-group.com\/en\/spannende-einblicke-in-die-wimex-group-am-girls-boysday-2026\/","title":{"rendered":"Spannende Einblicke in die Wimex Group am \u201eGirls\u2019 &amp; Boys\u2019Day 2026\u201c"},"content":{"rendered":"<p>[et_pb_section fb_built=&#8221;1&#8243; _builder_version=&#8221;4.16&#8243; background_image=&#8221;https:\/\/wimex-group.com\/wp-content\/uploads\/2020\/12\/WMX_Intro_Slider_1.jpg&#8221; min_height=&#8221;350px&#8221; min_height_tablet=&#8221;&#8221; min_height_phone=&#8221;250px&#8221; min_height_last_edited=&#8221;on|phone&#8221; max_height=&#8221;350px&#8221; global_colors_info=&#8221;{}&#8221;][\/et_pb_section][et_pb_section fb_built=&#8221;1&#8243; _builder_version=&#8221;4.16&#8243; custom_padding=&#8221;||0px|||&#8221; global_colors_info=&#8221;{}&#8221;][et_pb_row _builder_version=&#8221;4.16&#8243; background_size=&#8221;initial&#8221; background_position=&#8221;top_left&#8221; background_repeat=&#8221;repeat&#8221; global_colors_info=&#8221;{}&#8221;][et_pb_column type=&#8221;4_4&#8243; _builder_version=&#8221;4.16&#8243; custom_padding=&#8221;|||&#8221; global_colors_info=&#8221;{}&#8221; custom_padding__hover=&#8221;|||&#8221;][et_pb_text _builder_version=&#8221;4.16&#8243; _dynamic_attributes=&#8221;content&#8221; text_font_size=&#8221;4em&#8221; text_line_height=&#8221;1.4em&#8221; text_orientation=&#8221;center&#8221; custom_margin=&#8221;|15%||15%|false|true&#8221; custom_margin_tablet=&#8221;|2%||2%|false|true&#8221; custom_margin_phone=&#8221;|0%||0%|false|true&#8221; custom_margin_last_edited=&#8221;on|phone&#8221; text_font_size_tablet=&#8221;3.6em&#8221; text_font_size_phone=&#8221;2.5em&#8221; text_font_size_last_edited=&#8221;on|tablet&#8221; global_colors_info=&#8221;{}&#8221;]@ET-DC@eyJkeW5hbWljIjp0cnVlLCJjb250ZW50IjoicG9zdF90aXRsZSIsInNldHRpbmdzIjp7ImJlZm9yZSI6IiIsImFmdGVyIjoiIn19@[\/et_pb_text][et_pb_text content_last_edited=&#8221;off|tablet&#8221; _builder_version=&#8221;4.16&#8243; _dynamic_attributes=&#8221;content&#8221; text_font=&#8221;Arial||||||||&#8221; text_text_color=&#8221;#0781ce&#8221; text_font_size=&#8221;1.5em&#8221; text_line_height=&#8221;1.4em&#8221; text_orientation=&#8221;center&#8221; text_font_size_tablet=&#8221;1.25em&#8221; text_font_size_phone=&#8221;1.25em&#8221; text_font_size_last_edited=&#8221;on|tablet&#8221; global_colors_info=&#8221;{}&#8221; content__hover_enabled=&#8221;off|desktop&#8221;]@ET-DC@eyJkeW5hbWljIjp0cnVlLCJjb250ZW50IjoicG9zdF9kYXRlIiwic2V0dGluZ3MiOnsiYmVmb3JlIjoiIiwiYWZ0ZXIiOiIiLCJkYXRlX2Zvcm1hdCI6ImRlZmF1bHQiLCJjdXN0b21fZGF0ZV9mb3JtYXQiOiIifX0=@[\/et_pb_text][\/et_pb_column][\/et_pb_row][et_pb_row _builder_version=&#8221;4.16&#8243; background_size=&#8221;initial&#8221; background_position=&#8221;top_left&#8221; background_repeat=&#8221;repeat&#8221; module_alignment=&#8221;center&#8221; custom_margin=&#8221;|-1px||411px||&#8221; global_colors_info=&#8221;{}&#8221;][et_pb_column type=&#8221;4_4&#8243; _builder_version=&#8221;4.16&#8243; custom_padding=&#8221;|||&#8221; global_colors_info=&#8221;{}&#8221; custom_padding__hover=&#8221;|||&#8221;][et_pb_text _builder_version=&#8221;4.27.6&#8243; text_font_size=&#8221;1.5em&#8221; min_height=&#8221;180.6px&#8221; custom_margin=&#8221;|15%||15%|false|true&#8221; custom_margin_tablet=&#8221;|5%||5%|false|true&#8221; custom_margin_phone=&#8221;|2%||2%|false|true&#8221; custom_margin_last_edited=&#8221;on|tablet&#8221; custom_padding=&#8221;||0px|||&#8221; hover_enabled=&#8221;0&#8243; text_font_size_tablet=&#8221;&#8221; text_font_size_phone=&#8221;1.3em&#8221; text_font_size_last_edited=&#8221;on|desktop&#8221; global_colors_info=&#8221;{}&#8221; sticky_enabled=&#8221;0&#8243;]<\/p>\n<p>Im Rahmen des diesj\u00e4hrigen \u201eGirls\u2019 &amp; Boys\u2019Day\u201c durften wir wieder sechs engagierte Sch\u00fclerinnen und Sch\u00fcler an verschiedenen Standorten begr\u00fc\u00dfen. Der bundesweite Aktionstag bietet den Jugendlichen die M\u00f6glichkeit, Berufsfelder kennenzulernen, die sie vielleicht noch nicht im Blick haben, da es f\u00fcr ihr Geschlecht \u201euntypische\u201c Berufsperspektiven sind.<\/p>\n<p>\u00a0<strong>Sch\u00f6n, dass ihr bei uns wart!<\/strong><\/p>\n<p>[\/et_pb_text][\/et_pb_column][\/et_pb_row][et_pb_row column_structure=&#8221;2_5,3_5&#8243; _builder_version=&#8221;4.27.6&#8243; _module_preset=&#8221;default&#8221; global_colors_info=&#8221;{}&#8221; custom_padding=&#8221;0px|||||&#8221; min_height=&#8221;522.6px&#8221;][et_pb_column type=&#8221;2_5&#8243; _builder_version=&#8221;4.27.6&#8243; _module_preset=&#8221;default&#8221; global_colors_info=&#8221;{}&#8221;][et_pb_image src=&#8221;https:\/\/wimex-group.com\/wp-content\/uploads\/2026\/04\/042026_GirlsBoysDay_Nachbericht_Website-1.png&#8221; title_text=&#8221;042026_GirlsBoysDay_Nachbericht_Website (1)&#8221; _builder_version=&#8221;4.27.6&#8243; _module_preset=&#8221;default&#8221; width=&#8221;100%&#8221; custom_margin=&#8221;|||27px|false|false&#8221; hover_enabled=&#8221;0&#8243; global_colors_info=&#8221;{}&#8221; sticky_enabled=&#8221;0&#8243; custom_padding=&#8221;45px|||||&#8221;][\/et_pb_image][\/et_pb_column][et_pb_column type=&#8221;3_5&#8243; _builder_version=&#8221;4.27.6&#8243; _module_preset=&#8221;default&#8221; global_colors_info=&#8221;{}&#8221;][et_pb_text _builder_version=&#8221;4.27.6&#8243; text_font=&#8221;||||||||&#8221; text_font_size=&#8221;1.5em&#8221; min_height=&#8221;180.6px&#8221; custom_margin=&#8221;|0px||0px|false|true&#8221; custom_margin_tablet=&#8221;|5%||5%|false|true&#8221; custom_margin_phone=&#8221;|2%||2%|false|true&#8221; custom_margin_last_edited=&#8221;on|tablet&#8221; custom_padding=&#8221;0px||0px|||&#8221; hover_enabled=&#8221;0&#8243; text_font_size_tablet=&#8221;&#8221; text_font_size_phone=&#8221;1.3em&#8221; text_font_size_last_edited=&#8221;on|desktop&#8221; global_colors_info=&#8221;{}&#8221; sticky_enabled=&#8221;0&#8243;]<\/p>\n<p><strong>Begeisterung pur in unserer Br\u00fcterei in Elsnigk<\/strong><\/p>\n<p>F\u00fcr Nelly, Fabian und Luca begann der Tag mit einem ganz besonderen Highlight: Schon beim Betreten des Schlupfbereichs war die Begeisterung gro\u00df. Der Anblick der frisch geschl\u00fcpften, flauschigen K\u00fcken sorgte sofort f\u00fcr strahlende Gesichter. Nat\u00fcrlich durfte auch eine \u201eKuschelrunde\u201c nicht fehlen. \ud83d\ude09<\/p>\n<p>Beim anschlie\u00dfenden Rundgang durch die verschiedenen Bereiche der Br\u00fcterei erhielten die Jugendlichen spannende Einblicke in die Abl\u00e4ufe vor Ort. Zum Abschluss wurde das neu gewonnene Wissen in einer Quizrunde spielerisch getestet. Nelly, Fabian und Luca hatten aufmerksam zugeh\u00f6rt und konnten somit alle Fragen richtig beantworten.<\/p>\n<p>[\/et_pb_text][\/et_pb_column][\/et_pb_row][et_pb_row column_structure=&#8221;3_5,2_5&#8243; _builder_version=&#8221;4.27.6&#8243; _module_preset=&#8221;default&#8221; global_colors_info=&#8221;{}&#8221; custom_padding=&#8221;44px|||||&#8221;][et_pb_column type=&#8221;3_5&#8243; _builder_version=&#8221;4.27.6&#8243; _module_preset=&#8221;default&#8221; global_colors_info=&#8221;{}&#8221;][et_pb_text _builder_version=&#8221;4.27.6&#8243; text_font=&#8221;||||||||&#8221; text_font_size=&#8221;1.5em&#8221; min_height=&#8221;180.6px&#8221; custom_margin=&#8221;44px|0px||0px|false|true&#8221; custom_margin_tablet=&#8221;|5%||5%|false|true&#8221; custom_margin_phone=&#8221;|2%||2%|false|true&#8221; custom_margin_last_edited=&#8221;on|tablet&#8221; custom_padding=&#8221;0px||0px|||&#8221; hover_enabled=&#8221;0&#8243; text_font_size_tablet=&#8221;&#8221; text_font_size_phone=&#8221;1.3em&#8221; text_font_size_last_edited=&#8221;on|desktop&#8221; global_colors_info=&#8221;{}&#8221; sticky_enabled=&#8221;0&#8243;]<\/p>\n<p><strong>Vielf\u00e4ltige Einblicke an unserem Verwaltungsstandort Regenstauf<\/strong><\/p>\n<p>Im Marketing und in der Unternehmenskommunikation ging es direkt kreativ zur Sache: Bastian und Matthes durften die Stationen f\u00fcr unser Maislabyrinth in diesem Jahr planen und erste zielgruppengerechte Texte entwerfen. Am Empfang erfassten sie selbst eingegangene Rechnungen im System und bekamen dabei auch ein Gef\u00fchl f\u00fcr die Vielfalt der Wimex Group und ihrer verschiedenen Firmen. In der IT ging es schlie\u00dflich in den Serverraum, wo sie Einblicke in Themen wie Netzwerk\u00fcberwachung und Benutzerverwaltung bekamen.<\/p>\n<p>[\/et_pb_text][\/et_pb_column][et_pb_column type=&#8221;2_5&#8243; _builder_version=&#8221;4.27.6&#8243; _module_preset=&#8221;default&#8221; global_colors_info=&#8221;{}&#8221;][et_pb_image src=&#8221;https:\/\/wimex-group.com\/wp-content\/uploads\/2026\/04\/042026_GirlsBoysDay_Nachbericht_Website-3.png&#8221; _builder_version=&#8221;4.27.6&#8243; _module_preset=&#8221;default&#8221; title_text=&#8221;042026_GirlsBoysDay_Nachbericht_Website (3)&#8221; hover_enabled=&#8221;0&#8243; sticky_enabled=&#8221;0&#8243;][\/et_pb_image][\/et_pb_column][\/et_pb_row][et_pb_row column_structure=&#8221;2_5,3_5&#8243; _builder_version=&#8221;4.27.6&#8243; _module_preset=&#8221;default&#8221; global_colors_info=&#8221;{}&#8221; custom_padding=&#8221;0px|||||&#8221;][et_pb_column type=&#8221;2_5&#8243; _builder_version=&#8221;4.27.6&#8243; _module_preset=&#8221;default&#8221; global_colors_info=&#8221;{}&#8221;][et_pb_image src=&#8221;https:\/\/wimex-group.com\/wp-content\/uploads\/2026\/04\/042026_GirlsBoysDay_Nachbericht_Website-2.png&#8221; title_text=&#8221;042026_GirlsBoysDay_Nachbericht_Website (2)&#8221; _builder_version=&#8221;4.27.6&#8243; _module_preset=&#8221;default&#8221; width=&#8221;100%&#8221; custom_margin=&#8221;|||27px|false|false&#8221; hover_enabled=&#8221;0&#8243; global_colors_info=&#8221;{}&#8221; sticky_enabled=&#8221;0&#8243; custom_padding=&#8221;0px|||||&#8221;][\/et_pb_image][\/et_pb_column][et_pb_column type=&#8221;3_5&#8243; _builder_version=&#8221;4.27.6&#8243; _module_preset=&#8221;default&#8221; global_colors_info=&#8221;{}&#8221;][et_pb_text _builder_version=&#8221;4.27.6&#8243; text_font=&#8221;||||||||&#8221; text_font_size=&#8221;1.5em&#8221; min_height=&#8221;226.6px&#8221; custom_margin=&#8221;108px|0px||0px|false|true&#8221; custom_margin_tablet=&#8221;|5%||5%|false|true&#8221; custom_margin_phone=&#8221;|2%||2%|false|true&#8221; custom_margin_last_edited=&#8221;on|tablet&#8221; custom_padding=&#8221;0px||0px|||&#8221; hover_enabled=&#8221;0&#8243; text_font_size_tablet=&#8221;&#8221; text_font_size_phone=&#8221;1.3em&#8221; text_font_size_last_edited=&#8221;on|desktop&#8221; global_colors_info=&#8221;{}&#8221; sticky_enabled=&#8221;0&#8243;]<\/p>\n<p><strong>Praxis hautnah in unserem Au\u00dfendienst<\/strong><\/p>\n<p>F\u00fcr Thore ging es in einen unserer Gefl\u00fcgelst\u00e4lle. Dort unterst\u00fctzte er bei der Einstellung der L\u00fcftung mithilfe eines mobilen Nebelger\u00e4ts. Anschlie\u00dfend packte er beim Einstallen der K\u00fcken tatkr\u00e4ftig mit an \u2013 die Freude war ihm deutlich anzusehen. \ud83d\ude09<\/p>\n<p>Danach setzte unser \u201eNachwuchs-Au\u00dfendienstler\u201c seine Tour zu Kollegen und Kunden fort.<\/p>\n<p>[\/et_pb_text][\/et_pb_column][\/et_pb_row][et_pb_row _builder_version=&#8221;4.27.6&#8243; _module_preset=&#8221;default&#8221; global_colors_info=&#8221;{}&#8221;][et_pb_column type=&#8221;4_4&#8243; _builder_version=&#8221;4.27.6&#8243; _module_preset=&#8221;default&#8221; global_colors_info=&#8221;{}&#8221;][et_pb_text _builder_version=&#8221;4.27.6&#8243; text_font_size=&#8221;1.5em&#8221; min_height=&#8221;84.6px&#8221; custom_margin=&#8221;|15%||15%|false|true&#8221; custom_margin_tablet=&#8221;|5%||5%|false|true&#8221; custom_margin_phone=&#8221;|2%||2%|false|true&#8221; custom_margin_last_edited=&#8221;on|tablet&#8221; custom_padding=&#8221;||0px|||&#8221; hover_enabled=&#8221;0&#8243; text_font_size_tablet=&#8221;&#8221; text_font_size_phone=&#8221;1.3em&#8221; text_font_size_last_edited=&#8221;on|desktop&#8221; global_colors_info=&#8221;{}&#8221; sticky_enabled=&#8221;0&#8243;]<\/p>\n<p>Wir hoffen, dass dieser Tag die beruflichen Perspektiven der sechs Sch\u00fclerinnen und Sch\u00fcler erweitert und sie f\u00fcr neue M\u00f6glichkeiten begeistert hat. Vielleicht f\u00fchrt der Weg den einen oder anderen bald als Auszubildenden zu uns \u2013 wir w\u00fcrden uns freuen! \ud83d\ude0a<\/p>\n<p>[\/et_pb_text][\/et_pb_column][\/et_pb_row][\/et_pb_section]<\/p>\n","protected":false},"excerpt":{"rendered":"<p>Im Rahmen des diesj\u00e4hrigen \u201eGirls\u2019 &amp; Boys\u2019Day\u201c durften wir wieder sechs engagierte Sch\u00fclerinnen und Sch\u00fcler an verschiedenen Standorten begr\u00fc\u00dfen. Der bundesweite Aktionstag bietet den Jugendlichen die M\u00f6glichkeit, Berufsfelder kennenzulernen, die sie vielleicht noch nicht im Blick haben, da es f\u00fcr ihr Geschlecht \u201euntypische\u201c Berufsperspektiven sind. \u00a0Sch\u00f6n, dass ihr bei uns wart!Begeisterung pur in unserer Br\u00fcterei [&hellip;]<\/p>\n","protected":false},"author":9,"featured_media":6999,"comment_status":"closed","ping_status":"open","sticky":false,"template":"","format":"standard","meta":{"_et_pb_use_builder":"on","_et_pb_old_content":"<!-- wp:paragraph -->\n<p>Dank einer Anfrage zweier Hobbysprayer wird das unser altes BALM-Lager in Rosefeld zum Objekt regelm\u00e4\u00dfiger Graffiti-Projekte. Bei dem Graffiti-Duo mit dem K\u00fcnstlernamen DRMLZ handelt es sich um die geb\u00fcrtigen Dessauer Stefan Schneider (42) und Stefan Berndt (36). Die beiden Freunde leben und arbeiten als Senior Designer in Berlin \u2026<\/p>\n<!-- \/wp:paragraph -->\n\n<!-- wp:paragraph -->\n<p>Natate peris vitatem vel idis eseruptum ea acerro mint enihicatist lab ium faccust, cus ex eliquos vid quatqui dolorist iderepu disciaes mod qui dolum quam, que dollest, quam, ut aut aut quidellabor apeliquat.<br>Ictemquam imporep udandissi sum suntem cuptae solliquae peliate cabores erumet il idi temporest, od es voluptis volent omnihiliqui optatent utem nonsequid ut quis reptumque pla doloris vellate mporempostis volest mo ipsam, sim dolore, tetur, simust, sit porae aut quunt quunte non re sim el is alis dentinverias eumque volupta tustis dist, natus dolorite cuptatem exernatur secti asperep udigenimus audit reped quam eiciis quo des qui volectem demperci officia intinvendus aspere idis mo eius de quae pos esequam, ipis doluptatios quuntiis que nis iur, simporrovita cum rese volupta quamus.<br>Iquam arioriost quo quo dolupti odi dolupit re voluptistis volorae sus pro veliquatur a plitat.<\/p>\n<!-- \/wp:paragraph -->\n\n<!-- wp:paragraph -->\n<p>Raturi nectorectis raectum incia con commoluptat offictur?<br>Dae sit officidem nobis aut adit aut maximinctus dissed que core peditatur maximil isinis ante vereptatur, sites que porerum que ma con eos quam renda nienis et lantiusciet vendebit exernatur? Qui nonsequiaes nemos eum id molore lacerch icidem re, consecuptur ma aut pe dolorem poreseq uatemolorat ipidi si bera nis vitionse occatus serum fuga. Namenimust volupta tenime lantur, non nonse quiam rerum hit, sumquam enem cus, sanditiur? Quist autem volor andi dolecto remporum eum am quo moluptat dendam, nemporem rat quidem vendi occulpa nonserum accatio odis il ipiciusam consenem quia et escid que idebit, ut aspidel ibeaquam et.<\/p>\n<!-- \/wp:paragraph -->","_et_gb_content_width":"2880","footnotes":""},"categories":[11],"tags":[],"class_list":["post-6998","post","type-post","status-publish","format-standard","has-post-thumbnail","hentry","category-news-startseite"],"yoast_head":"<!-- This site is optimized with the Yoast SEO plugin v27.3 - https:\/\/yoast.com\/product\/yoast-seo-wordpress\/ -->\n<title>Spannende Einblicke in die Wimex Group am \u201eGirls\u2019 &amp; Boys\u2019Day 2026\u201c - wimex-group<\/title>\n<meta name=\"robots\" content=\"index, follow, max-snippet:-1, max-image-preview:large, max-video-preview:-1\" \/>\n<link rel=\"canonical\" href=\"https:\/\/wimex-group.com\/en\/spannende-einblicke-in-die-wimex-group-am-girls-boysday-2026\/\" \/>\n<meta property=\"og:locale\" content=\"en_US\" \/>\n<meta property=\"og:type\" content=\"article\" \/>\n<meta property=\"og:title\" content=\"Spannende Einblicke in die Wimex Group am \u201eGirls\u2019 &amp; Boys\u2019Day 2026\u201c - wimex-group\" \/>\n<meta property=\"og:description\" content=\"Im Rahmen des diesj\u00e4hrigen \u201eGirls\u2019 &amp; Boys\u2019Day\u201c durften wir wieder sechs engagierte Sch\u00fclerinnen und Sch\u00fcler an verschiedenen Standorten begr\u00fc\u00dfen. Der bundesweite Aktionstag bietet den Jugendlichen die M\u00f6glichkeit, Berufsfelder kennenzulernen, die sie vielleicht noch nicht im Blick haben, da es f\u00fcr ihr Geschlecht \u201euntypische\u201c Berufsperspektiven sind. \u00a0Sch\u00f6n, dass ihr bei uns wart!Begeisterung pur in unserer Br\u00fcterei [&hellip;]\" \/>\n<meta property=\"og:url\" content=\"https:\/\/wimex-group.com\/en\/spannende-einblicke-in-die-wimex-group-am-girls-boysday-2026\/\" \/>\n<meta property=\"og:site_name\" content=\"wimex-group\" \/>\n<meta property=\"article:published_time\" content=\"2026-04-29T11:08:32+00:00\" \/>\n<meta property=\"article:modified_time\" content=\"2026-04-29T11:08:35+00:00\" \/>\n<meta property=\"og:image\" content=\"https:\/\/wimex-group.com\/wp-content\/uploads\/2026\/04\/042026_GirlsBoysDay_Nachbericht_Website-1.png\" \/>\n\t<meta property=\"og:image:width\" content=\"1019\" \/>\n\t<meta property=\"og:image:height\" content=\"960\" \/>\n\t<meta property=\"og:image:type\" content=\"image\/png\" \/>\n<meta name=\"author\" content=\"Carolin Zeitler\" \/>\n<meta name=\"twitter:card\" content=\"summary_large_image\" \/>\n<meta name=\"twitter:label1\" content=\"Written by\" \/>\n\t<meta name=\"twitter:data1\" content=\"Carolin Zeitler\" \/>\n\t<meta name=\"twitter:label2\" content=\"Est. reading time\" \/>\n\t<meta name=\"twitter:data2\" content=\"3 minutes\" \/>\n<script type=\"application\/ld+json\" class=\"yoast-schema-graph\">{\"@context\":\"https:\\\/\\\/schema.org\",\"@graph\":[{\"@type\":\"Article\",\"@id\":\"https:\\\/\\\/wimex-group.com\\\/en\\\/spannende-einblicke-in-die-wimex-group-am-girls-boysday-2026\\\/#article\",\"isPartOf\":{\"@id\":\"https:\\\/\\\/wimex-group.com\\\/en\\\/spannende-einblicke-in-die-wimex-group-am-girls-boysday-2026\\\/\"},\"author\":{\"name\":\"Carolin Zeitler\",\"@id\":\"https:\\\/\\\/wimex-group.com\\\/en\\\/#\\\/schema\\\/person\\\/021998babb56631d9e15d580909d2a98\"},\"headline\":\"Spannende Einblicke in die Wimex Group am \u201eGirls\u2019 &amp; Boys\u2019Day 2026\u201c\",\"datePublished\":\"2026-04-29T11:08:32+00:00\",\"dateModified\":\"2026-04-29T11:08:35+00:00\",\"mainEntityOfPage\":{\"@id\":\"https:\\\/\\\/wimex-group.com\\\/en\\\/spannende-einblicke-in-die-wimex-group-am-girls-boysday-2026\\\/\"},\"wordCount\":1278,\"image\":{\"@id\":\"https:\\\/\\\/wimex-group.com\\\/en\\\/spannende-einblicke-in-die-wimex-group-am-girls-boysday-2026\\\/#primaryimage\"},\"thumbnailUrl\":\"https:\\\/\\\/wimex-group.com\\\/wp-content\\\/uploads\\\/2026\\\/04\\\/042026_GirlsBoysDay_Nachbericht_Website-1.png\",\"articleSection\":[\"News Startseite\"],\"inLanguage\":\"en-US\"},{\"@type\":\"WebPage\",\"@id\":\"https:\\\/\\\/wimex-group.com\\\/en\\\/spannende-einblicke-in-die-wimex-group-am-girls-boysday-2026\\\/\",\"url\":\"https:\\\/\\\/wimex-group.com\\\/en\\\/spannende-einblicke-in-die-wimex-group-am-girls-boysday-2026\\\/\",\"name\":\"Spannende Einblicke in die Wimex Group am \u201eGirls\u2019 &amp; Boys\u2019Day 2026\u201c - wimex-group\",\"isPartOf\":{\"@id\":\"https:\\\/\\\/wimex-group.com\\\/en\\\/#website\"},\"primaryImageOfPage\":{\"@id\":\"https:\\\/\\\/wimex-group.com\\\/en\\\/spannende-einblicke-in-die-wimex-group-am-girls-boysday-2026\\\/#primaryimage\"},\"image\":{\"@id\":\"https:\\\/\\\/wimex-group.com\\\/en\\\/spannende-einblicke-in-die-wimex-group-am-girls-boysday-2026\\\/#primaryimage\"},\"thumbnailUrl\":\"https:\\\/\\\/wimex-group.com\\\/wp-content\\\/uploads\\\/2026\\\/04\\\/042026_GirlsBoysDay_Nachbericht_Website-1.png\",\"datePublished\":\"2026-04-29T11:08:32+00:00\",\"dateModified\":\"2026-04-29T11:08:35+00:00\",\"author\":{\"@id\":\"https:\\\/\\\/wimex-group.com\\\/en\\\/#\\\/schema\\\/person\\\/021998babb56631d9e15d580909d2a98\"},\"breadcrumb\":{\"@id\":\"https:\\\/\\\/wimex-group.com\\\/en\\\/spannende-einblicke-in-die-wimex-group-am-girls-boysday-2026\\\/#breadcrumb\"},\"inLanguage\":\"en-US\",\"potentialAction\":[{\"@type\":\"ReadAction\",\"target\":[\"https:\\\/\\\/wimex-group.com\\\/en\\\/spannende-einblicke-in-die-wimex-group-am-girls-boysday-2026\\\/\"]}]},{\"@type\":\"ImageObject\",\"inLanguage\":\"en-US\",\"@id\":\"https:\\\/\\\/wimex-group.com\\\/en\\\/spannende-einblicke-in-die-wimex-group-am-girls-boysday-2026\\\/#primaryimage\",\"url\":\"https:\\\/\\\/wimex-group.com\\\/wp-content\\\/uploads\\\/2026\\\/04\\\/042026_GirlsBoysDay_Nachbericht_Website-1.png\",\"contentUrl\":\"https:\\\/\\\/wimex-group.com\\\/wp-content\\\/uploads\\\/2026\\\/04\\\/042026_GirlsBoysDay_Nachbericht_Website-1.png\",\"width\":1019,\"height\":960},{\"@type\":\"BreadcrumbList\",\"@id\":\"https:\\\/\\\/wimex-group.com\\\/en\\\/spannende-einblicke-in-die-wimex-group-am-girls-boysday-2026\\\/#breadcrumb\",\"itemListElement\":[{\"@type\":\"ListItem\",\"position\":1,\"name\":\"Startseite\",\"item\":\"https:\\\/\\\/wimex-group.com\\\/en\\\/\"},{\"@type\":\"ListItem\",\"position\":2,\"name\":\"Spannende Einblicke in die Wimex Group am \u201eGirls\u2019 &amp; Boys\u2019Day 2026\u201c\"}]},{\"@type\":\"WebSite\",\"@id\":\"https:\\\/\\\/wimex-group.com\\\/en\\\/#website\",\"url\":\"https:\\\/\\\/wimex-group.com\\\/en\\\/\",\"name\":\"wimex-group\",\"description\":\"Wimex Group\",\"potentialAction\":[{\"@type\":\"SearchAction\",\"target\":{\"@type\":\"EntryPoint\",\"urlTemplate\":\"https:\\\/\\\/wimex-group.com\\\/en\\\/?s={search_term_string}\"},\"query-input\":{\"@type\":\"PropertyValueSpecification\",\"valueRequired\":true,\"valueName\":\"search_term_string\"}}],\"inLanguage\":\"en-US\"},{\"@type\":\"Person\",\"@id\":\"https:\\\/\\\/wimex-group.com\\\/en\\\/#\\\/schema\\\/person\\\/021998babb56631d9e15d580909d2a98\",\"name\":\"Carolin Zeitler\",\"image\":{\"@type\":\"ImageObject\",\"inLanguage\":\"en-US\",\"@id\":\"https:\\\/\\\/secure.gravatar.com\\\/avatar\\\/70690699c4b78e0d1071212bc109d105862d1995272d53ee30249072cb614a4c?s=96&d=mm&r=g\",\"url\":\"https:\\\/\\\/secure.gravatar.com\\\/avatar\\\/70690699c4b78e0d1071212bc109d105862d1995272d53ee30249072cb614a4c?s=96&d=mm&r=g\",\"contentUrl\":\"https:\\\/\\\/secure.gravatar.com\\\/avatar\\\/70690699c4b78e0d1071212bc109d105862d1995272d53ee30249072cb614a4c?s=96&d=mm&r=g\",\"caption\":\"Carolin Zeitler\"},\"url\":\"https:\\\/\\\/wimex-group.com\\\/en\\\/author\\\/carolin-zeitler\\\/\"}]}<\/script>\n<!-- \/ Yoast SEO plugin. -->","yoast_head_json":{"title":"Spannende Einblicke in die Wimex Group am \u201eGirls\u2019 &amp; Boys\u2019Day 2026\u201c - wimex-group","robots":{"index":"index","follow":"follow","max-snippet":"max-snippet:-1","max-image-preview":"max-image-preview:large","max-video-preview":"max-video-preview:-1"},"canonical":"https:\/\/wimex-group.com\/en\/spannende-einblicke-in-die-wimex-group-am-girls-boysday-2026\/","og_locale":"en_US","og_type":"article","og_title":"Spannende Einblicke in die Wimex Group am \u201eGirls\u2019 &amp; Boys\u2019Day 2026\u201c - wimex-group","og_description":"Im Rahmen des diesj\u00e4hrigen \u201eGirls\u2019 &amp; Boys\u2019Day\u201c durften wir wieder sechs engagierte Sch\u00fclerinnen und Sch\u00fcler an verschiedenen Standorten begr\u00fc\u00dfen. Der bundesweite Aktionstag bietet den Jugendlichen die M\u00f6glichkeit, Berufsfelder kennenzulernen, die sie vielleicht noch nicht im Blick haben, da es f\u00fcr ihr Geschlecht \u201euntypische\u201c Berufsperspektiven sind. \u00a0Sch\u00f6n, dass ihr bei uns wart!Begeisterung pur in unserer Br\u00fcterei [&hellip;]","og_url":"https:\/\/wimex-group.com\/en\/spannende-einblicke-in-die-wimex-group-am-girls-boysday-2026\/","og_site_name":"wimex-group","article_published_time":"2026-04-29T11:08:32+00:00","article_modified_time":"2026-04-29T11:08:35+00:00","og_image":[{"width":1019,"height":960,"url":"https:\/\/wimex-group.com\/wp-content\/uploads\/2026\/04\/042026_GirlsBoysDay_Nachbericht_Website-1.png","type":"image\/png"}],"author":"Carolin Zeitler","twitter_card":"summary_large_image","twitter_misc":{"Written by":"Carolin Zeitler","Est. reading time":"3 minutes"},"schema":{"@context":"https:\/\/schema.org","@graph":[{"@type":"Article","@id":"https:\/\/wimex-group.com\/en\/spannende-einblicke-in-die-wimex-group-am-girls-boysday-2026\/#article","isPartOf":{"@id":"https:\/\/wimex-group.com\/en\/spannende-einblicke-in-die-wimex-group-am-girls-boysday-2026\/"},"author":{"name":"Carolin Zeitler","@id":"https:\/\/wimex-group.com\/en\/#\/schema\/person\/021998babb56631d9e15d580909d2a98"},"headline":"Spannende Einblicke in die Wimex Group am \u201eGirls\u2019 &amp; Boys\u2019Day 2026\u201c","datePublished":"2026-04-29T11:08:32+00:00","dateModified":"2026-04-29T11:08:35+00:00","mainEntityOfPage":{"@id":"https:\/\/wimex-group.com\/en\/spannende-einblicke-in-die-wimex-group-am-girls-boysday-2026\/"},"wordCount":1278,"image":{"@id":"https:\/\/wimex-group.com\/en\/spannende-einblicke-in-die-wimex-group-am-girls-boysday-2026\/#primaryimage"},"thumbnailUrl":"https:\/\/wimex-group.com\/wp-content\/uploads\/2026\/04\/042026_GirlsBoysDay_Nachbericht_Website-1.png","articleSection":["News Startseite"],"inLanguage":"en-US"},{"@type":"WebPage","@id":"https:\/\/wimex-group.com\/en\/spannende-einblicke-in-die-wimex-group-am-girls-boysday-2026\/","url":"https:\/\/wimex-group.com\/en\/spannende-einblicke-in-die-wimex-group-am-girls-boysday-2026\/","name":"Spannende Einblicke in die Wimex Group am \u201eGirls\u2019 &amp; Boys\u2019Day 2026\u201c - wimex-group","isPartOf":{"@id":"https:\/\/wimex-group.com\/en\/#website"},"primaryImageOfPage":{"@id":"https:\/\/wimex-group.com\/en\/spannende-einblicke-in-die-wimex-group-am-girls-boysday-2026\/#primaryimage"},"image":{"@id":"https:\/\/wimex-group.com\/en\/spannende-einblicke-in-die-wimex-group-am-girls-boysday-2026\/#primaryimage"},"thumbnailUrl":"https:\/\/wimex-group.com\/wp-content\/uploads\/2026\/04\/042026_GirlsBoysDay_Nachbericht_Website-1.png","datePublished":"2026-04-29T11:08:32+00:00","dateModified":"2026-04-29T11:08:35+00:00","author":{"@id":"https:\/\/wimex-group.com\/en\/#\/schema\/person\/021998babb56631d9e15d580909d2a98"},"breadcrumb":{"@id":"https:\/\/wimex-group.com\/en\/spannende-einblicke-in-die-wimex-group-am-girls-boysday-2026\/#breadcrumb"},"inLanguage":"en-US","potentialAction":[{"@type":"ReadAction","target":["https:\/\/wimex-group.com\/en\/spannende-einblicke-in-die-wimex-group-am-girls-boysday-2026\/"]}]},{"@type":"ImageObject","inLanguage":"en-US","@id":"https:\/\/wimex-group.com\/en\/spannende-einblicke-in-die-wimex-group-am-girls-boysday-2026\/#primaryimage","url":"https:\/\/wimex-group.com\/wp-content\/uploads\/2026\/04\/042026_GirlsBoysDay_Nachbericht_Website-1.png","contentUrl":"https:\/\/wimex-group.com\/wp-content\/uploads\/2026\/04\/042026_GirlsBoysDay_Nachbericht_Website-1.png","width":1019,"height":960},{"@type":"BreadcrumbList","@id":"https:\/\/wimex-group.com\/en\/spannende-einblicke-in-die-wimex-group-am-girls-boysday-2026\/#breadcrumb","itemListElement":[{"@type":"ListItem","position":1,"name":"Startseite","item":"https:\/\/wimex-group.com\/en\/"},{"@type":"ListItem","position":2,"name":"Spannende Einblicke in die Wimex Group am \u201eGirls\u2019 &amp; Boys\u2019Day 2026\u201c"}]},{"@type":"WebSite","@id":"https:\/\/wimex-group.com\/en\/#website","url":"https:\/\/wimex-group.com\/en\/","name":"wimex-group","description":"Wimex Group","potentialAction":[{"@type":"SearchAction","target":{"@type":"EntryPoint","urlTemplate":"https:\/\/wimex-group.com\/en\/?s={search_term_string}"},"query-input":{"@type":"PropertyValueSpecification","valueRequired":true,"valueName":"search_term_string"}}],"inLanguage":"en-US"},{"@type":"Person","@id":"https:\/\/wimex-group.com\/en\/#\/schema\/person\/021998babb56631d9e15d580909d2a98","name":"Carolin Zeitler","image":{"@type":"ImageObject","inLanguage":"en-US","@id":"https:\/\/secure.gravatar.com\/avatar\/70690699c4b78e0d1071212bc109d105862d1995272d53ee30249072cb614a4c?s=96&d=mm&r=g","url":"https:\/\/secure.gravatar.com\/avatar\/70690699c4b78e0d1071212bc109d105862d1995272d53ee30249072cb614a4c?s=96&d=mm&r=g","contentUrl":"https:\/\/secure.gravatar.com\/avatar\/70690699c4b78e0d1071212bc109d105862d1995272d53ee30249072cb614a4c?s=96&d=mm&r=g","caption":"Carolin Zeitler"},"url":"https:\/\/wimex-group.com\/en\/author\/carolin-zeitler\/"}]}},"_links":{"self":[{"href":"https:\/\/wimex-group.com\/en\/wp-json\/wp\/v2\/posts\/6998","targetHints":{"allow":["GET"]}}],"collection":[{"href":"https:\/\/wimex-group.com\/en\/wp-json\/wp\/v2\/posts"}],"about":[{"href":"https:\/\/wimex-group.com\/en\/wp-json\/wp\/v2\/types\/post"}],"author":[{"embeddable":true,"href":"https:\/\/wimex-group.com\/en\/wp-json\/wp\/v2\/users\/9"}],"replies":[{"embeddable":true,"href":"https:\/\/wimex-group.com\/en\/wp-json\/wp\/v2\/comments?post=6998"}],"version-history":[{"count":5,"href":"https:\/\/wimex-group.com\/en\/wp-json\/wp\/v2\/posts\/6998\/revisions"}],"predecessor-version":[{"id":7010,"href":"https:\/\/wimex-group.com\/en\/wp-json\/wp\/v2\/posts\/6998\/revisions\/7010"}],"wp:featuredmedia":[{"embeddable":true,"href":"https:\/\/wimex-group.com\/en\/wp-json\/wp\/v2\/media\/6999"}],"wp:attachment":[{"href":"https:\/\/wimex-group.com\/en\/wp-json\/wp\/v2\/media?parent=6998"}],"wp:term":[{"taxonomy":"category","embeddable":true,"href":"https:\/\/wimex-group.com\/en\/wp-json\/wp\/v2\/categories?post=6998"},{"taxonomy":"post_tag","embeddable":true,"href":"https:\/\/wimex-group.com\/en\/wp-json\/wp\/v2\/tags?post=6998"}],"curies":[{"name":"wp","href":"https:\/\/api.w.org\/{rel}","templated":true}]}}