{"id":7166,"date":"2026-08-31T13:53:34","date_gmt":"2026-08-31T11:53:34","guid":{"rendered":"https:\/\/wimex-group.com\/?p=7166"},"modified":"2026-08-31T14:06:34","modified_gmt":"2026-08-31T12:06:34","slug":"ministerpraesident-sven-schulze-und-bayerns-landwirtschaftsministerin-michaela-kaniberbesuchen-wimex-in-baasdorf","status":"publish","type":"post","link":"https:\/\/wimex-group.com\/en\/ministerpraesident-sven-schulze-und-bayerns-landwirtschaftsministerin-michaela-kaniberbesuchen-wimex-in-baasdorf\/","title":{"rendered":"Ministerpr\u00e4sident Sven Schulze und Bayerns Landwirtschaftsministerin Michaela Kaniberbesuchen Wimex in Baasdorf"},"content":{"rendered":"<p>[et_pb_section fb_built=&#8221;1&#8243; _builder_version=&#8221;4.16&#8243; background_image=&#8221;https:\/\/wimex-group.com\/wp-content\/uploads\/2020\/12\/WMX_Intro_Slider_1.jpg&#8221; min_height=&#8221;350px&#8221; min_height_tablet=&#8221;&#8221; min_height_phone=&#8221;250px&#8221; min_height_last_edited=&#8221;on|phone&#8221; max_height=&#8221;350px&#8221; global_colors_info=&#8221;{}&#8221;][\/et_pb_section][et_pb_section fb_built=&#8221;1&#8243; _builder_version=&#8221;4.16&#8243; custom_padding=&#8221;||0px|||&#8221; global_colors_info=&#8221;{}&#8221;][et_pb_row _builder_version=&#8221;4.16&#8243; background_size=&#8221;initial&#8221; background_position=&#8221;top_left&#8221; background_repeat=&#8221;repeat&#8221; global_colors_info=&#8221;{}&#8221;][et_pb_column type=&#8221;4_4&#8243; _builder_version=&#8221;4.16&#8243; custom_padding=&#8221;|||&#8221; global_colors_info=&#8221;{}&#8221; custom_padding__hover=&#8221;|||&#8221;][et_pb_text _builder_version=&#8221;4.16&#8243; _dynamic_attributes=&#8221;content&#8221; text_font_size=&#8221;4em&#8221; text_line_height=&#8221;1.4em&#8221; text_orientation=&#8221;center&#8221; custom_margin=&#8221;|15%||15%|false|true&#8221; custom_margin_tablet=&#8221;|2%||2%|false|true&#8221; custom_margin_phone=&#8221;|0%||0%|false|true&#8221; custom_margin_last_edited=&#8221;on|phone&#8221; text_font_size_tablet=&#8221;3.6em&#8221; text_font_size_phone=&#8221;2.5em&#8221; text_font_size_last_edited=&#8221;on|tablet&#8221; global_colors_info=&#8221;{}&#8221;]@ET-DC@eyJkeW5hbWljIjp0cnVlLCJjb250ZW50IjoicG9zdF90aXRsZSIsInNldHRpbmdzIjp7ImJlZm9yZSI6IiIsImFmdGVyIjoiIn19@[\/et_pb_text][et_pb_text content_last_edited=&#8221;off|tablet&#8221; _builder_version=&#8221;4.16&#8243; _dynamic_attributes=&#8221;content&#8221; text_font=&#8221;Arial||||||||&#8221; text_text_color=&#8221;#0781ce&#8221; text_font_size=&#8221;1.5em&#8221; text_line_height=&#8221;1.4em&#8221; text_orientation=&#8221;center&#8221; text_font_size_tablet=&#8221;1.25em&#8221; text_font_size_phone=&#8221;1.25em&#8221; text_font_size_last_edited=&#8221;on|tablet&#8221; global_colors_info=&#8221;{}&#8221; content__hover_enabled=&#8221;off|desktop&#8221;]@ET-DC@eyJkeW5hbWljIjp0cnVlLCJjb250ZW50IjoicG9zdF9kYXRlIiwic2V0dGluZ3MiOnsiYmVmb3JlIjoiIiwiYWZ0ZXIiOiIiLCJkYXRlX2Zvcm1hdCI6ImRlZmF1bHQiLCJjdXN0b21fZGF0ZV9mb3JtYXQiOiIifX0=@[\/et_pb_text][\/et_pb_column][\/et_pb_row][et_pb_row _builder_version=&#8221;4.16&#8243; background_size=&#8221;initial&#8221; background_position=&#8221;top_left&#8221; background_repeat=&#8221;repeat&#8221; module_alignment=&#8221;center&#8221; custom_margin=&#8221;|-1px||411px||&#8221; global_colors_info=&#8221;{}&#8221;][et_pb_column type=&#8221;4_4&#8243; _builder_version=&#8221;4.16&#8243; custom_padding=&#8221;|||&#8221; global_colors_info=&#8221;{}&#8221; custom_padding__hover=&#8221;|||&#8221;][et_pb_text _builder_version=&#8221;4.27.8&#8243; text_font_size=&#8221;1.5em&#8221; min_height=&#8221;180.6px&#8221; custom_margin=&#8221;|15%||15%|false|true&#8221; custom_margin_tablet=&#8221;|5%||5%|false|true&#8221; custom_margin_phone=&#8221;|2%||2%|false|true&#8221; custom_margin_last_edited=&#8221;on|tablet&#8221; custom_padding=&#8221;||0px|||&#8221; hover_enabled=&#8221;0&#8243; text_font_size_tablet=&#8221;&#8221; text_font_size_phone=&#8221;1.3em&#8221; text_font_size_last_edited=&#8221;on|desktop&#8221; global_colors_info=&#8221;{}&#8221; sticky_enabled=&#8221;0&#8243;]<\/p>\n<p><strong>Austausch \u00fcber Wettbewerbsf\u00e4higkeit, Fachkr\u00e4ftesituation und Perspektiven der heimischen Landwirtschaft \u2013 Einblicke in Arbeitspraxis und moderne Technik<\/strong><\/p>\n<p><strong>Baasdorf.<\/strong> Sachsen-Anhalts Ministerpr\u00e4sident Sven Schulze und Bayerns Landwirtschaftsministerin Michaela Kaniber, die in diesem Jahr den Vorsitz der Agrarministerkonferenz inne hat, haben am Donnerstag (27. August) die Wimex Group an den Standorten Baasdorf und Arensdorf bei K\u00f6then (Sachsen-Anhalt) besucht. Gemeinsam mit Vertretern aus Politik und Bauernverb\u00e4nden informierten sie sich \u00fcber die aktuellen Herausforderungen der heimischen Landwirtschaft und die Arbeit des Familienunternehmens. Im Mittelpunkt des Austauschs mit der Gesch\u00e4ftsf\u00fchrung und Verantwortlichen der Wimex Group standen der Fachkr\u00e4ftemangel, schwierige Marktbedingungen und die Frage, welche verl\u00e4sslichen Rahmenbedingungen Landwirtschaft in Deutschland braucht, um auch k\u00fcnftig wettbewerbsf\u00e4hig produzieren zu k\u00f6nnen.<\/p>\n<p>Ministerpr\u00e4sident Sven Schulze w\u00fcrdigte den Beitrag des Unternehmens: \u201eIch will eine starke Landwirtschaft, die fest in Sachsen-Anhalt verwurzelt ist und zugleich mutig nach vorn geht. Ich bin \u00fcberzeugt: Moderne Technik, digitale L\u00f6sungen und Robotik helfen unseren Betrieben, Arbeitsabl\u00e4ufe zu erleichtern, noch pr\u00e4ziser zu wirtschaften und den Einsatz wertvoller Ressourcen gezielt zu steuern. Wimex zeigt hier bei uns im Land, wie das in der Praxis gelingt. Solche Investitionen brauchen Mut und verl\u00e4ssliche Rahmenbedingungen. Als Landesregierung werden wir unsere Betriebe weiter dabei unterst\u00fctzen, sich zukunftsfest aufzustellen \u2013 f\u00fcr attraktive Arbeitspl\u00e4tze, gute Lebensmittel und kommende Generationen.\u201c<\/p>\n<p><strong>Praxiseinsatz auf dem Gem\u00fcsefeld<\/strong><br \/>Der Besuch f\u00fchrte die G\u00e4ste direkt in die landwirtschaftliche Praxis. Nach einer Einf\u00fchrung im Gutshaus ging es auf die Gem\u00fcsefl\u00e4chen der Wimex-Tochterfirma B\u00f6rdegarten in Arensdorf. Dort erhielten Sven Schulze und Michaela Kaniber Einblicke in Anbau und laufende Ernte. Bei einem gemeinsamen Ernteeinsatz kamen sie zudem mit der Betriebsleitung und Mitarbeitenden ins Gespr\u00e4ch. Anschlie\u00dfend besichtigten die G\u00e4ste die Verarbeitung und Produktion sowie die K\u00fchllager des Standorts. \u201eLandwirtschaftliche Unternehmen stehen derzeit unter erheblichem wirtschaftlichem Druck. Umso wichtiger ist es f\u00fcr uns, der Politik vor Ort zu zeigen, wie Betriebe arbeiten und wo konkrete Hemmnisse liegen\u201c, betont Vincent Wagner, Teil der dritten Generation der Gr\u00fcnderfamilie Wagner in der Wimex Group. \u201eDer Fachkr\u00e4ftemangel trifft uns ebenso wie steigende Anforderungen, B\u00fcrokratie und ein anspruchsvolles Marktumfeld. Wer weiterhin zur Lebensmittelsicherheit in Deutschland beitragen und hier investieren soll, braucht Rahmenbedingungen, die wettbewerbsf\u00e4hige Produktion erm\u00f6glichen.\u201c<\/p>\n<p><strong>Moderne Technik in der Landwirtschaft<\/strong><br \/>Mit dem Besuch setzte die Politik zugleich ein Zeichen f\u00fcr den l\u00e4nder\u00fcbergreifenden Austausch. Die Wimex Group hat ihre Wurzeln im bayerischen Regenstauf und ist seit Anfang der 1990er-Jahre in Sachsen-Anhalt aktiv.&nbsp; Bayerns Landwirtschaftsministerin Michaela Kaniber betonte: \u201eDie Wimex Group zeigt eindrucksvoll, was m\u00f6glich ist, wenn unternehmerischer Mut, Innovationskraft und landwirtschaftliches Know-how zusammenkommen. Hier werden moderne Landwirtschaft, starke Wertsch\u00f6pfung und sichere Arbeitspl\u00e4tze miteinander verbunden. Solche Betriebe sind das R\u00fcckgrat unserer heimischen Ern\u00e4hrungssicherheit, und sie verdienen unseren gr\u00f6\u00dften Respekt. Diesen wunderbaren Einblick in gelebte Zukunftsf\u00e4higkeit nehme ich auch als Vorsitzende der Agrarministerkonferenz im Interesse unserer Landwirte in ganz Deutschland gerne mit. Besonders freut mich nat\u00fcrlich, dass die Erfolgsgeschichte dieses Familienunternehmens ihren Anfang bei uns in Bayern genommen hat und heute weit \u00fcber die Landesgrenzen hinausreicht.\u201c<\/p>\n<p>Am Standort Arensdorf verbindet die Wimex-Tochter <strong>B\u00f6rdegarten<\/strong> den Anbau von Gem\u00fcse mit Verarbeitung und Lagerung. Der Rundgang machte damit verschiedene Stufen der landwirtschaftlichen Wertsch\u00f6pfung unmittelbar sichtbar. \u201eWir sind stolz darauf, aus Sachsen-Anhalt \u2013 aus dem Herzen Deutschlands \u2013 frisches Gem\u00fcse f\u00fcr die Menschen in Ostdeutschland zu produzieren. Damit leisten wir einen wichtigen Beitrag zur regionalen Versorgung und sichern zugleich Arbeitspl\u00e4tze vor Ort. Unser Ziel ist es, auch in Zukunft hier t\u00e4tig zu sein, in moderne Produktion zu investieren und gemeinsam mit der Region weiter zu wachsen.\u201c, sagt Lutz R\u00fcger, Gesch\u00e4ftsf\u00fchrer von B\u00f6rdegarten. Zugleich zeigte der Rundgang, wie die Wimex Group unter dem Stichwort <strong>Smart Farming<\/strong> digitale L\u00f6sungen und Robotik nutzt, um Anbauprozesse gezielter zu steuern und Ressourcen effizient einzusetzen.<\/p>\n<p><strong>Familienunternehmen mit vielen Gesch\u00e4ftsfeldern<\/strong><br \/>Die Wimex Group ist ein mittelst\u00e4ndischer landwirtschaftlicher Familienbetrieb. Das 1985 gegr\u00fcndete Unternehmen ist heute in den Gesch\u00e4ftsfeldern Gefl\u00fcgel, Gem\u00fcse und Obst, Energie sowie Smart Farming t\u00e4tig. Die Produktionszweige sind zu einem integrierten Wertsch\u00f6pfungsnetzwerk verbunden. Insgesamt arbeiten rund 900 Mitarbeiterinnen und Mitarbeiter f\u00fcr die Unternehmensgruppe. In Sachsen-Anhalt ist Wimex seit 1991 aktiv und hat seine Aktivit\u00e4ten dort \u00fcber die vergangenen Jahrzehnte kontinuierlich ausgebaut.<\/p>\n<p>[\/et_pb_text][\/et_pb_column][\/et_pb_row][et_pb_row column_structure=&#8221;1_2,1_2&#8243; _builder_version=&#8221;4.27.6&#8243; _module_preset=&#8221;default&#8221; global_colors_info=&#8221;{}&#8221;][et_pb_column type=&#8221;1_2&#8243; _builder_version=&#8221;4.27.6&#8243; _module_preset=&#8221;default&#8221; global_colors_info=&#8221;{}&#8221;][et_pb_blurb title=&#8221;Leopold Graf von Drechsel (rechts), einer der Gesch\u00e4ftsf\u00fchrer der Wimex Group, begr\u00fc\u00dft Sachsen-Anhalts Ministerpr\u00e4sident Sven Schulze und Bayerns Landwirtschaftsministerin Michaela Kaniber zum Besuch bei der Wimex Group im Gutshaus Baasdorf bei K\u00f6then. \u00a9 Steffen B\u00f6ttcher&#8221; image=&#8221;https:\/\/wimex-group.com\/wp-content\/uploads\/2026\/08\/082026_PM_Kaniber_Website-1.png&#8221; _builder_version=&#8221;4.27.8&#8243; _module_preset=&#8221;default&#8221; hover_enabled=&#8221;0&#8243; global_colors_info=&#8221;{}&#8221; title_text=&#8221;082026_PM_Kaniber_Website (1)&#8221; sticky_enabled=&#8221;0&#8243;][\/et_pb_blurb][\/et_pb_column][et_pb_column type=&#8221;1_2&#8243; _builder_version=&#8221;4.27.6&#8243; _module_preset=&#8221;default&#8221; global_colors_info=&#8221;{}&#8221;][et_pb_blurb title=&#8221;Einblick in die Praxis: Bayerns Landwirtschaftsministerin Michaela Kaniber, Sachsen-Anhalts Ministerpr\u00e4sident Sven Schulze und Gert Zender, Staatssekret\u00e4r im Landwirtschaftsministerium von Sachsen-Anhalt (kniend, von r. n. l.), informieren sich auf den Feldern der Wimex Group in Arensdorf \u00fcber Gem\u00fcseanbau, Ernte und Verarbeitung. \u00a9 Steffen B\u00f6ttcher&#8221; image=&#8221;https:\/\/wimex-group.com\/wp-content\/uploads\/2026\/08\/082026_PM_Kaniber_Website-2.png&#8221; _builder_version=&#8221;4.27.8&#8243; _module_preset=&#8221;default&#8221; hover_enabled=&#8221;0&#8243; global_colors_info=&#8221;{}&#8221; title_text=&#8221;082026_PM_Kaniber_Website (2)&#8221; sticky_enabled=&#8221;0&#8243;][\/et_pb_blurb][\/et_pb_column][\/et_pb_row][et_pb_row column_structure=&#8221;1_2,1_2&#8243; _builder_version=&#8221;4.27.6&#8243; _module_preset=&#8221;default&#8221; global_colors_info=&#8221;{}&#8221;][et_pb_column type=&#8221;1_2&#8243; _builder_version=&#8221;4.27.6&#8243; _module_preset=&#8221;default&#8221; global_colors_info=&#8221;{}&#8221;][et_pb_blurb title=&#8221;Ministerpr\u00e4sident Sven Schulze beim Ernteeinsatz auf den Feldern der Wimex Group in Arensdorf bei K\u00f6then. Der Regierungschef betonte die starke Rolle der heimischen Landwirtschaft f\u00fcr das Land Sachsen-Anhalt. \u00a9 Steffen B\u00f6ttcher&#8221; image=&#8221;https:\/\/wimex-group.com\/wp-content\/uploads\/2026\/08\/082026_PM_Kaniber_Website-3.png&#8221; _builder_version=&#8221;4.27.8&#8243; _module_preset=&#8221;default&#8221; hover_enabled=&#8221;0&#8243; global_colors_info=&#8221;{}&#8221; title_text=&#8221;082026_PM_Kaniber_Website (3)&#8221; sticky_enabled=&#8221;0&#8243;][\/et_pb_blurb][\/et_pb_column][et_pb_column type=&#8221;1_2&#8243; _builder_version=&#8221;4.27.6&#8243; _module_preset=&#8221;default&#8221; global_colors_info=&#8221;{}&#8221;][et_pb_blurb title=&#8221;Vincent Wagner, Teil der dritten Generation der Gr\u00fcnderfamilie Wagner in der Wimex Group (rechts) f\u00fchrt Ministerpr\u00e4sident Sven Schulze und Bayerns Landwirtschaftsministerin Michaela Kaniber durch die Verarbeitung und Produktion sowie die K\u00fchllager des Gem\u00fcse-Standorts Arensdorf. \u00a9 Steffen B\u00f6ttcher&#8221; image=&#8221;https:\/\/wimex-group.com\/wp-content\/uploads\/2026\/08\/082026_PM_Kaniber_Website-4.png&#8221; _builder_version=&#8221;4.27.8&#8243; _module_preset=&#8221;default&#8221; hover_enabled=&#8221;0&#8243; global_colors_info=&#8221;{}&#8221; title_text=&#8221;082026_PM_Kaniber_Website (4)&#8221; sticky_enabled=&#8221;0&#8243;][\/et_pb_blurb][\/et_pb_column][\/et_pb_row][\/et_pb_section]<\/p>\n","protected":false},"excerpt":{"rendered":"<p>Austausch \u00fcber Wettbewerbsf\u00e4higkeit, Fachkr\u00e4ftesituation und Perspektiven der heimischen Landwirtschaft \u2013 Einblicke in Arbeitspraxis und moderne Technik Baasdorf. Sachsen-Anhalts Ministerpr\u00e4sident Sven Schulze und Bayerns Landwirtschaftsministerin Michaela Kaniber, die in diesem Jahr den Vorsitz der Agrarministerkonferenz inne hat, haben am Donnerstag (27. August) die Wimex Group an den Standorten Baasdorf und Arensdorf bei K\u00f6then (Sachsen-Anhalt) besucht. Gemeinsam [&hellip;]<\/p>\n","protected":false},"author":9,"featured_media":7171,"comment_status":"closed","ping_status":"open","sticky":false,"template":"","format":"standard","meta":{"_et_pb_use_builder":"on","_et_pb_old_content":"<!-- wp:paragraph -->\n<p>Dank einer Anfrage zweier Hobbysprayer wird das unser altes BALM-Lager in Rosefeld zum Objekt regelm\u00e4\u00dfiger Graffiti-Projekte. Bei dem Graffiti-Duo mit dem K\u00fcnstlernamen DRMLZ handelt es sich um die geb\u00fcrtigen Dessauer Stefan Schneider (42) und Stefan Berndt (36). Die beiden Freunde leben und arbeiten als Senior Designer in Berlin \u2026<\/p>\n<!-- \/wp:paragraph -->\n\n<!-- wp:paragraph -->\n<p>Natate peris vitatem vel idis eseruptum ea acerro mint enihicatist lab ium faccust, cus ex eliquos vid quatqui dolorist iderepu disciaes mod qui dolum quam, que dollest, quam, ut aut aut quidellabor apeliquat.<br>Ictemquam imporep udandissi sum suntem cuptae solliquae peliate cabores erumet il idi temporest, od es voluptis volent omnihiliqui optatent utem nonsequid ut quis reptumque pla doloris vellate mporempostis volest mo ipsam, sim dolore, tetur, simust, sit porae aut quunt quunte non re sim el is alis dentinverias eumque volupta tustis dist, natus dolorite cuptatem exernatur secti asperep udigenimus audit reped quam eiciis quo des qui volectem demperci officia intinvendus aspere idis mo eius de quae pos esequam, ipis doluptatios quuntiis que nis iur, simporrovita cum rese volupta quamus.<br>Iquam arioriost quo quo dolupti odi dolupit re voluptistis volorae sus pro veliquatur a plitat.<\/p>\n<!-- \/wp:paragraph -->\n\n<!-- wp:paragraph -->\n<p>Raturi nectorectis raectum incia con commoluptat offictur?<br>Dae sit officidem nobis aut adit aut maximinctus dissed que core peditatur maximil isinis ante vereptatur, sites que porerum que ma con eos quam renda nienis et lantiusciet vendebit exernatur? Qui nonsequiaes nemos eum id molore lacerch icidem re, consecuptur ma aut pe dolorem poreseq uatemolorat ipidi si bera nis vitionse occatus serum fuga. Namenimust volupta tenime lantur, non nonse quiam rerum hit, sumquam enem cus, sanditiur? Quist autem volor andi dolecto remporum eum am quo moluptat dendam, nemporem rat quidem vendi occulpa nonserum accatio odis il ipiciusam consenem quia et escid que idebit, ut aspidel ibeaquam et.<\/p>\n<!-- \/wp:paragraph -->","_et_gb_content_width":"2880","footnotes":""},"categories":[11,12],"tags":[],"class_list":["post-7166","post","type-post","status-publish","format-standard","has-post-thumbnail","hentry","category-news-startseite","category-pressemitteilung"],"yoast_head":"<!-- This site is optimized with the Yoast SEO plugin v28.3 - https:\/\/yoast.com\/product\/yoast-seo-wordpress\/ -->\n<title>Ministerpr\u00e4sident Sven Schulze und Bayerns Landwirtschaftsministerin Michaela Kaniberbesuchen Wimex in Baasdorf - wimex-group<\/title>\n<meta name=\"robots\" content=\"index, follow, max-snippet:-1, max-image-preview:large, max-video-preview:-1\" \/>\n<link rel=\"canonical\" href=\"https:\/\/wimex-group.com\/en\/ministerpraesident-sven-schulze-und-bayerns-landwirtschaftsministerin-michaela-kaniberbesuchen-wimex-in-baasdorf\/\" \/>\n<meta property=\"og:locale\" content=\"en_US\" \/>\n<meta property=\"og:type\" content=\"article\" \/>\n<meta property=\"og:title\" content=\"Ministerpr\u00e4sident Sven Schulze und Bayerns Landwirtschaftsministerin Michaela Kaniberbesuchen Wimex in Baasdorf - wimex-group\" \/>\n<meta property=\"og:description\" content=\"Austausch \u00fcber Wettbewerbsf\u00e4higkeit, Fachkr\u00e4ftesituation und Perspektiven der heimischen Landwirtschaft \u2013 Einblicke in Arbeitspraxis und moderne Technik Baasdorf. Sachsen-Anhalts Ministerpr\u00e4sident Sven Schulze und Bayerns Landwirtschaftsministerin Michaela Kaniber, die in diesem Jahr den Vorsitz der Agrarministerkonferenz inne hat, haben am Donnerstag (27. August) die Wimex Group an den Standorten Baasdorf und Arensdorf bei K\u00f6then (Sachsen-Anhalt) besucht. Gemeinsam [&hellip;]\" \/>\n<meta property=\"og:url\" content=\"https:\/\/wimex-group.com\/en\/ministerpraesident-sven-schulze-und-bayerns-landwirtschaftsministerin-michaela-kaniberbesuchen-wimex-in-baasdorf\/\" \/>\n<meta property=\"og:site_name\" content=\"wimex-group\" \/>\n<meta property=\"article:published_time\" content=\"2026-08-31T11:53:34+00:00\" \/>\n<meta property=\"article:modified_time\" content=\"2026-08-31T12:06:34+00:00\" \/>\n<meta property=\"og:image\" content=\"https:\/\/wimex-group.com\/wp-content\/uploads\/2026\/08\/082026_PM_Kaniber_Website-2.png\" \/>\n\t<meta property=\"og:image:width\" content=\"1440\" \/>\n\t<meta property=\"og:image:height\" content=\"960\" \/>\n\t<meta property=\"og:image:type\" content=\"image\/png\" \/>\n<meta name=\"author\" content=\"Carolin Zeitler\" \/>\n<meta name=\"twitter:card\" content=\"summary_large_image\" \/>\n<meta name=\"twitter:label1\" content=\"Written by\" \/>\n\t<meta name=\"twitter:data1\" content=\"Carolin Zeitler\" \/>\n\t<meta name=\"twitter:label2\" content=\"Est. reading time\" \/>\n\t<meta name=\"twitter:data2\" content=\"6 minutes\" \/>\n<script type=\"application\/ld+json\" class=\"yoast-schema-graph\">{\"@context\":\"https:\\\/\\\/schema.org\",\"@graph\":[{\"@type\":\"Article\",\"@id\":\"https:\\\/\\\/wimex-group.com\\\/en\\\/ministerpraesident-sven-schulze-und-bayerns-landwirtschaftsministerin-michaela-kaniberbesuchen-wimex-in-baasdorf\\\/#article\",\"isPartOf\":{\"@id\":\"https:\\\/\\\/wimex-group.com\\\/en\\\/ministerpraesident-sven-schulze-und-bayerns-landwirtschaftsministerin-michaela-kaniberbesuchen-wimex-in-baasdorf\\\/\"},\"author\":{\"name\":\"Carolin Zeitler\",\"@id\":\"https:\\\/\\\/wimex-group.com\\\/en\\\/#\\\/schema\\\/person\\\/021998babb56631d9e15d580909d2a98\"},\"headline\":\"Ministerpr\u00e4sident Sven Schulze und Bayerns Landwirtschaftsministerin Michaela Kaniberbesuchen Wimex in Baasdorf\",\"datePublished\":\"2026-08-31T11:53:34+00:00\",\"dateModified\":\"2026-08-31T12:06:34+00:00\",\"mainEntityOfPage\":{\"@id\":\"https:\\\/\\\/wimex-group.com\\\/en\\\/ministerpraesident-sven-schulze-und-bayerns-landwirtschaftsministerin-michaela-kaniberbesuchen-wimex-in-baasdorf\\\/\"},\"wordCount\":1481,\"image\":{\"@id\":\"https:\\\/\\\/wimex-group.com\\\/en\\\/ministerpraesident-sven-schulze-und-bayerns-landwirtschaftsministerin-michaela-kaniberbesuchen-wimex-in-baasdorf\\\/#primaryimage\"},\"thumbnailUrl\":\"https:\\\/\\\/wimex-group.com\\\/wp-content\\\/uploads\\\/2026\\\/08\\\/082026_PM_Kaniber_Website-2.png\",\"articleSection\":[\"News Startseite\",\"PRESSEMITTEILUNG\"],\"inLanguage\":\"en-US\"},{\"@type\":\"WebPage\",\"@id\":\"https:\\\/\\\/wimex-group.com\\\/en\\\/ministerpraesident-sven-schulze-und-bayerns-landwirtschaftsministerin-michaela-kaniberbesuchen-wimex-in-baasdorf\\\/\",\"url\":\"https:\\\/\\\/wimex-group.com\\\/en\\\/ministerpraesident-sven-schulze-und-bayerns-landwirtschaftsministerin-michaela-kaniberbesuchen-wimex-in-baasdorf\\\/\",\"name\":\"Ministerpr\u00e4sident Sven Schulze und Bayerns Landwirtschaftsministerin Michaela Kaniberbesuchen Wimex in Baasdorf - wimex-group\",\"isPartOf\":{\"@id\":\"https:\\\/\\\/wimex-group.com\\\/en\\\/#website\"},\"primaryImageOfPage\":{\"@id\":\"https:\\\/\\\/wimex-group.com\\\/en\\\/ministerpraesident-sven-schulze-und-bayerns-landwirtschaftsministerin-michaela-kaniberbesuchen-wimex-in-baasdorf\\\/#primaryimage\"},\"image\":{\"@id\":\"https:\\\/\\\/wimex-group.com\\\/en\\\/ministerpraesident-sven-schulze-und-bayerns-landwirtschaftsministerin-michaela-kaniberbesuchen-wimex-in-baasdorf\\\/#primaryimage\"},\"thumbnailUrl\":\"https:\\\/\\\/wimex-group.com\\\/wp-content\\\/uploads\\\/2026\\\/08\\\/082026_PM_Kaniber_Website-2.png\",\"datePublished\":\"2026-08-31T11:53:34+00:00\",\"dateModified\":\"2026-08-31T12:06:34+00:00\",\"author\":{\"@id\":\"https:\\\/\\\/wimex-group.com\\\/en\\\/#\\\/schema\\\/person\\\/021998babb56631d9e15d580909d2a98\"},\"breadcrumb\":{\"@id\":\"https:\\\/\\\/wimex-group.com\\\/en\\\/ministerpraesident-sven-schulze-und-bayerns-landwirtschaftsministerin-michaela-kaniberbesuchen-wimex-in-baasdorf\\\/#breadcrumb\"},\"inLanguage\":\"en-US\",\"potentialAction\":[{\"@type\":\"ReadAction\",\"target\":[\"https:\\\/\\\/wimex-group.com\\\/en\\\/ministerpraesident-sven-schulze-und-bayerns-landwirtschaftsministerin-michaela-kaniberbesuchen-wimex-in-baasdorf\\\/\"]}]},{\"@type\":\"ImageObject\",\"inLanguage\":\"en-US\",\"@id\":\"https:\\\/\\\/wimex-group.com\\\/en\\\/ministerpraesident-sven-schulze-und-bayerns-landwirtschaftsministerin-michaela-kaniberbesuchen-wimex-in-baasdorf\\\/#primaryimage\",\"url\":\"https:\\\/\\\/wimex-group.com\\\/wp-content\\\/uploads\\\/2026\\\/08\\\/082026_PM_Kaniber_Website-2.png\",\"contentUrl\":\"https:\\\/\\\/wimex-group.com\\\/wp-content\\\/uploads\\\/2026\\\/08\\\/082026_PM_Kaniber_Website-2.png\",\"width\":1440,\"height\":960},{\"@type\":\"BreadcrumbList\",\"@id\":\"https:\\\/\\\/wimex-group.com\\\/en\\\/ministerpraesident-sven-schulze-und-bayerns-landwirtschaftsministerin-michaela-kaniberbesuchen-wimex-in-baasdorf\\\/#breadcrumb\",\"itemListElement\":[{\"@type\":\"ListItem\",\"position\":1,\"name\":\"Startseite\",\"item\":\"https:\\\/\\\/wimex-group.com\\\/en\\\/\"},{\"@type\":\"ListItem\",\"position\":2,\"name\":\"Ministerpr\u00e4sident Sven Schulze und Bayerns Landwirtschaftsministerin Michaela Kaniberbesuchen Wimex in Baasdorf\"}]},{\"@type\":\"WebSite\",\"@id\":\"https:\\\/\\\/wimex-group.com\\\/en\\\/#website\",\"url\":\"https:\\\/\\\/wimex-group.com\\\/en\\\/\",\"name\":\"wimex-group\",\"description\":\"Wimex Group\",\"potentialAction\":[{\"@type\":\"SearchAction\",\"target\":{\"@type\":\"EntryPoint\",\"urlTemplate\":\"https:\\\/\\\/wimex-group.com\\\/en\\\/?s={search_term_string}\"},\"query-input\":{\"@type\":\"PropertyValueSpecification\",\"valueRequired\":true,\"valueName\":\"search_term_string\"}}],\"inLanguage\":\"en-US\"},{\"@type\":\"Person\",\"@id\":\"https:\\\/\\\/wimex-group.com\\\/en\\\/#\\\/schema\\\/person\\\/021998babb56631d9e15d580909d2a98\",\"name\":\"Carolin Zeitler\",\"image\":{\"@type\":\"ImageObject\",\"inLanguage\":\"en-US\",\"@id\":\"https:\\\/\\\/secure.gravatar.com\\\/avatar\\\/70690699c4b78e0d1071212bc109d105862d1995272d53ee30249072cb614a4c?s=96&d=mm&r=g\",\"url\":\"https:\\\/\\\/secure.gravatar.com\\\/avatar\\\/70690699c4b78e0d1071212bc109d105862d1995272d53ee30249072cb614a4c?s=96&d=mm&r=g\",\"contentUrl\":\"https:\\\/\\\/secure.gravatar.com\\\/avatar\\\/70690699c4b78e0d1071212bc109d105862d1995272d53ee30249072cb614a4c?s=96&d=mm&r=g\",\"caption\":\"Carolin Zeitler\"},\"url\":\"https:\\\/\\\/wimex-group.com\\\/en\\\/author\\\/carolin-zeitler\\\/\"}]}<\/script>\n<!-- \/ Yoast SEO plugin. -->","yoast_head_json":{"title":"Ministerpr\u00e4sident Sven Schulze und Bayerns Landwirtschaftsministerin Michaela Kaniberbesuchen Wimex in Baasdorf - wimex-group","robots":{"index":"index","follow":"follow","max-snippet":"max-snippet:-1","max-image-preview":"max-image-preview:large","max-video-preview":"max-video-preview:-1"},"canonical":"https:\/\/wimex-group.com\/en\/ministerpraesident-sven-schulze-und-bayerns-landwirtschaftsministerin-michaela-kaniberbesuchen-wimex-in-baasdorf\/","og_locale":"en_US","og_type":"article","og_title":"Ministerpr\u00e4sident Sven Schulze und Bayerns Landwirtschaftsministerin Michaela Kaniberbesuchen Wimex in Baasdorf - wimex-group","og_description":"Austausch \u00fcber Wettbewerbsf\u00e4higkeit, Fachkr\u00e4ftesituation und Perspektiven der heimischen Landwirtschaft \u2013 Einblicke in Arbeitspraxis und moderne Technik Baasdorf. Sachsen-Anhalts Ministerpr\u00e4sident Sven Schulze und Bayerns Landwirtschaftsministerin Michaela Kaniber, die in diesem Jahr den Vorsitz der Agrarministerkonferenz inne hat, haben am Donnerstag (27. August) die Wimex Group an den Standorten Baasdorf und Arensdorf bei K\u00f6then (Sachsen-Anhalt) besucht. Gemeinsam [&hellip;]","og_url":"https:\/\/wimex-group.com\/en\/ministerpraesident-sven-schulze-und-bayerns-landwirtschaftsministerin-michaela-kaniberbesuchen-wimex-in-baasdorf\/","og_site_name":"wimex-group","article_published_time":"2026-08-31T11:53:34+00:00","article_modified_time":"2026-08-31T12:06:34+00:00","og_image":[{"width":1440,"height":960,"url":"https:\/\/wimex-group.com\/wp-content\/uploads\/2026\/08\/082026_PM_Kaniber_Website-2.png","type":"image\/png"}],"author":"Carolin Zeitler","twitter_card":"summary_large_image","twitter_misc":{"Written by":"Carolin Zeitler","Est. reading time":"6 minutes"},"schema":{"@context":"https:\/\/schema.org","@graph":[{"@type":"Article","@id":"https:\/\/wimex-group.com\/en\/ministerpraesident-sven-schulze-und-bayerns-landwirtschaftsministerin-michaela-kaniberbesuchen-wimex-in-baasdorf\/#article","isPartOf":{"@id":"https:\/\/wimex-group.com\/en\/ministerpraesident-sven-schulze-und-bayerns-landwirtschaftsministerin-michaela-kaniberbesuchen-wimex-in-baasdorf\/"},"author":{"name":"Carolin Zeitler","@id":"https:\/\/wimex-group.com\/en\/#\/schema\/person\/021998babb56631d9e15d580909d2a98"},"headline":"Ministerpr\u00e4sident Sven Schulze und Bayerns Landwirtschaftsministerin Michaela Kaniberbesuchen Wimex in Baasdorf","datePublished":"2026-08-31T11:53:34+00:00","dateModified":"2026-08-31T12:06:34+00:00","mainEntityOfPage":{"@id":"https:\/\/wimex-group.com\/en\/ministerpraesident-sven-schulze-und-bayerns-landwirtschaftsministerin-michaela-kaniberbesuchen-wimex-in-baasdorf\/"},"wordCount":1481,"image":{"@id":"https:\/\/wimex-group.com\/en\/ministerpraesident-sven-schulze-und-bayerns-landwirtschaftsministerin-michaela-kaniberbesuchen-wimex-in-baasdorf\/#primaryimage"},"thumbnailUrl":"https:\/\/wimex-group.com\/wp-content\/uploads\/2026\/08\/082026_PM_Kaniber_Website-2.png","articleSection":["News Startseite","PRESSEMITTEILUNG"],"inLanguage":"en-US"},{"@type":"WebPage","@id":"https:\/\/wimex-group.com\/en\/ministerpraesident-sven-schulze-und-bayerns-landwirtschaftsministerin-michaela-kaniberbesuchen-wimex-in-baasdorf\/","url":"https:\/\/wimex-group.com\/en\/ministerpraesident-sven-schulze-und-bayerns-landwirtschaftsministerin-michaela-kaniberbesuchen-wimex-in-baasdorf\/","name":"Ministerpr\u00e4sident Sven Schulze und Bayerns Landwirtschaftsministerin Michaela Kaniberbesuchen Wimex in Baasdorf - wimex-group","isPartOf":{"@id":"https:\/\/wimex-group.com\/en\/#website"},"primaryImageOfPage":{"@id":"https:\/\/wimex-group.com\/en\/ministerpraesident-sven-schulze-und-bayerns-landwirtschaftsministerin-michaela-kaniberbesuchen-wimex-in-baasdorf\/#primaryimage"},"image":{"@id":"https:\/\/wimex-group.com\/en\/ministerpraesident-sven-schulze-und-bayerns-landwirtschaftsministerin-michaela-kaniberbesuchen-wimex-in-baasdorf\/#primaryimage"},"thumbnailUrl":"https:\/\/wimex-group.com\/wp-content\/uploads\/2026\/08\/082026_PM_Kaniber_Website-2.png","datePublished":"2026-08-31T11:53:34+00:00","dateModified":"2026-08-31T12:06:34+00:00","author":{"@id":"https:\/\/wimex-group.com\/en\/#\/schema\/person\/021998babb56631d9e15d580909d2a98"},"breadcrumb":{"@id":"https:\/\/wimex-group.com\/en\/ministerpraesident-sven-schulze-und-bayerns-landwirtschaftsministerin-michaela-kaniberbesuchen-wimex-in-baasdorf\/#breadcrumb"},"inLanguage":"en-US","potentialAction":[{"@type":"ReadAction","target":["https:\/\/wimex-group.com\/en\/ministerpraesident-sven-schulze-und-bayerns-landwirtschaftsministerin-michaela-kaniberbesuchen-wimex-in-baasdorf\/"]}]},{"@type":"ImageObject","inLanguage":"en-US","@id":"https:\/\/wimex-group.com\/en\/ministerpraesident-sven-schulze-und-bayerns-landwirtschaftsministerin-michaela-kaniberbesuchen-wimex-in-baasdorf\/#primaryimage","url":"https:\/\/wimex-group.com\/wp-content\/uploads\/2026\/08\/082026_PM_Kaniber_Website-2.png","contentUrl":"https:\/\/wimex-group.com\/wp-content\/uploads\/2026\/08\/082026_PM_Kaniber_Website-2.png","width":1440,"height":960},{"@type":"BreadcrumbList","@id":"https:\/\/wimex-group.com\/en\/ministerpraesident-sven-schulze-und-bayerns-landwirtschaftsministerin-michaela-kaniberbesuchen-wimex-in-baasdorf\/#breadcrumb","itemListElement":[{"@type":"ListItem","position":1,"name":"Startseite","item":"https:\/\/wimex-group.com\/en\/"},{"@type":"ListItem","position":2,"name":"Ministerpr\u00e4sident Sven Schulze und Bayerns Landwirtschaftsministerin Michaela Kaniberbesuchen Wimex in Baasdorf"}]},{"@type":"WebSite","@id":"https:\/\/wimex-group.com\/en\/#website","url":"https:\/\/wimex-group.com\/en\/","name":"wimex-group","description":"Wimex Group","potentialAction":[{"@type":"SearchAction","target":{"@type":"EntryPoint","urlTemplate":"https:\/\/wimex-group.com\/en\/?s={search_term_string}"},"query-input":{"@type":"PropertyValueSpecification","valueRequired":true,"valueName":"search_term_string"}}],"inLanguage":"en-US"},{"@type":"Person","@id":"https:\/\/wimex-group.com\/en\/#\/schema\/person\/021998babb56631d9e15d580909d2a98","name":"Carolin Zeitler","image":{"@type":"ImageObject","inLanguage":"en-US","@id":"https:\/\/secure.gravatar.com\/avatar\/70690699c4b78e0d1071212bc109d105862d1995272d53ee30249072cb614a4c?s=96&d=mm&r=g","url":"https:\/\/secure.gravatar.com\/avatar\/70690699c4b78e0d1071212bc109d105862d1995272d53ee30249072cb614a4c?s=96&d=mm&r=g","contentUrl":"https:\/\/secure.gravatar.com\/avatar\/70690699c4b78e0d1071212bc109d105862d1995272d53ee30249072cb614a4c?s=96&d=mm&r=g","caption":"Carolin Zeitler"},"url":"https:\/\/wimex-group.com\/en\/author\/carolin-zeitler\/"}]}},"_links":{"self":[{"href":"https:\/\/wimex-group.com\/en\/wp-json\/wp\/v2\/posts\/7166","targetHints":{"allow":["GET"]}}],"collection":[{"href":"https:\/\/wimex-group.com\/en\/wp-json\/wp\/v2\/posts"}],"about":[{"href":"https:\/\/wimex-group.com\/en\/wp-json\/wp\/v2\/types\/post"}],"author":[{"embeddable":true,"href":"https:\/\/wimex-group.com\/en\/wp-json\/wp\/v2\/users\/9"}],"replies":[{"embeddable":true,"href":"https:\/\/wimex-group.com\/en\/wp-json\/wp\/v2\/comments?post=7166"}],"version-history":[{"count":11,"href":"https:\/\/wimex-group.com\/en\/wp-json\/wp\/v2\/posts\/7166\/revisions"}],"predecessor-version":[{"id":7189,"href":"https:\/\/wimex-group.com\/en\/wp-json\/wp\/v2\/posts\/7166\/revisions\/7189"}],"wp:featuredmedia":[{"embeddable":true,"href":"https:\/\/wimex-group.com\/en\/wp-json\/wp\/v2\/media\/7171"}],"wp:attachment":[{"href":"https:\/\/wimex-group.com\/en\/wp-json\/wp\/v2\/media?parent=7166"}],"wp:term":[{"taxonomy":"category","embeddable":true,"href":"https:\/\/wimex-group.com\/en\/wp-json\/wp\/v2\/categories?post=7166"},{"taxonomy":"post_tag","embeddable":true,"href":"https:\/\/wimex-group.com\/en\/wp-json\/wp\/v2\/tags?post=7166"}],"curies":[{"name":"wp","href":"https:\/\/api.w.org\/{rel}","templated":true}]}}